{"id":2521,"date":"2024-09-24T22:54:31","date_gmt":"2024-09-24T22:54:31","guid":{"rendered":"https:\/\/senhorafrutta.com.br\/index.php\/2024\/09\/24\/uniao-europeia-flexibilizara-boicote-as-importacoes-de-alimentos-diz-daoud\/"},"modified":"2024-09-24T22:54:31","modified_gmt":"2024-09-24T22:54:31","slug":"uniao-europeia-flexibilizara-boicote-as-importacoes-de-alimentos-diz-daoud","status":"publish","type":"post","link":"https:\/\/senhorafrutta.com.br\/index.php\/2024\/09\/24\/uniao-europeia-flexibilizara-boicote-as-importacoes-de-alimentos-diz-daoud\/","title":{"rendered":"Uni\u00e3o Europeia flexibilizar\u00e1 boicote \u00e0s importa\u00e7\u00f5es de alimentos, diz Daoud"},"content":{"rendered":"<div>Foto: Pixabay<\/div>\n<p>O presidente Lu\u00eds In\u00e1cio Lula da Silva participou de reuni\u00e3o bilateral com a presidente da Comiss\u00e3o Europeia, Ursula von der Leyen, na segunda-feira (23). Na pauta, destaque para o acordo comercial entre o Mercosul e o bloco europeu.<\/p>\n<div class=\"wp-block-embed__wrapper\">\n<\/div>\n<p>A partir de 1 de janeiro de 2025, entra em vigor a chamada \u201cLei Antidesmatamento\u201d, imposta pela Uni\u00e3o Europeia e que pro\u00edbe a importa\u00e7\u00e3o de produtos oriundos de \u00e1reas degradadas ou desmatadas. <\/p>\n<p><em>Confira na palma da m\u00e3o informa\u00e7\u00f5es quentes sobre agricultura, pecu\u00e1ria, economia e previs\u00e3o do tempo:<\/em><a href=\"https:\/\/www.whatsapp.com\/channel\/0029Va9VnZxGk1FplZjiW43k\"><em>\u00a0<\/em><strong>siga o Canal Rural no WhatsApp<\/strong><\/a>!<\/p>\n<p>O Brasil segue atento ao impacto que isso pode gerar \u00e0 agropecu\u00e1ria nacional e pediu, no in\u00edcio deste m\u00eas, o adiamento das novas regras. Contudo, um porta-voz do bloco europeu reiterou que a lei ser\u00e1 implementada no in\u00edcio do ano que vem. <\/p>\n<p>A lei vale para soja, gado, caf\u00e9, madeira, borracha e cacau oriundos de desmatamento ap\u00f3s 2020. De acordo com o Itamaraty, o bloqueio tem o potencial de impactar mais de 30% das exporta\u00e7\u00f5es do pa\u00eds.  <\/p>\n<p>O ministro da Agricultura e Pecu\u00e1ria <strong><a href=\"https:\/\/www.gov.br\/agricultura\/pt-br\">(Mapa)<\/a><\/strong>, Carlos F\u00e1varo e outros atores do agroneg\u00f3cio brasileiro j\u00e1 <strong><a href=\"https:\/\/www.canalrural.com.br\/politica\/nao-precisam-apontar-o-dedo-e-nos-mostrar-as-diretrizes-diz-favaro-sobre-a-uniao-europeia\/\">refor\u00e7aram que a nova legisla\u00e7\u00e3o n\u00e3o leva em conta o desmatamento legal<\/a><\/strong>, previsto no C\u00f3digo Florestal brasileiro. <\/p>\n<h2 class=\"wp-block-heading\">Flexibiliza\u00e7\u00e3o do bloqueio<\/h2>\n<p>Para o comentarista do <strong><a href=\"https:\/\/www.canalrural.com.br\/\">Canal Rural<\/a><\/strong>, Miguel Daoud, a restri\u00e7\u00e3o europeia \u00e9 baseada mais em quest\u00f5es comerciais do que ambientais. <\/p>\n<p>\u201cO mundo caminha para um cen\u00e1rio muito arriscado em rela\u00e7\u00e3o ao clima [\u2026]. Os extremos clim\u00e1ticos j\u00e1 prejudicam a produ\u00e7\u00e3o de alimentos em v\u00e1rios setores n\u00e3o s\u00f3 no Brasil, o que leva a uma preocupa\u00e7\u00e3o que est\u00e1 sendo incorporada em contratos futuros de todo o mundo que \u00e9 o fen\u00f4meno econ\u00f4mico da infla\u00e7\u00e3o\u201d.<\/p>\n<p>Assim, Daoud afirma que os desafios clim\u00e1ticos t\u00eam o potencial de fazer o pre\u00e7o dos alimentos aumentar em todo o mundo. \u201cPor conta disso, essa nova imposi\u00e7\u00e3o, embargo da Uni\u00e3o Europeia talvez n\u00e3o seja t\u00e3o r\u00edgida assim porque o mundo hoje depende exatamente da produ\u00e7\u00e3o de alimentos e o Brasil desponta como um dos maiores produtores, sendo o \u00fanico pa\u00eds com condi\u00e7\u00f5es de atender grande parte da demanda at\u00e9 2050\u201d. <\/p>\n<p>Para o comentarista, fica claro que a Europa imp\u00f5e restri\u00e7\u00f5es com o objetivo de proteger os seus produtores, uma vez que n\u00e3o tem mais recursos para subsidiar a produ\u00e7\u00e3o interna. \u201cPa\u00edses como Alemanha e Fran\u00e7a, que s\u00e3o os maiores emissores de gases de efeito estufa na atmosfera, est\u00e3o passando a queimar carv\u00e3o. Ent\u00e3o \u00e9 uma incoer\u00eancia essa imposi\u00e7\u00e3o Uni\u00e3o Europeia, mas que, ao meu ver, ser\u00e1 flexibilizada em sua execu\u00e7\u00e3o diante do cen\u00e1rio que temos pela frente\u201d, finaliza Daoud.  <\/p>\n<h2 class=\"wp-block-heading\">Discurso na ONU<\/h2>\n<p>Foto: Ricardo Stuckert\/PR<\/p>\n<p>Ao abrir o debate de chefes de Estado da 79\u00aa Assembleia Geral das Na\u00e7\u00f5es Unidas (ONU), em Nova York nesta ter\u00e7a-feira (24), o presidente Luiz In\u00e1cio Lula da Silva disse que o planeta \u201cest\u00e1 farto\u201d de acordos n\u00e3o cumpridos. <\/p>\n<p>O chefe do Executivo brasileiro lembrou que o ano de 2024 caminha para ser o ano mais quente da hist\u00f3ria moderna. \u201cFura\u00e7\u00f5es no Caribe, tuf\u00f5es na \u00c1sia, secas e inunda\u00e7\u00f5es na \u00c1frica e chuvas torrenciais na Europa deixam um rastro de mortes e destrui\u00e7\u00e3o\u201d, discursou.<\/p>\n<p>Lula lembrou das enchentes no Rio Grande do Sul em maio deste ano, a maior desde o long\u00ednquo 1941. \u201cA Amazonia est\u00e1 atravessando a maior estiagem em 45 anos, inc\u00eandios florestais se alastraram pelo pa\u00eds e j\u00e1 devoram 5 milh\u00f5es de hectares apenas no m\u00eas de agosto\u201d.<\/p>\n<p>O presidente destacou em seu discurso que o planeta j\u00e1 n\u00e3o espera para cobrar da pr\u00f3xima gera\u00e7\u00e3o e est\u00e1 farto de acordos clim\u00e1ticos que n\u00e3o s\u00e3o cumpridos e est\u00e1 \u201ccansado de meta de redu\u00e7\u00e3o de carbono negligenciada, do aux\u00edlio financeiro aos pa\u00edses pobres que nunca chega\u201d.<\/p>\n<p>O post <a href=\"https:\/\/www.canalrural.com.br\/economia\/uniao-europeia-flexibilizara-boicote-as-importacoes-de-alimentos-diz-daoud\/\">Uni\u00e3o Europeia flexibilizar\u00e1 boicote \u00e0s importa\u00e7\u00f5es de alimentos, diz Daoud<\/a> apareceu primeiro em <a href=\"https:\/\/www.canalrural.com.br\/\">Canal Rural<\/a>.<\/p>","protected":false},"excerpt":{"rendered":"<p>Foto: Pixabay O presidente Lu\u00eds In\u00e1cio Lula da Silva participou de reuni\u00e3o bilateral com a presidente da Comiss\u00e3o Europeia, Ursula von der Leyen, na segunda-feira (23). Na pauta, destaque para o acordo comercial entre o Mercosul e o bloco europeu. A partir de 1 de janeiro de 2025, entra em vigor a chamada \u201cLei Antidesmatamento\u201d, imposta pela Uni\u00e3o Europeia e que pro\u00edbe a importa\u00e7\u00e3o de produtos oriundos de \u00e1reas degradadas ou desmatadas. Confira na palma da m\u00e3o informa\u00e7\u00f5es quentes sobre agricultura, pecu\u00e1ria, economia e previs\u00e3o do tempo:\u00a0siga o Canal Rural no WhatsApp! O Brasil segue atento ao impacto que isso pode gerar \u00e0 agropecu\u00e1ria nacional e pediu, no in\u00edcio deste m\u00eas, o adiamento das novas regras. Contudo, um porta-voz do bloco europeu reiterou que a lei ser\u00e1 implementada no in\u00edcio do ano que vem. A lei vale para soja, gado, caf\u00e9, madeira, borracha e cacau oriundos de desmatamento ap\u00f3s 2020. De acordo com o Itamaraty, o bloqueio tem o potencial de impactar mais de 30% das exporta\u00e7\u00f5es do pa\u00eds. O ministro da Agricultura e Pecu\u00e1ria (Mapa), Carlos F\u00e1varo e outros atores do agroneg\u00f3cio brasileiro j\u00e1 refor\u00e7aram que a nova legisla\u00e7\u00e3o n\u00e3o leva em conta o desmatamento legal, previsto no C\u00f3digo Florestal brasileiro. Flexibiliza\u00e7\u00e3o do bloqueio Para o comentarista do Canal Rural, Miguel Daoud, a restri\u00e7\u00e3o europeia \u00e9 baseada mais em quest\u00f5es comerciais do que ambientais. \u201cO mundo caminha para um cen\u00e1rio muito arriscado em rela\u00e7\u00e3o ao clima [\u2026]. Os extremos clim\u00e1ticos j\u00e1 prejudicam a produ\u00e7\u00e3o de alimentos em v\u00e1rios setores n\u00e3o s\u00f3 no Brasil, o que leva a uma preocupa\u00e7\u00e3o que est\u00e1 sendo incorporada em contratos futuros de todo o mundo que \u00e9 o fen\u00f4meno econ\u00f4mico da infla\u00e7\u00e3o\u201d. Assim, Daoud afirma que os desafios clim\u00e1ticos t\u00eam o potencial de fazer o pre\u00e7o dos alimentos aumentar em todo o mundo. \u201cPor conta disso, essa nova imposi\u00e7\u00e3o, embargo da Uni\u00e3o Europeia talvez n\u00e3o seja t\u00e3o r\u00edgida assim porque o mundo hoje depende exatamente da produ\u00e7\u00e3o de alimentos e o Brasil desponta como um dos maiores produtores, sendo o \u00fanico pa\u00eds com condi\u00e7\u00f5es de atender grande parte da demanda at\u00e9 2050\u201d. Para o comentarista, fica claro que a Europa imp\u00f5e restri\u00e7\u00f5es com o objetivo de proteger os seus produtores, uma vez que n\u00e3o tem mais recursos para subsidiar a produ\u00e7\u00e3o interna. \u201cPa\u00edses como Alemanha e Fran\u00e7a, que s\u00e3o os maiores emissores de gases de efeito estufa na atmosfera, est\u00e3o passando a queimar carv\u00e3o. Ent\u00e3o \u00e9 uma incoer\u00eancia essa imposi\u00e7\u00e3o Uni\u00e3o Europeia, mas que, ao meu ver, ser\u00e1 flexibilizada em sua execu\u00e7\u00e3o diante do cen\u00e1rio que temos pela frente\u201d, finaliza Daoud. Discurso na ONU Foto: Ricardo Stuckert\/PR Ao abrir o debate de chefes de Estado da 79\u00aa Assembleia Geral das Na\u00e7\u00f5es Unidas (ONU), em Nova York nesta ter\u00e7a-feira (24), o presidente Luiz In\u00e1cio Lula da Silva disse que o planeta \u201cest\u00e1 farto\u201d de acordos n\u00e3o cumpridos. O chefe do Executivo brasileiro lembrou que o ano de 2024 caminha para ser o ano mais quente da hist\u00f3ria moderna. \u201cFura\u00e7\u00f5es no Caribe, tuf\u00f5es na \u00c1sia, secas e inunda\u00e7\u00f5es na \u00c1frica e chuvas torrenciais na Europa deixam um rastro de mortes e destrui\u00e7\u00e3o\u201d, discursou. Lula lembrou das enchentes no Rio Grande do Sul em maio deste ano, a maior desde o long\u00ednquo 1941. \u201cA Amazonia est\u00e1 atravessando a maior estiagem em 45 anos, inc\u00eandios florestais se alastraram pelo pa\u00eds e j\u00e1 devoram 5 milh\u00f5es de hectares apenas no m\u00eas de agosto\u201d. O presidente destacou em seu discurso que o planeta j\u00e1 n\u00e3o espera para cobrar da pr\u00f3xima gera\u00e7\u00e3o e est\u00e1 farto de acordos clim\u00e1ticos que n\u00e3o s\u00e3o cumpridos e est\u00e1 \u201ccansado de meta de redu\u00e7\u00e3o de carbono negligenciada, do aux\u00edlio financeiro aos pa\u00edses pobres que nunca chega\u201d. O post Uni\u00e3o Europeia flexibilizar\u00e1 boicote \u00e0s importa\u00e7\u00f5es de alimentos, diz Daoud apareceu primeiro em Canal Rural.<\/p>\n","protected":false},"author":0,"featured_media":2522,"comment_status":"open","ping_status":"open","sticky":false,"template":"","format":"standard","meta":{"_monsterinsights_skip_tracking":false,"_monsterinsights_sitenote_active":false,"_monsterinsights_sitenote_note":"","_monsterinsights_sitenote_category":0,"footnotes":""},"categories":[1],"tags":[],"class_list":["post-2521","post","type-post","status-publish","format-standard","has-post-thumbnail","hentry","category-agronegocio"],"_links":{"self":[{"href":"https:\/\/senhorafrutta.com.br\/index.php\/wp-json\/wp\/v2\/posts\/2521","targetHints":{"allow":["GET"]}}],"collection":[{"href":"https:\/\/senhorafrutta.com.br\/index.php\/wp-json\/wp\/v2\/posts"}],"about":[{"href":"https:\/\/senhorafrutta.com.br\/index.php\/wp-json\/wp\/v2\/types\/post"}],"replies":[{"embeddable":true,"href":"https:\/\/senhorafrutta.com.br\/index.php\/wp-json\/wp\/v2\/comments?post=2521"}],"version-history":[{"count":0,"href":"https:\/\/senhorafrutta.com.br\/index.php\/wp-json\/wp\/v2\/posts\/2521\/revisions"}],"wp:featuredmedia":[{"embeddable":true,"href":"https:\/\/senhorafrutta.com.br\/index.php\/wp-json\/wp\/v2\/media\/2522"}],"wp:attachment":[{"href":"https:\/\/senhorafrutta.com.br\/index.php\/wp-json\/wp\/v2\/media?parent=2521"}],"wp:term":[{"taxonomy":"category","embeddable":true,"href":"https:\/\/senhorafrutta.com.br\/index.php\/wp-json\/wp\/v2\/categories?post=2521"},{"taxonomy":"post_tag","embeddable":true,"href":"https:\/\/senhorafrutta.com.br\/index.php\/wp-json\/wp\/v2\/tags?post=2521"}],"curies":[{"name":"wp","href":"https:\/\/api.w.org\/{rel}","templated":true}]}}