{"id":2489,"date":"2024-09-24T20:49:09","date_gmt":"2024-09-24T20:49:09","guid":{"rendered":"https:\/\/senhorafrutta.com.br\/index.php\/2024\/09\/24\/agricultores-atingidos-pela-seca-em-mg-receberao-12-a-mais-de-recursos\/"},"modified":"2024-09-24T20:49:09","modified_gmt":"2024-09-24T20:49:09","slug":"agricultores-atingidos-pela-seca-em-mg-receberao-12-a-mais-de-recursos","status":"publish","type":"post","link":"https:\/\/senhorafrutta.com.br\/index.php\/2024\/09\/24\/agricultores-atingidos-pela-seca-em-mg-receberao-12-a-mais-de-recursos\/","title":{"rendered":"Agricultores atingidos pela seca em MG receber\u00e3o 12% a mais de recursos"},"content":{"rendered":"<div>Foto: Pixabay<\/div>\n<p>O Governo de Minas Gerais repassou mais de R$ 5,7 milh\u00f5es ao Fundo Garantia-Safra 2023\/2024, aumento de aproximadamente <strong>12%<\/strong> em rela\u00e7\u00e3o \u00e0 transfer\u00eancia feita na temporada anterior. <\/p>\n<p>O aumento do aporte estadual ampliou em 11% o n\u00famero de produtores beneficiados, chegando a aproximadamente 40 mil.<\/p>\n<p>Assim, os recursos chegam a fam\u00edlias como a de Maria Eni dos Reis Brant, da comunidade de Ribeir\u00e3ozinho, no munic\u00edpio de Padre Carvalho, no Norte de Minas, que enfrenta perda sistem\u00e1tica das suas lavouras de feij\u00e3o, milho e mandioca em fun\u00e7\u00e3o da seca.<\/p>\n<p>Ela conta que o pouco que planta para subsist\u00eancia \u00e9 sempre perdido pela falta de chuva. \u201cA gente trabalha mais do que produz. Este ano mesmo, colhemos s\u00f3 um pouco de milho. O resto, perdemos tudo\u201d, lamenta.<\/p>\n<p>Segundo a produtora, com o Garantia-Safra \u00e9 poss\u00edvel cobrir a ra\u00e7\u00e3o para as galinhas, algo para as vacas. <\/p>\n<h2 class=\"wp-block-heading\">Programa Garantia-Safra<\/h2>\n<p>Foto: Tomaz Silva\/Ag\u00eancia Brasil<\/p>\n<p>O Programa Garantia-Safra \u00e9 executado com recursos da Uni\u00e3o, em parceria com os estados, as prefeituras e os pr\u00f3prios agricultores familiares, onde cada um deles paga uma quota-parte ao fundo do programa. <\/p>\n<p>Na safra 2023\/2024, o recurso poder\u00e1 servir de aux\u00edlio a at\u00e9 39.730 agricultores familiares de 110 munic\u00edpios do semi\u00e1rido mineiro, em situa\u00e7\u00e3o de vulnerabilidade devido \u00e0s <strong><a href=\"https:\/\/www.canalrural.com.br\/?s=clima\">dificuldades clim\u00e1ticas.<\/a><\/strong><\/p>\n<p>O benef\u00edcio anual de R$ 1,2 mil \u00e9 pago aos agricultores dos munic\u00edpios que comprovem perdas de <strong>50%<\/strong> ou mais das culturas cobertas pelo programa em raz\u00e3o de secas ou chuvas em excesso. <\/p>\n<p>Em Minas Gerais, a gest\u00e3o do programa \u00e9 da Secretaria de Estado de Agricultura, Pecu\u00e1ria e Abastecimento (Seapa), com a coordena\u00e7\u00e3o e execu\u00e7\u00e3o da Empresa de Assist\u00eancia T\u00e9cnica e Extens\u00e3o Rural do Estado de Minas Gerais <strong><a href=\"https:\/\/www.emater.mg.gov.br\/\">(Emater-MG)<\/a><\/strong>.<\/p>\n<p>\u201cAo efetuar o pagamento da parte que cabe ao estado, o Governo de Minas garante a seguran\u00e7a alimentar desses agricultores em um momento de preju\u00edzos. O recurso assegura as condi\u00e7\u00f5es m\u00ednimas de sobreviv\u00eancia e a continuidade da atividade que desenvolvem na propriedade rural\u201d, avalia o secret\u00e1rio de Agricultura, Pecu\u00e1ria e Abastecimento, Thales Fernandes.<\/p>\n<h2 class=\"wp-block-heading\">Agricultores que t\u00eam direito<\/h2>\n<p>O Programa Garantia-Safra est\u00e1 dispon\u00edvel para agricultores familiares que residem na regi\u00e3o de atua\u00e7\u00e3o da Superintend\u00eancia do Desenvolvimento do Nordeste (Sudene). <\/p>\n<p>\u00c9 preciso estar inscrito no Cadastro da Agricultura Familiar (CAF) ou com Declara\u00e7\u00e3o de Aptid\u00e3o ao Pronaf (DAP) ativa, com renda familiar mensal de, no m\u00e1ximo, 1,5 sal\u00e1rio m\u00ednimo, e com planta\u00e7\u00e3o entre 0,6 a 5 hectares de feij\u00e3o, milho, arroz, algod\u00e3o ou mandioca.<\/p>\n<p>O post <a href=\"https:\/\/www.canalrural.com.br\/agricultura\/agricultores-atingidos-pela-seca-em-mg-receberao-12-a-mais-de-recursos\/\">Agricultores atingidos pela seca em MG receber\u00e3o 12% a mais de recursos<\/a> apareceu primeiro em <a href=\"https:\/\/www.canalrural.com.br\/\">Canal Rural<\/a>.<\/p>","protected":false},"excerpt":{"rendered":"<p>Foto: Pixabay O Governo de Minas Gerais repassou mais de R$ 5,7 milh\u00f5es ao Fundo Garantia-Safra 2023\/2024, aumento de aproximadamente 12% em rela\u00e7\u00e3o \u00e0 transfer\u00eancia feita na temporada anterior. O aumento do aporte estadual ampliou em 11% o n\u00famero de produtores beneficiados, chegando a aproximadamente 40 mil. Assim, os recursos chegam a fam\u00edlias como a de Maria Eni dos Reis Brant, da comunidade de Ribeir\u00e3ozinho, no munic\u00edpio de Padre Carvalho, no Norte de Minas, que enfrenta perda sistem\u00e1tica das suas lavouras de feij\u00e3o, milho e mandioca em fun\u00e7\u00e3o da seca. Ela conta que o pouco que planta para subsist\u00eancia \u00e9 sempre perdido pela falta de chuva. \u201cA gente trabalha mais do que produz. Este ano mesmo, colhemos s\u00f3 um pouco de milho. O resto, perdemos tudo\u201d, lamenta. Segundo a produtora, com o Garantia-Safra \u00e9 poss\u00edvel cobrir a ra\u00e7\u00e3o para as galinhas, algo para as vacas. Programa Garantia-Safra Foto: Tomaz Silva\/Ag\u00eancia Brasil O Programa Garantia-Safra \u00e9 executado com recursos da Uni\u00e3o, em parceria com os estados, as prefeituras e os pr\u00f3prios agricultores familiares, onde cada um deles paga uma quota-parte ao fundo do programa. Na safra 2023\/2024, o recurso poder\u00e1 servir de aux\u00edlio a at\u00e9 39.730 agricultores familiares de 110 munic\u00edpios do semi\u00e1rido mineiro, em situa\u00e7\u00e3o de vulnerabilidade devido \u00e0s dificuldades clim\u00e1ticas. O benef\u00edcio anual de R$ 1,2 mil \u00e9 pago aos agricultores dos munic\u00edpios que comprovem perdas de 50% ou mais das culturas cobertas pelo programa em raz\u00e3o de secas ou chuvas em excesso. Em Minas Gerais, a gest\u00e3o do programa \u00e9 da Secretaria de Estado de Agricultura, Pecu\u00e1ria e Abastecimento (Seapa), com a coordena\u00e7\u00e3o e execu\u00e7\u00e3o da Empresa de Assist\u00eancia T\u00e9cnica e Extens\u00e3o Rural do Estado de Minas Gerais (Emater-MG). \u201cAo efetuar o pagamento da parte que cabe ao estado, o Governo de Minas garante a seguran\u00e7a alimentar desses agricultores em um momento de preju\u00edzos. O recurso assegura as condi\u00e7\u00f5es m\u00ednimas de sobreviv\u00eancia e a continuidade da atividade que desenvolvem na propriedade rural\u201d, avalia o secret\u00e1rio de Agricultura, Pecu\u00e1ria e Abastecimento, Thales Fernandes. Agricultores que t\u00eam direito O Programa Garantia-Safra est\u00e1 dispon\u00edvel para agricultores familiares que residem na regi\u00e3o de atua\u00e7\u00e3o da Superintend\u00eancia do Desenvolvimento do Nordeste (Sudene). \u00c9 preciso estar inscrito no Cadastro da Agricultura Familiar (CAF) ou com Declara\u00e7\u00e3o de Aptid\u00e3o ao Pronaf (DAP) ativa, com renda familiar mensal de, no m\u00e1ximo, 1,5 sal\u00e1rio m\u00ednimo, e com planta\u00e7\u00e3o entre 0,6 a 5 hectares de feij\u00e3o, milho, arroz, algod\u00e3o ou mandioca. O post Agricultores atingidos pela seca em MG receber\u00e3o 12% a mais de recursos apareceu primeiro em Canal Rural.<\/p>\n","protected":false},"author":0,"featured_media":2490,"comment_status":"open","ping_status":"open","sticky":false,"template":"","format":"standard","meta":{"_monsterinsights_skip_tracking":false,"_monsterinsights_sitenote_active":false,"_monsterinsights_sitenote_note":"","_monsterinsights_sitenote_category":0,"footnotes":""},"categories":[1],"tags":[],"class_list":["post-2489","post","type-post","status-publish","format-standard","has-post-thumbnail","hentry","category-agronegocio"],"_links":{"self":[{"href":"https:\/\/senhorafrutta.com.br\/index.php\/wp-json\/wp\/v2\/posts\/2489","targetHints":{"allow":["GET"]}}],"collection":[{"href":"https:\/\/senhorafrutta.com.br\/index.php\/wp-json\/wp\/v2\/posts"}],"about":[{"href":"https:\/\/senhorafrutta.com.br\/index.php\/wp-json\/wp\/v2\/types\/post"}],"replies":[{"embeddable":true,"href":"https:\/\/senhorafrutta.com.br\/index.php\/wp-json\/wp\/v2\/comments?post=2489"}],"version-history":[{"count":0,"href":"https:\/\/senhorafrutta.com.br\/index.php\/wp-json\/wp\/v2\/posts\/2489\/revisions"}],"wp:featuredmedia":[{"embeddable":true,"href":"https:\/\/senhorafrutta.com.br\/index.php\/wp-json\/wp\/v2\/media\/2490"}],"wp:attachment":[{"href":"https:\/\/senhorafrutta.com.br\/index.php\/wp-json\/wp\/v2\/media?parent=2489"}],"wp:term":[{"taxonomy":"category","embeddable":true,"href":"https:\/\/senhorafrutta.com.br\/index.php\/wp-json\/wp\/v2\/categories?post=2489"},{"taxonomy":"post_tag","embeddable":true,"href":"https:\/\/senhorafrutta.com.br\/index.php\/wp-json\/wp\/v2\/tags?post=2489"}],"curies":[{"name":"wp","href":"https:\/\/api.w.org\/{rel}","templated":true}]}}