{"id":2471,"date":"2024-09-23T21:08:19","date_gmt":"2024-09-23T21:08:19","guid":{"rendered":"https:\/\/senhorafrutta.com.br\/index.php\/2024\/09\/23\/incendios-e-seca-na-amazonia-e-no-pantanal-batem-marcas-historicas\/"},"modified":"2024-09-23T21:08:19","modified_gmt":"2024-09-23T21:08:19","slug":"incendios-e-seca-na-amazonia-e-no-pantanal-batem-marcas-historicas","status":"publish","type":"post","link":"https:\/\/senhorafrutta.com.br\/index.php\/2024\/09\/23\/incendios-e-seca-na-amazonia-e-no-pantanal-batem-marcas-historicas\/","title":{"rendered":"Inc\u00eandios e seca na Amaz\u00f4nia e no Pantanal batem marcas hist\u00f3ricas"},"content":{"rendered":"<div>Foto: Divulga\u00e7\u00e3o\/Governo do AM<\/div>\n<p>Os focos de inc\u00eandio e a seca que atingem h\u00e1 mais de dois meses o Pantanal e a Amaz\u00f4nia j\u00e1 podem ser considerados os maiores das s\u00e9ries hist\u00f3ricas. <\/p>\n<p>Alguns estados da Amaz\u00f4nia Legal concentram mais de <strong>80%<\/strong> de todos os focos de inc\u00eandios ocorridos no Brasil nas \u00faltimas 24 horas. Os dados s\u00e3o do Instituto Nacional de Pesquisas Espaciais (Inpe) e se referem aos estados do Acre, Amazonas, Maranh\u00e3o, de Mato Grosso, do Par\u00e1 e de Rond\u00f4nia.<\/p>\n<p><em>Confira na palma da m\u00e3o informa\u00e7\u00f5es quentes sobre agricultura, pecu\u00e1ria, economia e previs\u00e3o do tempo:<\/em><a href=\"https:\/\/whatsapp.com\/channel\/0029Va9VnZxGk1FplZjiW43k\"><em>\u00a0<\/em><strong><em>siga o Canal Rural no WhatsApp!<\/em><\/strong><\/a><\/p>\n<p>Segundo o Inpe, em setembro, at\u00e9 o dia de ontem (22), o estado do Amazonas registrava 6.054 focos de inc\u00eandio, totalizando, de janeiro at\u00e9 agora, 21.289 focos de inc\u00eandio. Desde 1988, quando come\u00e7aram os registros, o recorde era o ano de 2022, com 21.217 focos registrados durante todo o ano.<\/p>\n<h2 class=\"wp-block-heading\">Acre ingressou com a\u00e7\u00e3o civil p\u00fablica<\/h2>\n<p>No Acre, desde o in\u00edcio de setembro, foram registrados mais de 3 mil focos de inc\u00eandio. O grande volume fez com que o Minist\u00e9rio P\u00fablico <strong><a href=\"https:\/\/www.mpac.mp.br\/\">(MP)<\/a><\/strong> do Acre entrasse na \u00faltima sexta-feira (20) com a\u00e7\u00e3o civil p\u00fablica pedindo que o Estado adote medidas efetivas para combater os inc\u00eandios no territ\u00f3rio.<\/p>\n<p>Entre as medidas propostas pelo MP, est\u00e3o:<\/p>\n<p>Deflagra\u00e7\u00e3o de for\u00e7a-tarefa em 5 dias para a\u00e7\u00f5es de combate a inc\u00eandios; <\/p>\n<p>Proibi\u00e7\u00e3o imediata do uso do fogo na <strong><a href=\"https:\/\/www.canalrural.com.br\/agricultura\/\">agricultura<\/a><\/strong> at\u00e9 o fim da tramita\u00e7\u00e3o da a\u00e7\u00e3o;<\/p>\n<p>Aparelhamento imediato das equipes de combate a inc\u00eandios com equipamentos adequados e capacita\u00e7\u00e3o cont\u00ednua; <\/p>\n<p>Autoriza\u00e7\u00e3o para loca\u00e7\u00e3o emergencial de maquin\u00e1rio para combate a inc\u00eandios; <\/p>\n<p>Convoca\u00e7\u00e3o imediata dos aprovados no concurso p\u00fablico para soldados do Corpo de Bombeiros; <\/p>\n<p>Embargo ambiental imediato de im\u00f3veis com desmatamento ilegal, bloqueio de cadastros ambientais e investiga\u00e7\u00e3o administrativa e absten\u00e7\u00e3o de regulariza\u00e7\u00e3o fundi\u00e1ria de im\u00f3veis com desmatamento ilegal.<\/p>\n<h2 class=\"wp-block-heading\">Combate a inc\u00eandios em Mato Grosso<\/h2>\n<p>Em Mato Grosso, os brigadistas combateram mais de 50 focos de inc\u00eandio, apenas neste domingo (22). O estado, que abriga os biomas Amaz\u00f4nia, Cerrado e Pantanal, passa por uma situa\u00e7\u00e3o cr\u00edtica, com o fogo atingindo v\u00e1rias terras ind\u00edgenas.<\/p>\n<p>Em diversos estados dos biomas Pantanal e Amaz\u00f4nia, os rios tamb\u00e9m passam por seca intensa, e v\u00e1rios atingiram volumes menores que os m\u00ednimos hist\u00f3ricos registrados.<\/p>\n<p>Dados do Inpe mostram que o n\u00famero de dias de estiagem consecutivos aumentou no Brasil nas \u00faltimas d\u00e9cadas, passando de 80 a 85 dias, em m\u00e9dia, na d\u00e9cada de 1990 para cerca de 100 dias, na \u00faltima d\u00e9cada, especialmente nas \u00e1reas que abrangem o norte da Regi\u00e3o Nordeste e o centro do pa\u00eds.<\/p>\n<p>No s\u00e1bado (21), o Rio Paraguai, no trecho de C\u00e1ceres, a 250 quil\u00f4metros de Cuiab\u00e1, atingiu 35 cm de profundidade, o n\u00edvel mais baixo de \u00e1gua dos \u00faltimos dois anos. De acordo com o Centro de Hidrografia e Navega\u00e7\u00e3o do Oeste, da Marinha do Brasil, o n\u00edvel esperado para esta \u00e9poca do ano \u00e9 de 1,54 metro (m).<\/p>\n<p>\u201cNo bra\u00e7o direito do Amazonas e do Pantanal temos v\u00e1rios pontos que j\u00e1 atingiram seca extrema e tamb\u00e9m m\u00ednima hist\u00f3rica. O Rio Acre, na cidade de Rio Branco, j\u00e1 atingiu a m\u00ednima hist\u00f3rica\u201d, disse \u00e0 Ag\u00eancia Brasil o coordenador do Sistema de Alerta Hidrol\u00f3gico do Servi\u00e7o Geol\u00f3gico Brasileiro (SGB), Artur Matos.<\/p>\n<h2 class=\"wp-block-heading\">N\u00edvel dos rios<\/h2>\n<p>Dados do SGB mostram que, com descidas di\u00e1rias de 24 cent\u00edmetros, o Rio Negro chegou, nesta segunda-feira (23) em Manaus, \u00e0 marca de 14,5 m, o que reafirma a situa\u00e7\u00e3o de seca. Em Manacapuru, pr\u00f3ximo a Manaus, O Rio Solim\u00f5es atingiu a cota de 4,29 m, configurando situa\u00e7\u00e3o de seca extrema.<\/p>\n<p>Em Tabatinga, o Rio Javari registrou cota negativa de 17,1 cm. No Amazonas, em Manacapuru, cortada pelo Rio Solim\u00f5es, a situa\u00e7\u00e3o \u00e9 de seca. J\u00e1 nos munic\u00edpios de Itap\u00e9ua, cortado pelos rios Solim\u00f5es e Coari; Itaituba, margeado pelo rio de mesmo nome e Fonte Boa, cortado pelo Rio Solim\u00f5es, os n\u00edveis dos rios j\u00e1 atingiram o menor n\u00edvel hist\u00f3rico.<\/p>\n<p>\u201cManacapuru e Manaus t\u00eam grandes chances de atingir m\u00ednima hist\u00f3rica. Humait\u00e1, que fica depois de Porto Velho, est\u00e1 em seca extrema e atingindo a m\u00ednima hist\u00f3rica\u201d, continuou Matos.<\/p>\n<p>Nesta segunda-feira, a cota do Rio Madeira, em Porto Velho, atingiu 35 cm, o menor n\u00edvel hist\u00f3rico, desde 1967. Em Ji-Paran\u00e1, o Rio Ji-Paran\u00e1 atingiu a 6,08 m, situa\u00e7\u00e3o de seca extrema.<\/p>\n<p>No Rio Acre, que corta a capital acriana, Rio Branco, a cota registrada foi de 1,31 m, pr\u00f3ximo da marca m\u00ednima hist\u00f3rica de 1,24 m, registrada em 2022.<\/p>\n<p>De acordo com o SGB, no Pantanal, os rios seguem em ritmo de descida e est\u00e3o abaixo da faixa da normalidade na maioria das esta\u00e7\u00f5es. Em Lad\u00e1rio, Mato Grosso do Sul \u2013 esta\u00e7\u00e3o de refer\u00eancia \u2013 a cota chegou a -38 cm, d\u00e9cima m\u00ednima hist\u00f3rica. Os n\u00edveis mais baixos, de -61 cm e -60 cm, foram observados em 1964 e 2021, respectivamente.<\/p>\n<p>\u201cNo Pantanal, tem Barra do Bugres, que tamb\u00e9m j\u00e1 atingiu a m\u00ednima hist\u00f3rica e a Esta\u00e7\u00e3o de Lad\u00e1rio, que \u00e9 a mais antiga do Brasil e refer\u00eancia do Pantanal, com 124 anos de dados hist\u00f3ricos, ainda n\u00e3o atingiu o m\u00ednimo hist\u00f3rico, mas faltam aproximadamente 20 cm para atingir a m\u00ednima hist\u00f3rica\u201d, lamentou Matos.<\/p>\n<p>O post <a href=\"https:\/\/www.canalrural.com.br\/nacional\/incendios-e-seca-na-amazonia-e-no-pantanal-batem-marcas-historicas\/\">Inc\u00eandios e seca na Amaz\u00f4nia e no Pantanal batem marcas hist\u00f3ricas<\/a> apareceu primeiro em <a href=\"https:\/\/www.canalrural.com.br\/\">Canal Rural<\/a>.<\/p>","protected":false},"excerpt":{"rendered":"<p>Foto: Divulga\u00e7\u00e3o\/Governo do AM Os focos de inc\u00eandio e a seca que atingem h\u00e1 mais de dois meses o Pantanal e a Amaz\u00f4nia j\u00e1 podem ser considerados os maiores das s\u00e9ries hist\u00f3ricas. Alguns estados da Amaz\u00f4nia Legal concentram mais de 80% de todos os focos de inc\u00eandios ocorridos no Brasil nas \u00faltimas 24 horas. Os dados s\u00e3o do Instituto Nacional de Pesquisas Espaciais (Inpe) e se referem aos estados do Acre, Amazonas, Maranh\u00e3o, de Mato Grosso, do Par\u00e1 e de Rond\u00f4nia. Confira na palma da m\u00e3o informa\u00e7\u00f5es quentes sobre agricultura, pecu\u00e1ria, economia e previs\u00e3o do tempo:\u00a0siga o Canal Rural no WhatsApp! Segundo o Inpe, em setembro, at\u00e9 o dia de ontem (22), o estado do Amazonas registrava 6.054 focos de inc\u00eandio, totalizando, de janeiro at\u00e9 agora, 21.289 focos de inc\u00eandio. Desde 1988, quando come\u00e7aram os registros, o recorde era o ano de 2022, com 21.217 focos registrados durante todo o ano. Acre ingressou com a\u00e7\u00e3o civil p\u00fablica No Acre, desde o in\u00edcio de setembro, foram registrados mais de 3 mil focos de inc\u00eandio. O grande volume fez com que o Minist\u00e9rio P\u00fablico (MP) do Acre entrasse na \u00faltima sexta-feira (20) com a\u00e7\u00e3o civil p\u00fablica pedindo que o Estado adote medidas efetivas para combater os inc\u00eandios no territ\u00f3rio. Entre as medidas propostas pelo MP, est\u00e3o: Deflagra\u00e7\u00e3o de for\u00e7a-tarefa em 5 dias para a\u00e7\u00f5es de combate a inc\u00eandios; Proibi\u00e7\u00e3o imediata do uso do fogo na agricultura at\u00e9 o fim da tramita\u00e7\u00e3o da a\u00e7\u00e3o; Aparelhamento imediato das equipes de combate a inc\u00eandios com equipamentos adequados e capacita\u00e7\u00e3o cont\u00ednua; Autoriza\u00e7\u00e3o para loca\u00e7\u00e3o emergencial de maquin\u00e1rio para combate a inc\u00eandios; Convoca\u00e7\u00e3o imediata dos aprovados no concurso p\u00fablico para soldados do Corpo de Bombeiros; Embargo ambiental imediato de im\u00f3veis com desmatamento ilegal, bloqueio de cadastros ambientais e investiga\u00e7\u00e3o administrativa e absten\u00e7\u00e3o de regulariza\u00e7\u00e3o fundi\u00e1ria de im\u00f3veis com desmatamento ilegal. Combate a inc\u00eandios em Mato Grosso Em Mato Grosso, os brigadistas combateram mais de 50 focos de inc\u00eandio, apenas neste domingo (22). O estado, que abriga os biomas Amaz\u00f4nia, Cerrado e Pantanal, passa por uma situa\u00e7\u00e3o cr\u00edtica, com o fogo atingindo v\u00e1rias terras ind\u00edgenas. Em diversos estados dos biomas Pantanal e Amaz\u00f4nia, os rios tamb\u00e9m passam por seca intensa, e v\u00e1rios atingiram volumes menores que os m\u00ednimos hist\u00f3ricos registrados. Dados do Inpe mostram que o n\u00famero de dias de estiagem consecutivos aumentou no Brasil nas \u00faltimas d\u00e9cadas, passando de 80 a 85 dias, em m\u00e9dia, na d\u00e9cada de 1990 para cerca de 100 dias, na \u00faltima d\u00e9cada, especialmente nas \u00e1reas que abrangem o norte da Regi\u00e3o Nordeste e o centro do pa\u00eds. No s\u00e1bado (21), o Rio Paraguai, no trecho de C\u00e1ceres, a 250 quil\u00f4metros de Cuiab\u00e1, atingiu 35 cm de profundidade, o n\u00edvel mais baixo de \u00e1gua dos \u00faltimos dois anos. De acordo com o Centro de Hidrografia e Navega\u00e7\u00e3o do Oeste, da Marinha do Brasil, o n\u00edvel esperado para esta \u00e9poca do ano \u00e9 de 1,54 metro (m). \u201cNo bra\u00e7o direito do Amazonas e do Pantanal temos v\u00e1rios pontos que j\u00e1 atingiram seca extrema e tamb\u00e9m m\u00ednima hist\u00f3rica. O Rio Acre, na cidade de Rio Branco, j\u00e1 atingiu a m\u00ednima hist\u00f3rica\u201d, disse \u00e0 Ag\u00eancia Brasil o coordenador do Sistema de Alerta Hidrol\u00f3gico do Servi\u00e7o Geol\u00f3gico Brasileiro (SGB), Artur Matos. N\u00edvel dos rios Dados do SGB mostram que, com descidas di\u00e1rias de 24 cent\u00edmetros, o Rio Negro chegou, nesta segunda-feira (23) em Manaus, \u00e0 marca de 14,5 m, o que reafirma a situa\u00e7\u00e3o de seca. Em Manacapuru, pr\u00f3ximo a Manaus, O Rio Solim\u00f5es atingiu a cota de 4,29 m, configurando situa\u00e7\u00e3o de seca extrema. Em Tabatinga, o Rio Javari registrou cota negativa de 17,1 cm. No Amazonas, em Manacapuru, cortada pelo Rio Solim\u00f5es, a situa\u00e7\u00e3o \u00e9 de seca. J\u00e1 nos munic\u00edpios de Itap\u00e9ua, cortado pelos rios Solim\u00f5es e Coari; Itaituba, margeado pelo rio de mesmo nome e Fonte Boa, cortado pelo Rio Solim\u00f5es, os n\u00edveis dos rios j\u00e1 atingiram o menor n\u00edvel hist\u00f3rico. \u201cManacapuru e Manaus t\u00eam grandes chances de atingir m\u00ednima hist\u00f3rica. Humait\u00e1, que fica depois de Porto Velho, est\u00e1 em seca extrema e atingindo a m\u00ednima hist\u00f3rica\u201d, continuou Matos. Nesta segunda-feira, a cota do Rio Madeira, em Porto Velho, atingiu 35 cm, o menor n\u00edvel hist\u00f3rico, desde 1967. Em Ji-Paran\u00e1, o Rio Ji-Paran\u00e1 atingiu a 6,08 m, situa\u00e7\u00e3o de seca extrema. No Rio Acre, que corta a capital acriana, Rio Branco, a cota registrada foi de 1,31 m, pr\u00f3ximo da marca m\u00ednima hist\u00f3rica de 1,24 m, registrada em 2022. De acordo com o SGB, no Pantanal, os rios seguem em ritmo de descida e est\u00e3o abaixo da faixa da normalidade na maioria das esta\u00e7\u00f5es. Em Lad\u00e1rio, Mato Grosso do Sul \u2013 esta\u00e7\u00e3o de refer\u00eancia \u2013 a cota chegou a -38 cm, d\u00e9cima m\u00ednima hist\u00f3rica. Os n\u00edveis mais baixos, de -61 cm e -60 cm, foram observados em 1964 e 2021, respectivamente. \u201cNo Pantanal, tem Barra do Bugres, que tamb\u00e9m j\u00e1 atingiu a m\u00ednima hist\u00f3rica e a Esta\u00e7\u00e3o de Lad\u00e1rio, que \u00e9 a mais antiga do Brasil e refer\u00eancia do Pantanal, com 124 anos de dados hist\u00f3ricos, ainda n\u00e3o atingiu o m\u00ednimo hist\u00f3rico, mas faltam aproximadamente 20 cm para atingir a m\u00ednima hist\u00f3rica\u201d, lamentou Matos. O post Inc\u00eandios e seca na Amaz\u00f4nia e no Pantanal batem marcas hist\u00f3ricas apareceu primeiro em Canal Rural.<\/p>\n","protected":false},"author":0,"featured_media":2472,"comment_status":"open","ping_status":"open","sticky":false,"template":"","format":"standard","meta":{"_monsterinsights_skip_tracking":false,"_monsterinsights_sitenote_active":false,"_monsterinsights_sitenote_note":"","_monsterinsights_sitenote_category":0,"footnotes":""},"categories":[1],"tags":[],"class_list":["post-2471","post","type-post","status-publish","format-standard","has-post-thumbnail","hentry","category-agronegocio"],"_links":{"self":[{"href":"https:\/\/senhorafrutta.com.br\/index.php\/wp-json\/wp\/v2\/posts\/2471","targetHints":{"allow":["GET"]}}],"collection":[{"href":"https:\/\/senhorafrutta.com.br\/index.php\/wp-json\/wp\/v2\/posts"}],"about":[{"href":"https:\/\/senhorafrutta.com.br\/index.php\/wp-json\/wp\/v2\/types\/post"}],"replies":[{"embeddable":true,"href":"https:\/\/senhorafrutta.com.br\/index.php\/wp-json\/wp\/v2\/comments?post=2471"}],"version-history":[{"count":0,"href":"https:\/\/senhorafrutta.com.br\/index.php\/wp-json\/wp\/v2\/posts\/2471\/revisions"}],"wp:featuredmedia":[{"embeddable":true,"href":"https:\/\/senhorafrutta.com.br\/index.php\/wp-json\/wp\/v2\/media\/2472"}],"wp:attachment":[{"href":"https:\/\/senhorafrutta.com.br\/index.php\/wp-json\/wp\/v2\/media?parent=2471"}],"wp:term":[{"taxonomy":"category","embeddable":true,"href":"https:\/\/senhorafrutta.com.br\/index.php\/wp-json\/wp\/v2\/categories?post=2471"},{"taxonomy":"post_tag","embeddable":true,"href":"https:\/\/senhorafrutta.com.br\/index.php\/wp-json\/wp\/v2\/tags?post=2471"}],"curies":[{"name":"wp","href":"https:\/\/api.w.org\/{rel}","templated":true}]}}