{"id":2469,"date":"2024-09-23T21:17:22","date_gmt":"2024-09-23T21:17:22","guid":{"rendered":"https:\/\/senhorafrutta.com.br\/index.php\/2024\/09\/23\/crescimento-da-area-da-soja-em-ijui-rs-reflete-riscos-climaticos-e-e-menor-plantio-de-milho\/"},"modified":"2024-09-23T21:17:22","modified_gmt":"2024-09-23T21:17:22","slug":"crescimento-da-area-da-soja-em-ijui-rs-reflete-riscos-climaticos-e-e-menor-plantio-de-milho","status":"publish","type":"post","link":"https:\/\/senhorafrutta.com.br\/index.php\/2024\/09\/23\/crescimento-da-area-da-soja-em-ijui-rs-reflete-riscos-climaticos-e-e-menor-plantio-de-milho\/","title":{"rendered":"Crescimento da \u00e1rea da soja em Iju\u00ed (RS) reflete riscos clim\u00e1ticos e  e menor plantio de milho"},"content":{"rendered":"<div>Foto: Ag\u00eancia Marca Comunic\u00e7\u00e3o <\/div>\n<p>O plantio da <a href=\"https:\/\/www.canalrural.com.br\/agricultura\/projeto-soja-brasil\/\">soja <\/a>est\u00e1 programado para iniciar em 21 de outubro nos munic\u00edpios da regi\u00e3o de Iju\u00ed, no norte do Rio Grande do Sul. A  expectativa \u00e9 de um aumento na \u00e1rea destinada \u00e0 oleaginosa.<\/p>\n<p>No ano passado, foram semeados 970 mil hectares. Para esta safra, os produtores devem optar por plantar menos milho, o que pode resultar em um incremento de 15 a 18 mil hectares para a soja. A previs\u00e3o de La Ni\u00f1a, que indica a redu\u00e7\u00e3o das chuvas durante o per\u00edodo cr\u00edtico de enchimento de gr\u00e3os do milho, tem levado os agricultores a reavaliar suas escolhas.<\/p>\n<p class=\"has-text-align-center\"><em>Confira na palma da m\u00e3o informa\u00e7\u00f5es quentes sobre agricultura, pecu\u00e1ria, economia e previs\u00e3o do tempo:<\/em><a href=\"https:\/\/whatsapp.com\/channel\/0029Va9VnZxGk1FplZjiW43k\"><strong><em>\u00a0siga o Canal Rura<\/em><\/strong><\/a><a href=\"https:\/\/www.whatsapp.com\/channel\/0029Va9VnZxGk1FplZjiW43k\"><strong><em>l no WhatsApp!<\/em><\/strong><\/a><\/p>\n<p>Embora as perspectivas de pre\u00e7o para a soja n\u00e3o sejam as melhores, o milho parece oferecer um retorno ainda menor. Mesmo assim, os produtores continuam a investir nas suas culturas, mantendo o uso de tecnologias. A tend\u00eancia \u00e9 de n\u00e3o reduzir a aplica\u00e7\u00e3o de tecnologia.<\/p>\n\n<p>O post <a href=\"https:\/\/www.canalrural.com.br\/agricultura\/projeto-soja-brasil\/crescimento-da-area-da-soja-em-ijui-rs-reflete-riscos-climaticos-e-e-menor-plantio-de-milho\/\">Crescimento da \u00e1rea da soja em Iju\u00ed (RS) reflete riscos clim\u00e1ticos e  e menor plantio de milho<\/a> apareceu primeiro em <a href=\"https:\/\/www.canalrural.com.br\/\">Canal Rural<\/a>.<\/p>","protected":false},"excerpt":{"rendered":"<p>Foto: Ag\u00eancia Marca Comunic\u00e7\u00e3o O plantio da soja est\u00e1 programado para iniciar em 21 de outubro nos munic\u00edpios da regi\u00e3o de Iju\u00ed, no norte do Rio Grande do Sul. A expectativa \u00e9 de um aumento na \u00e1rea destinada \u00e0 oleaginosa. No ano passado, foram semeados 970 mil hectares. Para esta safra, os produtores devem optar por plantar menos milho, o que pode resultar em um incremento de 15 a 18 mil hectares para a soja. A previs\u00e3o de La Ni\u00f1a, que indica a redu\u00e7\u00e3o das chuvas durante o per\u00edodo cr\u00edtico de enchimento de gr\u00e3os do milho, tem levado os agricultores a reavaliar suas escolhas. Confira na palma da m\u00e3o informa\u00e7\u00f5es quentes sobre agricultura, pecu\u00e1ria, economia e previs\u00e3o do tempo:\u00a0siga o Canal Rural no WhatsApp! Embora as perspectivas de pre\u00e7o para a soja n\u00e3o sejam as melhores, o milho parece oferecer um retorno ainda menor. Mesmo assim, os produtores continuam a investir nas suas culturas, mantendo o uso de tecnologias. A tend\u00eancia \u00e9 de n\u00e3o reduzir a aplica\u00e7\u00e3o de tecnologia. O post Crescimento da \u00e1rea da soja em Iju\u00ed (RS) reflete riscos clim\u00e1ticos e e menor plantio de milho apareceu primeiro em Canal Rural.<\/p>\n","protected":false},"author":0,"featured_media":2470,"comment_status":"open","ping_status":"open","sticky":false,"template":"","format":"standard","meta":{"_monsterinsights_skip_tracking":false,"_monsterinsights_sitenote_active":false,"_monsterinsights_sitenote_note":"","_monsterinsights_sitenote_category":0,"footnotes":""},"categories":[1],"tags":[],"class_list":["post-2469","post","type-post","status-publish","format-standard","has-post-thumbnail","hentry","category-agronegocio"],"_links":{"self":[{"href":"https:\/\/senhorafrutta.com.br\/index.php\/wp-json\/wp\/v2\/posts\/2469","targetHints":{"allow":["GET"]}}],"collection":[{"href":"https:\/\/senhorafrutta.com.br\/index.php\/wp-json\/wp\/v2\/posts"}],"about":[{"href":"https:\/\/senhorafrutta.com.br\/index.php\/wp-json\/wp\/v2\/types\/post"}],"replies":[{"embeddable":true,"href":"https:\/\/senhorafrutta.com.br\/index.php\/wp-json\/wp\/v2\/comments?post=2469"}],"version-history":[{"count":0,"href":"https:\/\/senhorafrutta.com.br\/index.php\/wp-json\/wp\/v2\/posts\/2469\/revisions"}],"wp:featuredmedia":[{"embeddable":true,"href":"https:\/\/senhorafrutta.com.br\/index.php\/wp-json\/wp\/v2\/media\/2470"}],"wp:attachment":[{"href":"https:\/\/senhorafrutta.com.br\/index.php\/wp-json\/wp\/v2\/media?parent=2469"}],"wp:term":[{"taxonomy":"category","embeddable":true,"href":"https:\/\/senhorafrutta.com.br\/index.php\/wp-json\/wp\/v2\/categories?post=2469"},{"taxonomy":"post_tag","embeddable":true,"href":"https:\/\/senhorafrutta.com.br\/index.php\/wp-json\/wp\/v2\/tags?post=2469"}],"curies":[{"name":"wp","href":"https:\/\/api.w.org\/{rel}","templated":true}]}}