{"id":2443,"date":"2024-09-22T18:04:17","date_gmt":"2024-09-22T18:04:17","guid":{"rendered":"https:\/\/senhorafrutta.com.br\/index.php\/2024\/09\/22\/quando-comeca-o-horario-de-verao-em-2024\/"},"modified":"2024-09-22T18:04:17","modified_gmt":"2024-09-22T18:04:17","slug":"quando-comeca-o-horario-de-verao-em-2024","status":"publish","type":"post","link":"https:\/\/senhorafrutta.com.br\/index.php\/2024\/09\/22\/quando-comeca-o-horario-de-verao-em-2024\/","title":{"rendered":"Quando come\u00e7a o hor\u00e1rio de ver\u00e3o em 2024?"},"content":{"rendered":"<div>Foto: Renato Ara\u00fajo\/Ag\u00eancia Brasil<\/div>\n<p>O Operador Nacional do Sistema El\u00e9trico <strong><a href=\"http:\/\/www.canalrural.com.br\/tag\/ons\/\">(ONS)<\/a><\/strong> \u2013 respons\u00e1vel pela coordena\u00e7\u00e3o e controle da opera\u00e7\u00e3o das instala\u00e7\u00f5es de\u00a0gera\u00e7\u00e3o\u00a0e transmiss\u00e3o de\u00a0energia el\u00e9trica \u2013 recomendou na \u00faltima semana que o o Brasil volte a adotar o hor\u00e1rio de ver\u00e3o. <\/p>\n<p>No entanto, o governo federal ainda vai avaliar o cen\u00e1rio, antes de efetivamente optar pela medida.<\/p>\n<p>Segundo declarou na semana passada o ministro de Minas e Energia, Alexandre Silveira, <strong>uma decis\u00e3o deve ser tomada em alguns dias. <\/strong><\/p>\n<p><em>Confira na palma da m\u00e3o informa\u00e7\u00f5es quentes sobre agricultura, pecu\u00e1ria, economia e previs\u00e3o do tempo:<\/em><a href=\"https:\/\/whatsapp.com\/channel\/0029Va9VnZxGk1FplZjiW43k\"><em> <\/em><strong><em>siga o Canal Rural no WhatsApp!<\/em><\/strong><\/a><\/p>\n<p>Se for adotada, a medida valeria ainda para 2024, por\u00e9m n\u00e3o necessariamente em todo o per\u00edodo do ver\u00e3o, que vai de 21 de dezembro deste ano a 20 de mar\u00e7o de 2025.<\/p>\n<p>Alexandre Silveira disse que, apesar da indica\u00e7\u00e3o da ONS, n\u00e3o h\u00e1 risco energ\u00e9tico em 2024 gra\u00e7as ao planejamento adotado. No entanto, o ministro destacou que \u00e9 preciso pensar a longo prazo, com o olhar em 2025 e 2026.<\/p>\n<p>Silveira apontou o hor\u00e1rio de ver\u00e3o como uma medida que contribui para a sustentabilidade energ\u00e9tica e citou o Canad\u00e1 como exemplo de outro pa\u00eds que adota o mecanismo.<\/p>\n<p>\u201cO hor\u00e1rio de ver\u00e3o \u00e9 uma possibilidade real, mas n\u00e3o \u00e9 um fato porque tem implica\u00e7\u00f5es, n\u00e3o s\u00f3 energ\u00e9tica, tem implica\u00e7\u00f5es econ\u00f4micas. \u00c9 importante para diminuir o despacho de t\u00e9rmicas nos hor\u00e1rios de ponta, mas \u00e9 uma das medidas, porque ela impacta muito a vida das pessoas\u201d,\u00a0reconheceu o ministro.<\/p>\n<p>Institu\u00eddo em 1931 no Brasil, o hor\u00e1rio de ver\u00e3o funcionou continuamente de 1985 at\u00e9 2019, quando o governo passado decidiu revog\u00e1-lo, alegando pouca efetividade na economia energ\u00e9tica.<\/p>\n<h2 class=\"wp-block-heading\">O que acha a popula\u00e7\u00e3o sobre o hor\u00e1rio de ver\u00e3o<\/h2>\n<p>A volta do hor\u00e1rio de ver\u00e3o no territ\u00f3rio brasileiro n\u00e3o \u00e9 uma unanimidade entre a popula\u00e7\u00e3o. No entanto, um levantamento feito pelo portal Reclame Aqui e pela Associa\u00e7\u00e3o Brasileira de Bares e Restaurantes (Abrasel) mostra que sua ado\u00e7\u00e3o\u00a0\u00e9 bem-visto pela maioria. De acordo com a pesquisa, feita com tr\u00eas mil pessoas, 54,9% dos entrevistados s\u00e3o favor\u00e1veis \u00e0 mudan\u00e7a nos rel\u00f3gios ainda este ano.<\/p>\n<p>Desse total, 41,8% dizem ser totalmente favor\u00e1veis ao retorno do hor\u00e1rio de ver\u00e3o, e 13,1% se revelam parcialmente favor\u00e1veis. Ainda segundo o estudo, 25,8% se mostraram totalmente contr\u00e1rios \u00e0 implementa\u00e7\u00e3o; j\u00e1 17% veem com indiferen\u00e7a a mudan\u00e7a; e 2,2% s\u00e3o parcialmente contr\u00e1rios.<\/p>\n<p>Os maiores \u00edndices de apoio foram observados nas regi\u00f5es onde o hor\u00e1rio era adotado: Sul, Sudeste e Centro-Oeste. No Sudeste, 56,1% s\u00e3o a favor da mudan\u00e7a, sendo 43,1% favor\u00e1veis e 13% parcialmente favor\u00e1veis.<\/p>\n<p>No Sul, 60,6% s\u00e3o favor\u00e1veis, 52,3% totalmente favor\u00e1veis e 8,3% parcialmente favor\u00e1veis; e, no Centro-Oeste, 40,9% aprovariam a mudan\u00e7a \u2013 com 29,1% se dizendo totalmente favor\u00e1veis e 11,8% parcialmente a favor. Nas tr\u00eas regi\u00f5es somadas, 55,74% s\u00e3o favor\u00e1veis ao adiantamento dos rel\u00f3gios em uma hora.<\/p>\n<p>Para 43,6% dos entrevistados, a mudan\u00e7a no hor\u00e1rio ajuda a economizar energia el\u00e9trica e outros recursos. Para 39,9%, a medida n\u00e3o traz economia e 16,4% disseram que n\u00e3o sabem ou n\u00e3o t\u00eam certeza.<\/p>\n<h2 class=\"wp-block-heading\">Por regi\u00f5es<\/h2>\n<p>Segundo a pesquisa da Abrasel, a regi\u00e3o Sul \u00e9 a que apresenta maior parcela da popula\u00e7\u00e3o (47,7%) que acredita que o adiantamento do rel\u00f3gio resulta em economia de recursos. Para 51,8%, a mudan\u00e7a do hor\u00e1rio \u00e9 ben\u00e9fica para o com\u00e9rcio e servi\u00e7os, como lojas, bares e restaurantes. J\u00e1 32,7% dizem n\u00e3o ver vantagem; e 15,5% afirmam n\u00e3o ter opini\u00e3o formada.<\/p>\n<p>A pesquisa revela, ainda, que, para 41,7%, a cidade onde moram fica mais atrativa para o turismo quando o hor\u00e1rio de ver\u00e3o est\u00e1 vigorando. \u201cApenas 9,4% disseram que [a cidade] fica menos atrativa, enquanto 43,6% n\u00e3o sentem diferen\u00e7a\u201d, diz o levantamento.<\/p>\n<p>O estudo mostra tamb\u00e9m que as pessoas se sentem mais seguras durante os per\u00edodos de ado\u00e7\u00e3o do hor\u00e1rio de ver\u00e3o. Isso ocorre em especial com rela\u00e7\u00e3o ao hor\u00e1rio de sa\u00edda para o trabalho. Segundo a pesquisa, 35,2% se sentem mais seguros com a mudan\u00e7a, enquanto 19,5% se dizem menos seguros. Para 41,9% a mudan\u00e7a n\u00e3o traz influ\u00eancia.<\/p>\n<p>A margem de erro da pesquisa \u00e9 de dois pontos percentuais para mais ou menos, considerando um n\u00edvel de confian\u00e7a de 95%.<\/p>\n<p><em>*Com informa\u00e7\u00f5es da <a href=\"https:\/\/www.canalrural.com.br\/autor\/agencia-brasil\/\">Ag\u00eancia Brasil<\/a><\/em><\/p>\n\n<p>O post <a href=\"https:\/\/www.canalrural.com.br\/diversos\/quando-comeca-o-horario-de-verao-em-2024\/\">Quando come\u00e7a o hor\u00e1rio de ver\u00e3o em 2024?<\/a> apareceu primeiro em <a href=\"https:\/\/www.canalrural.com.br\/\">Canal Rural<\/a>.<\/p>","protected":false},"excerpt":{"rendered":"<p>Foto: Renato Ara\u00fajo\/Ag\u00eancia Brasil O Operador Nacional do Sistema El\u00e9trico (ONS) \u2013 respons\u00e1vel pela coordena\u00e7\u00e3o e controle da opera\u00e7\u00e3o das instala\u00e7\u00f5es de\u00a0gera\u00e7\u00e3o\u00a0e transmiss\u00e3o de\u00a0energia el\u00e9trica \u2013 recomendou na \u00faltima semana que o o Brasil volte a adotar o hor\u00e1rio de ver\u00e3o. No entanto, o governo federal ainda vai avaliar o cen\u00e1rio, antes de efetivamente optar pela medida. Segundo declarou na semana passada o ministro de Minas e Energia, Alexandre Silveira, uma decis\u00e3o deve ser tomada em alguns dias. Confira na palma da m\u00e3o informa\u00e7\u00f5es quentes sobre agricultura, pecu\u00e1ria, economia e previs\u00e3o do tempo: siga o Canal Rural no WhatsApp! Se for adotada, a medida valeria ainda para 2024, por\u00e9m n\u00e3o necessariamente em todo o per\u00edodo do ver\u00e3o, que vai de 21 de dezembro deste ano a 20 de mar\u00e7o de 2025. Alexandre Silveira disse que, apesar da indica\u00e7\u00e3o da ONS, n\u00e3o h\u00e1 risco energ\u00e9tico em 2024 gra\u00e7as ao planejamento adotado. No entanto, o ministro destacou que \u00e9 preciso pensar a longo prazo, com o olhar em 2025 e 2026. Silveira apontou o hor\u00e1rio de ver\u00e3o como uma medida que contribui para a sustentabilidade energ\u00e9tica e citou o Canad\u00e1 como exemplo de outro pa\u00eds que adota o mecanismo. \u201cO hor\u00e1rio de ver\u00e3o \u00e9 uma possibilidade real, mas n\u00e3o \u00e9 um fato porque tem implica\u00e7\u00f5es, n\u00e3o s\u00f3 energ\u00e9tica, tem implica\u00e7\u00f5es econ\u00f4micas. \u00c9 importante para diminuir o despacho de t\u00e9rmicas nos hor\u00e1rios de ponta, mas \u00e9 uma das medidas, porque ela impacta muito a vida das pessoas\u201d,\u00a0reconheceu o ministro. Institu\u00eddo em 1931 no Brasil, o hor\u00e1rio de ver\u00e3o funcionou continuamente de 1985 at\u00e9 2019, quando o governo passado decidiu revog\u00e1-lo, alegando pouca efetividade na economia energ\u00e9tica. O que acha a popula\u00e7\u00e3o sobre o hor\u00e1rio de ver\u00e3o A volta do hor\u00e1rio de ver\u00e3o no territ\u00f3rio brasileiro n\u00e3o \u00e9 uma unanimidade entre a popula\u00e7\u00e3o. No entanto, um levantamento feito pelo portal Reclame Aqui e pela Associa\u00e7\u00e3o Brasileira de Bares e Restaurantes (Abrasel) mostra que sua ado\u00e7\u00e3o\u00a0\u00e9 bem-visto pela maioria. De acordo com a pesquisa, feita com tr\u00eas mil pessoas, 54,9% dos entrevistados s\u00e3o favor\u00e1veis \u00e0 mudan\u00e7a nos rel\u00f3gios ainda este ano. Desse total, 41,8% dizem ser totalmente favor\u00e1veis ao retorno do hor\u00e1rio de ver\u00e3o, e 13,1% se revelam parcialmente favor\u00e1veis. Ainda segundo o estudo, 25,8% se mostraram totalmente contr\u00e1rios \u00e0 implementa\u00e7\u00e3o; j\u00e1 17% veem com indiferen\u00e7a a mudan\u00e7a; e 2,2% s\u00e3o parcialmente contr\u00e1rios. Os maiores \u00edndices de apoio foram observados nas regi\u00f5es onde o hor\u00e1rio era adotado: Sul, Sudeste e Centro-Oeste. No Sudeste, 56,1% s\u00e3o a favor da mudan\u00e7a, sendo 43,1% favor\u00e1veis e 13% parcialmente favor\u00e1veis. No Sul, 60,6% s\u00e3o favor\u00e1veis, 52,3% totalmente favor\u00e1veis e 8,3% parcialmente favor\u00e1veis; e, no Centro-Oeste, 40,9% aprovariam a mudan\u00e7a \u2013 com 29,1% se dizendo totalmente favor\u00e1veis e 11,8% parcialmente a favor. Nas tr\u00eas regi\u00f5es somadas, 55,74% s\u00e3o favor\u00e1veis ao adiantamento dos rel\u00f3gios em uma hora. Para 43,6% dos entrevistados, a mudan\u00e7a no hor\u00e1rio ajuda a economizar energia el\u00e9trica e outros recursos. Para 39,9%, a medida n\u00e3o traz economia e 16,4% disseram que n\u00e3o sabem ou n\u00e3o t\u00eam certeza. Por regi\u00f5es Segundo a pesquisa da Abrasel, a regi\u00e3o Sul \u00e9 a que apresenta maior parcela da popula\u00e7\u00e3o (47,7%) que acredita que o adiantamento do rel\u00f3gio resulta em economia de recursos. Para 51,8%, a mudan\u00e7a do hor\u00e1rio \u00e9 ben\u00e9fica para o com\u00e9rcio e servi\u00e7os, como lojas, bares e restaurantes. J\u00e1 32,7% dizem n\u00e3o ver vantagem; e 15,5% afirmam n\u00e3o ter opini\u00e3o formada. A pesquisa revela, ainda, que, para 41,7%, a cidade onde moram fica mais atrativa para o turismo quando o hor\u00e1rio de ver\u00e3o est\u00e1 vigorando. \u201cApenas 9,4% disseram que [a cidade] fica menos atrativa, enquanto 43,6% n\u00e3o sentem diferen\u00e7a\u201d, diz o levantamento. O estudo mostra tamb\u00e9m que as pessoas se sentem mais seguras durante os per\u00edodos de ado\u00e7\u00e3o do hor\u00e1rio de ver\u00e3o. Isso ocorre em especial com rela\u00e7\u00e3o ao hor\u00e1rio de sa\u00edda para o trabalho. Segundo a pesquisa, 35,2% se sentem mais seguros com a mudan\u00e7a, enquanto 19,5% se dizem menos seguros. Para 41,9% a mudan\u00e7a n\u00e3o traz influ\u00eancia. A margem de erro da pesquisa \u00e9 de dois pontos percentuais para mais ou menos, considerando um n\u00edvel de confian\u00e7a de 95%. *Com informa\u00e7\u00f5es da Ag\u00eancia Brasil O post Quando come\u00e7a o hor\u00e1rio de ver\u00e3o em 2024? apareceu primeiro em Canal Rural.<\/p>\n","protected":false},"author":0,"featured_media":2444,"comment_status":"open","ping_status":"open","sticky":false,"template":"","format":"standard","meta":{"_monsterinsights_skip_tracking":false,"_monsterinsights_sitenote_active":false,"_monsterinsights_sitenote_note":"","_monsterinsights_sitenote_category":0,"footnotes":""},"categories":[1],"tags":[],"class_list":["post-2443","post","type-post","status-publish","format-standard","has-post-thumbnail","hentry","category-agronegocio"],"_links":{"self":[{"href":"https:\/\/senhorafrutta.com.br\/index.php\/wp-json\/wp\/v2\/posts\/2443","targetHints":{"allow":["GET"]}}],"collection":[{"href":"https:\/\/senhorafrutta.com.br\/index.php\/wp-json\/wp\/v2\/posts"}],"about":[{"href":"https:\/\/senhorafrutta.com.br\/index.php\/wp-json\/wp\/v2\/types\/post"}],"replies":[{"embeddable":true,"href":"https:\/\/senhorafrutta.com.br\/index.php\/wp-json\/wp\/v2\/comments?post=2443"}],"version-history":[{"count":0,"href":"https:\/\/senhorafrutta.com.br\/index.php\/wp-json\/wp\/v2\/posts\/2443\/revisions"}],"wp:featuredmedia":[{"embeddable":true,"href":"https:\/\/senhorafrutta.com.br\/index.php\/wp-json\/wp\/v2\/media\/2444"}],"wp:attachment":[{"href":"https:\/\/senhorafrutta.com.br\/index.php\/wp-json\/wp\/v2\/media?parent=2443"}],"wp:term":[{"taxonomy":"category","embeddable":true,"href":"https:\/\/senhorafrutta.com.br\/index.php\/wp-json\/wp\/v2\/categories?post=2443"},{"taxonomy":"post_tag","embeddable":true,"href":"https:\/\/senhorafrutta.com.br\/index.php\/wp-json\/wp\/v2\/tags?post=2443"}],"curies":[{"name":"wp","href":"https:\/\/api.w.org\/{rel}","templated":true}]}}