{"id":2433,"date":"2024-09-22T20:02:00","date_gmt":"2024-09-22T20:02:00","guid":{"rendered":"https:\/\/senhorafrutta.com.br\/index.php\/2024\/09\/22\/ministerio-da-agricultura-quer-priorizar-controle-de-doenca-do-cacau\/"},"modified":"2024-09-22T20:02:00","modified_gmt":"2024-09-22T20:02:00","slug":"ministerio-da-agricultura-quer-priorizar-controle-de-doenca-do-cacau","status":"publish","type":"post","link":"https:\/\/senhorafrutta.com.br\/index.php\/2024\/09\/22\/ministerio-da-agricultura-quer-priorizar-controle-de-doenca-do-cacau\/","title":{"rendered":"Minist\u00e9rio da Agricultura quer priorizar controle de doen\u00e7a do cacau"},"content":{"rendered":"<div>Foto: Divulga\u00e7\u00e3o\/Senar<\/div>\n<p>O secret\u00e1rio de Defesa Agropecu\u00e1ria do <strong><a href=\"https:\/\/www.canalrural.com.br\/tag\/mapa\/\">Minist\u00e9rio da Agricultura<\/a><\/strong>, Carlos Goulart, informou a secret\u00e1rios do Cons\u00f3rcio da Amaz\u00f4nia Legal que a prioridade da pasta \u00e9 combater e controlar a doen\u00e7a monil\u00edase do cacaueiro <em>(moniliophthora roreri)<\/em>.<\/p>\n<p>\u201cNossa expectativa \u00e9 conter a dispers\u00e3o at\u00e9 que a pesquisa e a ci\u00eancia desenvolvam um protocolo de manejo adequado. Caso o fungo se espalhe, estaremos preparados para conviver com ele, evitando que ocorra o que aconteceu com a vassoura-de-bruxa no sul da Bahia, anos atr\u00e1s\u201d, afirmou Goulart, em reuni\u00e3o com os secret\u00e1rios do Cons\u00f3rcio da Amaz\u00f4nia Legal, regi\u00e3o produtiva da am\u00eandoa.<\/p>\n<p><em>Confira na palma da m\u00e3o informa\u00e7\u00f5es quentes sobre agricultura, pecu\u00e1ria, economia e previs\u00e3o do tempo:<\/em><a href=\"https:\/\/www.whatsapp.com\/channel\/0029Va9VnZxGk1FplZjiW43k\"><em> <\/em><strong>siga o Canal Rural no WhatsApp<\/strong><\/a>!<\/p>\n<p>De acordo com o secret\u00e1rio, o controle da praga \u00e9 feito em conjunto com os \u00f3rg\u00e3os de defesa agropecu\u00e1ria estaduais.<\/p>\n<p>\u201cA monil\u00edase \u00e9 um fungo que leva anos para ser erradicado. O trabalho cooperativo realizado no Acre \u00e9 um exemplo a ser seguido, pois \u00e9 essencial para controlar essa doen\u00e7a e proteger os produtores de cacau e cupua\u00e7u do Acre e de todo o Brasil\u201d, disse Goulart na reuni\u00e3o.<\/p>\n<h2 class=\"wp-block-heading\">Perdas de produ\u00e7\u00e3o do cacau<\/h2>\n<p>Foto: Divulga\u00e7\u00e3o\/Ag\u00eancia Par\u00e1<\/p>\n<p>O ministro da Agricultura, Carlos F\u00e1varo, tamb\u00e9m presente no encontro, destacou que o pa\u00eds \u00e9 \u201ceficiente\u201d em resolver quest\u00f5es sanit\u00e1rias. \u201cEstamos comprometidos com o combate \u00e0 monil\u00edase para proteger nossos produtores e produtoras\u201d, acrescentou o ministro.<\/p>\n<p>A monil\u00edase \u00e9 uma doen\u00e7a que afeta plantas do g\u00eanero theobroma, como o cacau (theobroma cacao L.) e o cupua\u00e7u (theobroma grandiflorum), causando perdas na produ\u00e7\u00e3o e eleva\u00e7\u00e3o nos custos devido \u00e0 necessidade de medidas adicionais de manejo e aplica\u00e7\u00e3o de fungicidas para o controle da praga.<\/p>\n<p>O pa\u00eds est\u00e1 em estado de emerg\u00eancia fitossanit\u00e1ria de 5 de agosto at\u00e9 o mesmo m\u00eas de 2025, decretado pelo minist\u00e9rio, em virtude da doen\u00e7a. O primeiro foco da praga no Brasil foi identificado em julho de 2021 em \u00e1rea residencial urbana no munic\u00edpio de Cruzeiro do Sul, interior do Acre.<\/p>\n<p>Em novembro de 2022, o segundo foco foi detectado no munic\u00edpio de Tabatinga, no estado do Amazonas, dessa vez em comunidades rurais ribeirinhas. Conforme o Minist\u00e9rio da Agricultura, na Am\u00e9rica do Sul, a praga j\u00e1 se encontra presente no Equador, Col\u00f4mbia, Venezuela, Bol\u00edvia e Peru.<\/p>\n<p>O post <a href=\"https:\/\/www.canalrural.com.br\/agricultura\/ministerio-da-agricultura-quer-priorizar-controle-de-doenca-do-cacau\/\">Minist\u00e9rio da Agricultura quer priorizar controle de doen\u00e7a do cacau<\/a> apareceu primeiro em <a href=\"https:\/\/www.canalrural.com.br\/\">Canal Rural<\/a>.<\/p>","protected":false},"excerpt":{"rendered":"<p>Foto: Divulga\u00e7\u00e3o\/Senar O secret\u00e1rio de Defesa Agropecu\u00e1ria do Minist\u00e9rio da Agricultura, Carlos Goulart, informou a secret\u00e1rios do Cons\u00f3rcio da Amaz\u00f4nia Legal que a prioridade da pasta \u00e9 combater e controlar a doen\u00e7a monil\u00edase do cacaueiro (moniliophthora roreri). \u201cNossa expectativa \u00e9 conter a dispers\u00e3o at\u00e9 que a pesquisa e a ci\u00eancia desenvolvam um protocolo de manejo adequado. Caso o fungo se espalhe, estaremos preparados para conviver com ele, evitando que ocorra o que aconteceu com a vassoura-de-bruxa no sul da Bahia, anos atr\u00e1s\u201d, afirmou Goulart, em reuni\u00e3o com os secret\u00e1rios do Cons\u00f3rcio da Amaz\u00f4nia Legal, regi\u00e3o produtiva da am\u00eandoa. Confira na palma da m\u00e3o informa\u00e7\u00f5es quentes sobre agricultura, pecu\u00e1ria, economia e previs\u00e3o do tempo: siga o Canal Rural no WhatsApp! De acordo com o secret\u00e1rio, o controle da praga \u00e9 feito em conjunto com os \u00f3rg\u00e3os de defesa agropecu\u00e1ria estaduais. \u201cA monil\u00edase \u00e9 um fungo que leva anos para ser erradicado. O trabalho cooperativo realizado no Acre \u00e9 um exemplo a ser seguido, pois \u00e9 essencial para controlar essa doen\u00e7a e proteger os produtores de cacau e cupua\u00e7u do Acre e de todo o Brasil\u201d, disse Goulart na reuni\u00e3o. Perdas de produ\u00e7\u00e3o do cacau Foto: Divulga\u00e7\u00e3o\/Ag\u00eancia Par\u00e1 O ministro da Agricultura, Carlos F\u00e1varo, tamb\u00e9m presente no encontro, destacou que o pa\u00eds \u00e9 \u201ceficiente\u201d em resolver quest\u00f5es sanit\u00e1rias. \u201cEstamos comprometidos com o combate \u00e0 monil\u00edase para proteger nossos produtores e produtoras\u201d, acrescentou o ministro. A monil\u00edase \u00e9 uma doen\u00e7a que afeta plantas do g\u00eanero theobroma, como o cacau (theobroma cacao L.) e o cupua\u00e7u (theobroma grandiflorum), causando perdas na produ\u00e7\u00e3o e eleva\u00e7\u00e3o nos custos devido \u00e0 necessidade de medidas adicionais de manejo e aplica\u00e7\u00e3o de fungicidas para o controle da praga. O pa\u00eds est\u00e1 em estado de emerg\u00eancia fitossanit\u00e1ria de 5 de agosto at\u00e9 o mesmo m\u00eas de 2025, decretado pelo minist\u00e9rio, em virtude da doen\u00e7a. O primeiro foco da praga no Brasil foi identificado em julho de 2021 em \u00e1rea residencial urbana no munic\u00edpio de Cruzeiro do Sul, interior do Acre. Em novembro de 2022, o segundo foco foi detectado no munic\u00edpio de Tabatinga, no estado do Amazonas, dessa vez em comunidades rurais ribeirinhas. Conforme o Minist\u00e9rio da Agricultura, na Am\u00e9rica do Sul, a praga j\u00e1 se encontra presente no Equador, Col\u00f4mbia, Venezuela, Bol\u00edvia e Peru. O post Minist\u00e9rio da Agricultura quer priorizar controle de doen\u00e7a do cacau apareceu primeiro em Canal Rural.<\/p>\n","protected":false},"author":0,"featured_media":2434,"comment_status":"open","ping_status":"open","sticky":false,"template":"","format":"standard","meta":{"_monsterinsights_skip_tracking":false,"_monsterinsights_sitenote_active":false,"_monsterinsights_sitenote_note":"","_monsterinsights_sitenote_category":0,"footnotes":""},"categories":[1],"tags":[],"class_list":["post-2433","post","type-post","status-publish","format-standard","has-post-thumbnail","hentry","category-agronegocio"],"_links":{"self":[{"href":"https:\/\/senhorafrutta.com.br\/index.php\/wp-json\/wp\/v2\/posts\/2433","targetHints":{"allow":["GET"]}}],"collection":[{"href":"https:\/\/senhorafrutta.com.br\/index.php\/wp-json\/wp\/v2\/posts"}],"about":[{"href":"https:\/\/senhorafrutta.com.br\/index.php\/wp-json\/wp\/v2\/types\/post"}],"replies":[{"embeddable":true,"href":"https:\/\/senhorafrutta.com.br\/index.php\/wp-json\/wp\/v2\/comments?post=2433"}],"version-history":[{"count":0,"href":"https:\/\/senhorafrutta.com.br\/index.php\/wp-json\/wp\/v2\/posts\/2433\/revisions"}],"wp:featuredmedia":[{"embeddable":true,"href":"https:\/\/senhorafrutta.com.br\/index.php\/wp-json\/wp\/v2\/media\/2434"}],"wp:attachment":[{"href":"https:\/\/senhorafrutta.com.br\/index.php\/wp-json\/wp\/v2\/media?parent=2433"}],"wp:term":[{"taxonomy":"category","embeddable":true,"href":"https:\/\/senhorafrutta.com.br\/index.php\/wp-json\/wp\/v2\/categories?post=2433"},{"taxonomy":"post_tag","embeddable":true,"href":"https:\/\/senhorafrutta.com.br\/index.php\/wp-json\/wp\/v2\/tags?post=2433"}],"curies":[{"name":"wp","href":"https:\/\/api.w.org\/{rel}","templated":true}]}}