{"id":2381,"date":"2024-09-20T16:00:00","date_gmt":"2024-09-20T16:00:00","guid":{"rendered":"https:\/\/senhorafrutta.com.br\/index.php\/2024\/09\/20\/plantio-da-soja-em-minas-gerais-o-que-o-produtor-precisa-saber\/"},"modified":"2024-09-20T16:00:00","modified_gmt":"2024-09-20T16:00:00","slug":"plantio-da-soja-em-minas-gerais-o-que-o-produtor-precisa-saber","status":"publish","type":"post","link":"https:\/\/senhorafrutta.com.br\/index.php\/2024\/09\/20\/plantio-da-soja-em-minas-gerais-o-que-o-produtor-precisa-saber\/","title":{"rendered":"Plantio da soja em Minas Gerais: o que o produtor precisa saber?"},"content":{"rendered":"<div>Foto: Pedro Silvestre<\/div>\n<p>Atualmente, o plantio da <a href=\"https:\/\/www.canalrural.com.br\/agricultura\/projeto-soja-brasil\/\">soja <\/a>em Minas Gerais requer aten\u00e7\u00e3o redobrada. Com o fim do vazio sanit\u00e1rio no pr\u00f3ximo dia 30, os produtores est\u00e3o se preparando para iniciar o plantio do gr\u00e3o a partir de outubro. No entanto, a umidade do solo est\u00e1 em n\u00edveis baixos e as condi\u00e7\u00f5es clim\u00e1ticas est\u00e3o diferentes do habitual.<\/p>\n<p>De acordo com F\u00e1bio Meirelles, presidente da Aprosoja-MG, \u00e9 fundamental que os produtores estejam prontos e n\u00e3o deixem nada para a \u00faltima hora, especialmente diante das incertezas clim\u00e1ticas. O monitoramento constante das condi\u00e7\u00f5es meteorol\u00f3gicas se torna essencial para minimizar riscos e garantir um plantio bem-sucedido.<\/p>\n<p class=\"has-text-align-center\"><em>Confira na palma da m\u00e3o informa\u00e7\u00f5es quentes sobre agricultura, pecu\u00e1ria, economia e previs\u00e3o do tempo:<\/em><a href=\"https:\/\/whatsapp.com\/channel\/0029Va9VnZxGk1FplZjiW43k\"><strong><em>\u00a0siga o Canal Rura<\/em><\/strong><\/a><a href=\"https:\/\/www.whatsapp.com\/channel\/0029Va9VnZxGk1FplZjiW43k\"><strong><em>l no WhatsApp!<\/em><\/strong><\/a><\/p>\n<h2 class=\"wp-block-heading\">Momento de incertezas<\/h2>\n<p>Foto: Pedro Silvestre<\/p>\n<p>O presidente destaca que o impacto do d\u00f3lar nos custos dos insumos permanece elevado. Os altos pre\u00e7os de fertilizantes e defensivos dificultam a aquisi\u00e7\u00e3o necess\u00e1ria, e as \u00e1reas afetadas por queimadas perderam cobertura vegetal, exigindo cuidado extra no manejo.<\/p>\n<p>\u201c\u00c9 um momento cr\u00edtico para testar a germina\u00e7\u00e3o e o vigor das sementes, fatores essenciais para garantir um plantio de qualidade. A temperatura tamb\u00e9m deve ser considerada, uma vez que Minas Gerais possui uma diversidade de climas que pode afetar o desempenho das culturas\u201d, comenta Meirelles. <\/p>\n<p>Diante de pre\u00e7os baixos e a possibilidade de n\u00e3o expandir \u00e1reas, os produtores devem refletir sobre suas escolhas de plantio e planejar suas segundas safras com cautela. A busca por informa\u00e7\u00f5es precisas e atualizadas \u00e9 vital para garantir a produtividade e viabilidade econ\u00f4mica da safra.<\/p>\n<p>\u201cA situa\u00e7\u00e3o exige um acompanhamento cuidadoso e decis\u00f5es estrat\u00e9gicas para enfrentar os desafios que est\u00e3o por vir. Cada escolha feita agora poder\u00e1 impactar diretamente a produtividade e a sustentabilidade da safra\u201d, conclui o presidente. <\/p>\n\n\n\n\n<p>O post <a href=\"https:\/\/www.canalrural.com.br\/agricultura\/projeto-soja-brasil\/plantio-da-soja-em-minas-gerais-o-que-o-produtor-precisa-saber\/\">Plantio da soja em Minas Gerais: o que o produtor precisa saber?<\/a> apareceu primeiro em <a href=\"https:\/\/www.canalrural.com.br\/\">Canal Rural<\/a>.<\/p>","protected":false},"excerpt":{"rendered":"<p>Foto: Pedro Silvestre Atualmente, o plantio da soja em Minas Gerais requer aten\u00e7\u00e3o redobrada. Com o fim do vazio sanit\u00e1rio no pr\u00f3ximo dia 30, os produtores est\u00e3o se preparando para iniciar o plantio do gr\u00e3o a partir de outubro. No entanto, a umidade do solo est\u00e1 em n\u00edveis baixos e as condi\u00e7\u00f5es clim\u00e1ticas est\u00e3o diferentes do habitual. De acordo com F\u00e1bio Meirelles, presidente da Aprosoja-MG, \u00e9 fundamental que os produtores estejam prontos e n\u00e3o deixem nada para a \u00faltima hora, especialmente diante das incertezas clim\u00e1ticas. O monitoramento constante das condi\u00e7\u00f5es meteorol\u00f3gicas se torna essencial para minimizar riscos e garantir um plantio bem-sucedido. Confira na palma da m\u00e3o informa\u00e7\u00f5es quentes sobre agricultura, pecu\u00e1ria, economia e previs\u00e3o do tempo:\u00a0siga o Canal Rural no WhatsApp! Momento de incertezas Foto: Pedro Silvestre O presidente destaca que o impacto do d\u00f3lar nos custos dos insumos permanece elevado. Os altos pre\u00e7os de fertilizantes e defensivos dificultam a aquisi\u00e7\u00e3o necess\u00e1ria, e as \u00e1reas afetadas por queimadas perderam cobertura vegetal, exigindo cuidado extra no manejo. \u201c\u00c9 um momento cr\u00edtico para testar a germina\u00e7\u00e3o e o vigor das sementes, fatores essenciais para garantir um plantio de qualidade. A temperatura tamb\u00e9m deve ser considerada, uma vez que Minas Gerais possui uma diversidade de climas que pode afetar o desempenho das culturas\u201d, comenta Meirelles. Diante de pre\u00e7os baixos e a possibilidade de n\u00e3o expandir \u00e1reas, os produtores devem refletir sobre suas escolhas de plantio e planejar suas segundas safras com cautela. A busca por informa\u00e7\u00f5es precisas e atualizadas \u00e9 vital para garantir a produtividade e viabilidade econ\u00f4mica da safra. \u201cA situa\u00e7\u00e3o exige um acompanhamento cuidadoso e decis\u00f5es estrat\u00e9gicas para enfrentar os desafios que est\u00e3o por vir. Cada escolha feita agora poder\u00e1 impactar diretamente a produtividade e a sustentabilidade da safra\u201d, conclui o presidente. O post Plantio da soja em Minas Gerais: o que o produtor precisa saber? apareceu primeiro em Canal Rural.<\/p>\n","protected":false},"author":0,"featured_media":2382,"comment_status":"open","ping_status":"open","sticky":false,"template":"","format":"standard","meta":{"_monsterinsights_skip_tracking":false,"_monsterinsights_sitenote_active":false,"_monsterinsights_sitenote_note":"","_monsterinsights_sitenote_category":0,"footnotes":""},"categories":[1],"tags":[],"class_list":["post-2381","post","type-post","status-publish","format-standard","has-post-thumbnail","hentry","category-agronegocio"],"_links":{"self":[{"href":"https:\/\/senhorafrutta.com.br\/index.php\/wp-json\/wp\/v2\/posts\/2381","targetHints":{"allow":["GET"]}}],"collection":[{"href":"https:\/\/senhorafrutta.com.br\/index.php\/wp-json\/wp\/v2\/posts"}],"about":[{"href":"https:\/\/senhorafrutta.com.br\/index.php\/wp-json\/wp\/v2\/types\/post"}],"replies":[{"embeddable":true,"href":"https:\/\/senhorafrutta.com.br\/index.php\/wp-json\/wp\/v2\/comments?post=2381"}],"version-history":[{"count":0,"href":"https:\/\/senhorafrutta.com.br\/index.php\/wp-json\/wp\/v2\/posts\/2381\/revisions"}],"wp:featuredmedia":[{"embeddable":true,"href":"https:\/\/senhorafrutta.com.br\/index.php\/wp-json\/wp\/v2\/media\/2382"}],"wp:attachment":[{"href":"https:\/\/senhorafrutta.com.br\/index.php\/wp-json\/wp\/v2\/media?parent=2381"}],"wp:term":[{"taxonomy":"category","embeddable":true,"href":"https:\/\/senhorafrutta.com.br\/index.php\/wp-json\/wp\/v2\/categories?post=2381"},{"taxonomy":"post_tag","embeddable":true,"href":"https:\/\/senhorafrutta.com.br\/index.php\/wp-json\/wp\/v2\/tags?post=2381"}],"curies":[{"name":"wp","href":"https:\/\/api.w.org\/{rel}","templated":true}]}}