{"id":2377,"date":"2024-09-20T20:02:22","date_gmt":"2024-09-20T20:02:22","guid":{"rendered":"https:\/\/senhorafrutta.com.br\/index.php\/2024\/09\/20\/primavera-chega-neste-domingo-veja-como-ficam-as-chuvas-e-as-temperaturas\/"},"modified":"2024-09-20T20:02:22","modified_gmt":"2024-09-20T20:02:22","slug":"primavera-chega-neste-domingo-veja-como-ficam-as-chuvas-e-as-temperaturas","status":"publish","type":"post","link":"https:\/\/senhorafrutta.com.br\/index.php\/2024\/09\/20\/primavera-chega-neste-domingo-veja-como-ficam-as-chuvas-e-as-temperaturas\/","title":{"rendered":"Primavera chega neste domingo: veja como ficam as chuvas e as temperaturas"},"content":{"rendered":"<div>Foto: Pixabay<\/div>\n<p>A primavera de 2024 come\u00e7a oficialmente neste domingo (22), \u00e0s 9h44 e vai at\u00e9 21 de dezembro, \u00e0s 6h21. Conforme os meteorologistas da <strong><a href=\"https:\/\/www.canalrural.com.br\/autor\/climatempo\/\">Climatempo<\/a><\/strong>, a esta\u00e7\u00e3o marca um ponto de virada no\u00a0clima\u00a0do Brasil, representando o retorno das chuvas em v\u00e1rias regi\u00f5es, ap\u00f3s longo per\u00edodo de seca, e tamb\u00e9m o aumento natural das temperaturas.<\/p>\n<p><em>Confira na palma da m\u00e3o informa\u00e7\u00f5es quentes sobre agricultura, pecu\u00e1ria, economia e previs\u00e3o do tempo:<\/em><a href=\"https:\/\/whatsapp.com\/channel\/0029Va9VnZxGk1FplZjiW43k\"><em> <\/em><strong><em>siga o Canal Rural no WhatsApp!<\/em><\/strong><\/a><\/p>\n<h2 class=\"wp-block-heading\">Chuvas na primavera<\/h2>\n<p>Para as regi\u00f5es Norte e Nordeste, e a por\u00e7\u00e3o norte do Centro-Oeste, a tend\u00eancia \u00e9 de que as chuvas continuem abaixo da m\u00e9dia hist\u00f3rica. Isso se deve \u00e0 influ\u00eancia cont\u00ednua de massas de ar quentes e de fen\u00f4menos regionais como o ver\u00e3o amaz\u00f4nico, que mant\u00eam o clima mais seco nessas \u00e1reas.<\/p>\n<p>No entanto, h\u00e1 boas not\u00edcias para as regi\u00f5es Sudeste e parte do Centro-Oeste. Os modelos clim\u00e1ticos indicam que essas \u00e1reas ter\u00e3o chuvas mais frequentes e acima da m\u00e9dia para a esta\u00e7\u00e3o. A previs\u00e3o \u00e9 que o retorno das frentes frias e a atua\u00e7\u00e3o de cavados (\u00e1reas alongadas de baixa press\u00e3o) favore\u00e7am a forma\u00e7\u00e3o de sistemas de instabilidade que trar\u00e3o um al\u00edvio para a seca prolongada.<\/p>\n<p>Uma das previs\u00f5es mais aguardadas \u00e9 a poss\u00edvel forma\u00e7\u00e3o da Zona de Converg\u00eancia do Atl\u00e2ntico Sul (ZCAS) em dezembro, um fen\u00f4meno que, quando ativo, provoca chuvas intensas e persistentes em grandes partes do Brasil, especialmente no Sudeste e Centro-Oeste. Isso poder\u00e1 ser um ponto de al\u00edvio para regi\u00f5es que sofrem com a estiagem desde o outono.<\/p>\n<p>Por outro lado, o Rio Grande do Sul deve permanecer em alerta, pois a previs\u00e3o \u00e9 de que as chuvas fiquem abaixo da m\u00e9dia durante a primavera. A principal explica\u00e7\u00e3o para essa tend\u00eancia \u00e9 a condi\u00e7\u00e3o do Oceano Pac\u00edfico, que est\u00e1 mais frio do que o habitual, um fator que historicamente impacta negativamente o volume de chuvas no estado.<\/p>\n<h2 class=\"wp-block-heading\"><strong>Quando a chuva volta com regularidade e a fuma\u00e7a desaparece?<\/strong><\/h2>\n<p>O al\u00edvio para a polui\u00e7\u00e3o do ar e os focos de inc\u00eandio come\u00e7ar\u00e1, segundo as previs\u00f5es, na primeira quinzena de outubro. Nesse per\u00edodo, a faixa que se estende do oeste de Rond\u00f4nia ao oeste de Mato Grosso do Sul ver\u00e1 o retorno das chuvas, que ir\u00e3o se intensificar nas semanas seguintes.<\/p>\n<p>De forma geral, a maioria das \u00e1reas centrais e parte da faixa norte do Brasil dever\u00e1 experimentar um retorno mais regular das chuvas na segunda quinzena de outubro, o que trar\u00e1 um al\u00edvio significativo para os inc\u00eandios e para a qualidade do ar. <\/p>\n<p>A primavera, com suas caracter\u00edsticas t\u00edpicas de chuvas mais frequentes, dever\u00e1 limpar o cen\u00e1rio de fuma\u00e7a, ajudando a reduzir os impactos negativos que o Brasil enfrentou nos \u00faltimos meses.<\/p>\n<h2 class=\"wp-block-heading\">Temperatura<\/h2>\n<p>No Norte, a chamada \u201cesta\u00e7\u00e3o do ver\u00e3o amaz\u00f4nico\u201d continua at\u00e9 novembro, estendendo o per\u00edodo de calor extremo nessa regi\u00e3o. Durante o ver\u00e3o amaz\u00f4nico, a combina\u00e7\u00e3o de dias mais longos, maior incid\u00eancia de radia\u00e7\u00e3o solar e umidade em decl\u00ednio resulta em temperaturas consistentemente acima da m\u00e9dia. Cidades no Amazonas, Par\u00e1 e Acre poder\u00e3o registrar temperaturas elevadas durante toda a primavera.<\/p>\n<p>No Nordeste, as temperaturas permencem em eleva\u00e7\u00e3o no Piau\u00ed, no Maranh\u00e3o e em parte da Bahia. Esse per\u00edodo \u00e9 tradicionalmente seco e quente, o que acentua ainda mais o cen\u00e1rio de altas temperaturas.<\/p>\n<p>J\u00e1 no Centro-Oeste, a por\u00e7\u00e3o norte, incluindo o norte de Mato Grosso e Goi\u00e1s, tamb\u00e9m ser\u00e1 impactada por massas de ar quente, elevando as temperaturas al\u00e9m do esperado. <\/p>\n<p>Em contraste, a faixa centro-sul do Brasil, que inclui S\u00e3o Paulo, Paran\u00e1, Santa Catarina e Rio Grande do Sul, dever\u00e1 registrar temperaturas mais dentro da normalidade, com pequenas varia\u00e7\u00f5es acima da m\u00e9dia. Isso se deve ao retorno mais consistente das chuvas, que ajudar\u00e3o a equilibrar o calor.<\/p>\n<p>A primavera \u00e9 tradicionalmente associada ao retorno das chuvas no Brasil, mas a distribui\u00e7\u00e3o dessas pancadas ser\u00e1 desigual no pa\u00eds. <\/p>\n<p>O post <a href=\"https:\/\/www.canalrural.com.br\/tempo\/primavera-chega-neste-domingo-veja-como-ficam-as-chuvas-e-as-temperaturas\/\">Primavera chega neste domingo: veja como ficam as chuvas e as temperaturas<\/a> apareceu primeiro em <a href=\"https:\/\/www.canalrural.com.br\/\">Canal Rural<\/a>.<\/p>","protected":false},"excerpt":{"rendered":"<p>Foto: Pixabay A primavera de 2024 come\u00e7a oficialmente neste domingo (22), \u00e0s 9h44 e vai at\u00e9 21 de dezembro, \u00e0s 6h21. Conforme os meteorologistas da Climatempo, a esta\u00e7\u00e3o marca um ponto de virada no\u00a0clima\u00a0do Brasil, representando o retorno das chuvas em v\u00e1rias regi\u00f5es, ap\u00f3s longo per\u00edodo de seca, e tamb\u00e9m o aumento natural das temperaturas. Confira na palma da m\u00e3o informa\u00e7\u00f5es quentes sobre agricultura, pecu\u00e1ria, economia e previs\u00e3o do tempo: siga o Canal Rural no WhatsApp! Chuvas na primavera Para as regi\u00f5es Norte e Nordeste, e a por\u00e7\u00e3o norte do Centro-Oeste, a tend\u00eancia \u00e9 de que as chuvas continuem abaixo da m\u00e9dia hist\u00f3rica. Isso se deve \u00e0 influ\u00eancia cont\u00ednua de massas de ar quentes e de fen\u00f4menos regionais como o ver\u00e3o amaz\u00f4nico, que mant\u00eam o clima mais seco nessas \u00e1reas. No entanto, h\u00e1 boas not\u00edcias para as regi\u00f5es Sudeste e parte do Centro-Oeste. Os modelos clim\u00e1ticos indicam que essas \u00e1reas ter\u00e3o chuvas mais frequentes e acima da m\u00e9dia para a esta\u00e7\u00e3o. A previs\u00e3o \u00e9 que o retorno das frentes frias e a atua\u00e7\u00e3o de cavados (\u00e1reas alongadas de baixa press\u00e3o) favore\u00e7am a forma\u00e7\u00e3o de sistemas de instabilidade que trar\u00e3o um al\u00edvio para a seca prolongada. Uma das previs\u00f5es mais aguardadas \u00e9 a poss\u00edvel forma\u00e7\u00e3o da Zona de Converg\u00eancia do Atl\u00e2ntico Sul (ZCAS) em dezembro, um fen\u00f4meno que, quando ativo, provoca chuvas intensas e persistentes em grandes partes do Brasil, especialmente no Sudeste e Centro-Oeste. Isso poder\u00e1 ser um ponto de al\u00edvio para regi\u00f5es que sofrem com a estiagem desde o outono. Por outro lado, o Rio Grande do Sul deve permanecer em alerta, pois a previs\u00e3o \u00e9 de que as chuvas fiquem abaixo da m\u00e9dia durante a primavera. A principal explica\u00e7\u00e3o para essa tend\u00eancia \u00e9 a condi\u00e7\u00e3o do Oceano Pac\u00edfico, que est\u00e1 mais frio do que o habitual, um fator que historicamente impacta negativamente o volume de chuvas no estado. Quando a chuva volta com regularidade e a fuma\u00e7a desaparece? O al\u00edvio para a polui\u00e7\u00e3o do ar e os focos de inc\u00eandio come\u00e7ar\u00e1, segundo as previs\u00f5es, na primeira quinzena de outubro. Nesse per\u00edodo, a faixa que se estende do oeste de Rond\u00f4nia ao oeste de Mato Grosso do Sul ver\u00e1 o retorno das chuvas, que ir\u00e3o se intensificar nas semanas seguintes. De forma geral, a maioria das \u00e1reas centrais e parte da faixa norte do Brasil dever\u00e1 experimentar um retorno mais regular das chuvas na segunda quinzena de outubro, o que trar\u00e1 um al\u00edvio significativo para os inc\u00eandios e para a qualidade do ar. A primavera, com suas caracter\u00edsticas t\u00edpicas de chuvas mais frequentes, dever\u00e1 limpar o cen\u00e1rio de fuma\u00e7a, ajudando a reduzir os impactos negativos que o Brasil enfrentou nos \u00faltimos meses. Temperatura No Norte, a chamada \u201cesta\u00e7\u00e3o do ver\u00e3o amaz\u00f4nico\u201d continua at\u00e9 novembro, estendendo o per\u00edodo de calor extremo nessa regi\u00e3o. Durante o ver\u00e3o amaz\u00f4nico, a combina\u00e7\u00e3o de dias mais longos, maior incid\u00eancia de radia\u00e7\u00e3o solar e umidade em decl\u00ednio resulta em temperaturas consistentemente acima da m\u00e9dia. Cidades no Amazonas, Par\u00e1 e Acre poder\u00e3o registrar temperaturas elevadas durante toda a primavera. No Nordeste, as temperaturas permencem em eleva\u00e7\u00e3o no Piau\u00ed, no Maranh\u00e3o e em parte da Bahia. Esse per\u00edodo \u00e9 tradicionalmente seco e quente, o que acentua ainda mais o cen\u00e1rio de altas temperaturas. J\u00e1 no Centro-Oeste, a por\u00e7\u00e3o norte, incluindo o norte de Mato Grosso e Goi\u00e1s, tamb\u00e9m ser\u00e1 impactada por massas de ar quente, elevando as temperaturas al\u00e9m do esperado. Em contraste, a faixa centro-sul do Brasil, que inclui S\u00e3o Paulo, Paran\u00e1, Santa Catarina e Rio Grande do Sul, dever\u00e1 registrar temperaturas mais dentro da normalidade, com pequenas varia\u00e7\u00f5es acima da m\u00e9dia. Isso se deve ao retorno mais consistente das chuvas, que ajudar\u00e3o a equilibrar o calor. A primavera \u00e9 tradicionalmente associada ao retorno das chuvas no Brasil, mas a distribui\u00e7\u00e3o dessas pancadas ser\u00e1 desigual no pa\u00eds. O post Primavera chega neste domingo: veja como ficam as chuvas e as temperaturas apareceu primeiro em Canal Rural.<\/p>\n","protected":false},"author":0,"featured_media":2378,"comment_status":"open","ping_status":"open","sticky":false,"template":"","format":"standard","meta":{"_monsterinsights_skip_tracking":false,"_monsterinsights_sitenote_active":false,"_monsterinsights_sitenote_note":"","_monsterinsights_sitenote_category":0,"footnotes":""},"categories":[1],"tags":[],"class_list":["post-2377","post","type-post","status-publish","format-standard","has-post-thumbnail","hentry","category-agronegocio"],"_links":{"self":[{"href":"https:\/\/senhorafrutta.com.br\/index.php\/wp-json\/wp\/v2\/posts\/2377","targetHints":{"allow":["GET"]}}],"collection":[{"href":"https:\/\/senhorafrutta.com.br\/index.php\/wp-json\/wp\/v2\/posts"}],"about":[{"href":"https:\/\/senhorafrutta.com.br\/index.php\/wp-json\/wp\/v2\/types\/post"}],"replies":[{"embeddable":true,"href":"https:\/\/senhorafrutta.com.br\/index.php\/wp-json\/wp\/v2\/comments?post=2377"}],"version-history":[{"count":0,"href":"https:\/\/senhorafrutta.com.br\/index.php\/wp-json\/wp\/v2\/posts\/2377\/revisions"}],"wp:featuredmedia":[{"embeddable":true,"href":"https:\/\/senhorafrutta.com.br\/index.php\/wp-json\/wp\/v2\/media\/2378"}],"wp:attachment":[{"href":"https:\/\/senhorafrutta.com.br\/index.php\/wp-json\/wp\/v2\/media?parent=2377"}],"wp:term":[{"taxonomy":"category","embeddable":true,"href":"https:\/\/senhorafrutta.com.br\/index.php\/wp-json\/wp\/v2\/categories?post=2377"},{"taxonomy":"post_tag","embeddable":true,"href":"https:\/\/senhorafrutta.com.br\/index.php\/wp-json\/wp\/v2\/tags?post=2377"}],"curies":[{"name":"wp","href":"https:\/\/api.w.org\/{rel}","templated":true}]}}