{"id":2371,"date":"2024-09-20T21:32:57","date_gmt":"2024-09-20T21:32:57","guid":{"rendered":"https:\/\/senhorafrutta.com.br\/index.php\/2024\/09\/20\/prevenir-e-combater-queimadas-sao-desafios-para-toda-sociedade\/"},"modified":"2024-09-20T21:32:57","modified_gmt":"2024-09-20T21:32:57","slug":"prevenir-e-combater-queimadas-sao-desafios-para-toda-sociedade","status":"publish","type":"post","link":"https:\/\/senhorafrutta.com.br\/index.php\/2024\/09\/20\/prevenir-e-combater-queimadas-sao-desafios-para-toda-sociedade\/","title":{"rendered":"Prevenir e combater queimadas s\u00e3o desafios para toda sociedade"},"content":{"rendered":"<div>Fogo em vegeta\u00e7\u00e3o de Cerrado em Lu\u00eds Eduardo Magalh\u00e3es (BA) | Imagem: Reprodu\u00e7\u00e3o\/Redes Sociais<\/div>\n<p>No Brasil que em 2024 arde em chamas, prevenir e combater queimadas no Cerrado, s\u00e3o desafios para Corpo de Bombeiros e brigadistas volunt\u00e1rios, que arriscam a vida em dif\u00edceis opera\u00e7\u00f5es e para toda sociedade. O primeiro epis\u00f3dio da s\u00e9rie especial, <strong>\u2018Cerrado Sem Fogo\u2019<\/strong>, mostra como \u00e9 feito esse trabalho.<\/p>\n<p>De acordo com o <strong>Instituto de Pesquisas Espaciais (Inpe)<\/strong>, foram <strong>68.635 <\/strong>focos de queimadas no pa\u00eds em agosto, um crescimento de <strong>144%<\/strong> em rela\u00e7\u00e3o ao mesmo per\u00edodo de 2023, quando foram registrados mais <strong>28.056 <\/strong>focos de inc\u00eandio, uma das piores marcas desde 2007, quando atingiu mais <strong>91.085 focos<\/strong>.<\/p>\n<p>Em todo o Cerrado, bioma que ocupa cerca de 25% do territ\u00f3rio nacional, foram mais <strong>18.620 <\/strong>focos.<\/p>\n<p>Nos estados do Matopiba (Maranh\u00e3o, Tocantins, Piau\u00ed e Bahia), de janeiro at\u00e9 13 de setembro de 2024, foram <strong>30.683 focos<\/strong>.segundo dados do Programa Queimadas do Inpe. <\/p>\n<p>Um trabalho dif\u00edcil para os combatentes que neste epis\u00f3dio detalham como s\u00e3o as ocorr\u00eancias de inc\u00eandios florestais no Cerrado brasileiro. <\/p>\n<p>Participaram deste epis\u00f3dio o Major Rocha, comandante da Base Floresta Oeste, de Barreiras (BA), o produtor rural, Jarbas Bergamaschi, que recentemente atuou no combate de um inc\u00eandio em uma de suas propriedades, da coordenadora do Bahia Sem Fogo, Daniela Fernandes e do gerente de sustentabilidade da Associa\u00e7\u00e3o de Agricultores e Irrigantes da Bahia (Aiba).<\/p>\n<p>Assista ao epis\u00f3dio:<\/p>\n<div class=\"wp-block-embed__wrapper\">\n<\/div>\n<p>O projeto\u00a0<a href=\"http:\/\/canalrural.com.br\/tag\/cerrado-sem-fogo\">Cerrado Sem Fogo<\/a>\u00a0\u00e9 uma campanha do Canal Rural Bahia com apoio da Associa\u00e7\u00e3o de Agricultores e Irrigantes da Bahia (Aiba), Associa\u00e7\u00e3o Baiana dos Produtores de Algod\u00e3o (Abapa), JCO Bioprodutos, Grupo Progresso e Sindicato dos Produtores Rurais de Lu\u00eds Eduardo Magalh\u00e3es.<\/p>\n<p><a href=\"https:\/\/www.canalrural.com.br\/nacional\/bahia\/canal-rural-exibe-nova-temporada-do-especial-cerrado-sem-fogo\/\">Canal Rural exibe nova temporada do especial Cerrado Sem Fogo<\/a><\/p>\n<p><em>Siga o\u00a0<a href=\"https:\/\/www.instagram.com\/canalruralbahia\/\">Canal Rural Bahia no Instagram<\/a>! Voc\u00ea tamb\u00e9m pode participar deixando uma sugest\u00e3o de pauta. Clique\u00a0<a href=\"https:\/\/wa.me\/5577999455066\"><strong>aqui<\/strong><\/a>\u00a0e envie uma mensagem para o nosso WhatsApp<\/em>!<\/p>\n<p>O post <a href=\"https:\/\/www.canalrural.com.br\/nacional\/bahia\/prevenir-e-combater-queimadas-sao-desafios-para-toda-sociedade\/\">Prevenir e combater queimadas s\u00e3o desafios para toda sociedade<\/a> apareceu primeiro em <a href=\"https:\/\/www.canalrural.com.br\/\">Canal Rural<\/a>.<\/p>","protected":false},"excerpt":{"rendered":"<p>Fogo em vegeta\u00e7\u00e3o de Cerrado em Lu\u00eds Eduardo Magalh\u00e3es (BA) | Imagem: Reprodu\u00e7\u00e3o\/Redes Sociais No Brasil que em 2024 arde em chamas, prevenir e combater queimadas no Cerrado, s\u00e3o desafios para Corpo de Bombeiros e brigadistas volunt\u00e1rios, que arriscam a vida em dif\u00edceis opera\u00e7\u00f5es e para toda sociedade. O primeiro epis\u00f3dio da s\u00e9rie especial, \u2018Cerrado Sem Fogo\u2019, mostra como \u00e9 feito esse trabalho. De acordo com o Instituto de Pesquisas Espaciais (Inpe), foram 68.635 focos de queimadas no pa\u00eds em agosto, um crescimento de 144% em rela\u00e7\u00e3o ao mesmo per\u00edodo de 2023, quando foram registrados mais 28.056 focos de inc\u00eandio, uma das piores marcas desde 2007, quando atingiu mais 91.085 focos. Em todo o Cerrado, bioma que ocupa cerca de 25% do territ\u00f3rio nacional, foram mais 18.620 focos. Nos estados do Matopiba (Maranh\u00e3o, Tocantins, Piau\u00ed e Bahia), de janeiro at\u00e9 13 de setembro de 2024, foram 30.683 focos.segundo dados do Programa Queimadas do Inpe. Um trabalho dif\u00edcil para os combatentes que neste epis\u00f3dio detalham como s\u00e3o as ocorr\u00eancias de inc\u00eandios florestais no Cerrado brasileiro. Participaram deste epis\u00f3dio o Major Rocha, comandante da Base Floresta Oeste, de Barreiras (BA), o produtor rural, Jarbas Bergamaschi, que recentemente atuou no combate de um inc\u00eandio em uma de suas propriedades, da coordenadora do Bahia Sem Fogo, Daniela Fernandes e do gerente de sustentabilidade da Associa\u00e7\u00e3o de Agricultores e Irrigantes da Bahia (Aiba). Assista ao epis\u00f3dio: O projeto\u00a0Cerrado Sem Fogo\u00a0\u00e9 uma campanha do Canal Rural Bahia com apoio da Associa\u00e7\u00e3o de Agricultores e Irrigantes da Bahia (Aiba), Associa\u00e7\u00e3o Baiana dos Produtores de Algod\u00e3o (Abapa), JCO Bioprodutos, Grupo Progresso e Sindicato dos Produtores Rurais de Lu\u00eds Eduardo Magalh\u00e3es. Canal Rural exibe nova temporada do especial Cerrado Sem Fogo Siga o\u00a0Canal Rural Bahia no Instagram! Voc\u00ea tamb\u00e9m pode participar deixando uma sugest\u00e3o de pauta. Clique\u00a0aqui\u00a0e envie uma mensagem para o nosso WhatsApp! O post Prevenir e combater queimadas s\u00e3o desafios para toda sociedade apareceu primeiro em Canal Rural.<\/p>\n","protected":false},"author":0,"featured_media":2372,"comment_status":"open","ping_status":"open","sticky":false,"template":"","format":"standard","meta":{"_monsterinsights_skip_tracking":false,"_monsterinsights_sitenote_active":false,"_monsterinsights_sitenote_note":"","_monsterinsights_sitenote_category":0,"footnotes":""},"categories":[1],"tags":[],"class_list":["post-2371","post","type-post","status-publish","format-standard","has-post-thumbnail","hentry","category-agronegocio"],"_links":{"self":[{"href":"https:\/\/senhorafrutta.com.br\/index.php\/wp-json\/wp\/v2\/posts\/2371","targetHints":{"allow":["GET"]}}],"collection":[{"href":"https:\/\/senhorafrutta.com.br\/index.php\/wp-json\/wp\/v2\/posts"}],"about":[{"href":"https:\/\/senhorafrutta.com.br\/index.php\/wp-json\/wp\/v2\/types\/post"}],"replies":[{"embeddable":true,"href":"https:\/\/senhorafrutta.com.br\/index.php\/wp-json\/wp\/v2\/comments?post=2371"}],"version-history":[{"count":0,"href":"https:\/\/senhorafrutta.com.br\/index.php\/wp-json\/wp\/v2\/posts\/2371\/revisions"}],"wp:featuredmedia":[{"embeddable":true,"href":"https:\/\/senhorafrutta.com.br\/index.php\/wp-json\/wp\/v2\/media\/2372"}],"wp:attachment":[{"href":"https:\/\/senhorafrutta.com.br\/index.php\/wp-json\/wp\/v2\/media?parent=2371"}],"wp:term":[{"taxonomy":"category","embeddable":true,"href":"https:\/\/senhorafrutta.com.br\/index.php\/wp-json\/wp\/v2\/categories?post=2371"},{"taxonomy":"post_tag","embeddable":true,"href":"https:\/\/senhorafrutta.com.br\/index.php\/wp-json\/wp\/v2\/tags?post=2371"}],"curies":[{"name":"wp","href":"https:\/\/api.w.org\/{rel}","templated":true}]}}