{"id":2359,"date":"2024-09-19T23:31:51","date_gmt":"2024-09-19T23:31:51","guid":{"rendered":"https:\/\/senhorafrutta.com.br\/index.php\/2024\/09\/19\/governo-de-ms-buscara-indenizar-produtores-com-areas-em-terras-indigenas\/"},"modified":"2024-09-19T23:31:51","modified_gmt":"2024-09-19T23:31:51","slug":"governo-de-ms-buscara-indenizar-produtores-com-areas-em-terras-indigenas","status":"publish","type":"post","link":"https:\/\/senhorafrutta.com.br\/index.php\/2024\/09\/19\/governo-de-ms-buscara-indenizar-produtores-com-areas-em-terras-indigenas\/","title":{"rendered":"Governo de MS buscar\u00e1 indenizar produtores com \u00e1reas em terras ind\u00edgenas"},"content":{"rendered":"<div>Foto: Pedro Silvestre\/ Canal Rural Mato Grosso<\/div>\n<p>O governador do estado de Mato Grosso do Sul, Eduardo Riedel, participou de reuni\u00e3o em Bras\u00edlia na tarde desta quinta-feira (19) com o ministro do Superior Tribunal Federal <strong><a href=\"https:\/\/portal.stf.jus.br\/\">(STF)<\/a><\/strong>, Gilmar Mendes. No encontro, foi apresentada documenta\u00e7\u00e3o sobre \u00e1reas em lit\u00edgio no estado e discutida a <strong><a href=\"https:\/\/www.canalrural.com.br\/nacional\/morte-de-indigena-em-mato-grosso-do-sul-era-tragedia-anunciada-diz-tereza-cristina\/\">morte do ind\u00edgena Neri Guarani Kaiow\u00e1 pela pol\u00edcia militar<\/a><\/strong>, em conflito na Terra Ind\u00edgena \u00d1ande Ru Marangatu, ocorrida na \u00faltima quarta-feira (18)<\/p>\n<p><em>Confira na palma da m\u00e3o informa\u00e7\u00f5es quentes sobre agricultura, pecu\u00e1ria, economia e previs\u00e3o do tempo:<\/em><a href=\"https:\/\/whatsapp.com\/channel\/0029Va9VnZxGk1FplZjiW43k\"><em>\u00a0<\/em><strong><em>siga o Canal Rural no WhatsApp!<\/em><\/strong><\/a> <\/p>\n<div class=\"wp-block-embed__wrapper\">\n<\/div>\n<p>Na a\u00e7\u00e3o, policiais buscavam cumprir liminar obtida por um casal de produtores rurais que mant\u00e9m fazenda na \u00e1rea h\u00e1 anos e que estava ocupada pela tribo Guarani Kaiow\u00e1 desde a semana passada. Durante enfrentamento, os militares atingiram o ind\u00edgena com um tiro na cabe\u00e7a.<\/p>\n<h2 class=\"wp-block-heading\">Documenta\u00e7\u00e3o sobre \u00e1reas ind\u00edgenas<\/h2>\n<p>De acordo com o governador, foi levado at\u00e9 o ministro do STF toda a documenta\u00e7\u00e3o envolvendo os conflitos de terra em Mato Grosso do Sul. \u201c[A papelada abrange] todas as \u00e1reas que est\u00e3o em estudo, tamb\u00e9m as estudadas, declaradas, homologadas e demarcadas e o grau de lit\u00edgio de cada uma delas para que possamos avan\u00e7ar em solu\u00e7\u00f5es concretas\u201d.<\/p>\n<p>Segundo Riedel, a quest\u00e3o tem como pano de fundo dois princ\u00edpios constitucionais que est\u00e3o em conflito: direito \u00e0 propriedade com t\u00edtulos legais e cadeia dominial correta e a demarca\u00e7\u00e3o de \u00e1reas ind\u00edgenas por parte de antrop\u00f3logos.<\/p>\n<p>\u201cEnt\u00e3o vamos buscar a solu\u00e7\u00e3o por meio da indeniza\u00e7\u00e3o dos propriet\u00e1rios nas \u00e1reas onde isso couber. Estamos trabalhando para encerrar esse conflito. Ningu\u00e9m ganha com isso, \u00e9 uma situa\u00e7\u00e3o extremamente ruim para o estado, para as comunidades ind\u00edgenas e para a Pol\u00edcia Militar do nosso estado\u201d.<\/p>\n<p>O encontro em Bras\u00edlia tamb\u00e9m serviu para se discutir as a\u00e7\u00f5es contra os inc\u00eandios florestais no estado, em especial a prepara\u00e7\u00e3o para o pr\u00f3ximo per\u00edodo de seca.<\/p>\n<p>O post <a href=\"https:\/\/www.canalrural.com.br\/nacional\/governo-de-ms-buscara-indenizar-produtores-com-areas-em-terras-indigenas\/\">Governo de MS buscar\u00e1 indenizar produtores com \u00e1reas em terras ind\u00edgenas<\/a> apareceu primeiro em <a href=\"https:\/\/www.canalrural.com.br\/\">Canal Rural<\/a>.<\/p>","protected":false},"excerpt":{"rendered":"<p>Foto: Pedro Silvestre\/ Canal Rural Mato Grosso O governador do estado de Mato Grosso do Sul, Eduardo Riedel, participou de reuni\u00e3o em Bras\u00edlia na tarde desta quinta-feira (19) com o ministro do Superior Tribunal Federal (STF), Gilmar Mendes. No encontro, foi apresentada documenta\u00e7\u00e3o sobre \u00e1reas em lit\u00edgio no estado e discutida a morte do ind\u00edgena Neri Guarani Kaiow\u00e1 pela pol\u00edcia militar, em conflito na Terra Ind\u00edgena \u00d1ande Ru Marangatu, ocorrida na \u00faltima quarta-feira (18) Confira na palma da m\u00e3o informa\u00e7\u00f5es quentes sobre agricultura, pecu\u00e1ria, economia e previs\u00e3o do tempo:\u00a0siga o Canal Rural no WhatsApp! Na a\u00e7\u00e3o, policiais buscavam cumprir liminar obtida por um casal de produtores rurais que mant\u00e9m fazenda na \u00e1rea h\u00e1 anos e que estava ocupada pela tribo Guarani Kaiow\u00e1 desde a semana passada. Durante enfrentamento, os militares atingiram o ind\u00edgena com um tiro na cabe\u00e7a. Documenta\u00e7\u00e3o sobre \u00e1reas ind\u00edgenas De acordo com o governador, foi levado at\u00e9 o ministro do STF toda a documenta\u00e7\u00e3o envolvendo os conflitos de terra em Mato Grosso do Sul. \u201c[A papelada abrange] todas as \u00e1reas que est\u00e3o em estudo, tamb\u00e9m as estudadas, declaradas, homologadas e demarcadas e o grau de lit\u00edgio de cada uma delas para que possamos avan\u00e7ar em solu\u00e7\u00f5es concretas\u201d. Segundo Riedel, a quest\u00e3o tem como pano de fundo dois princ\u00edpios constitucionais que est\u00e3o em conflito: direito \u00e0 propriedade com t\u00edtulos legais e cadeia dominial correta e a demarca\u00e7\u00e3o de \u00e1reas ind\u00edgenas por parte de antrop\u00f3logos. \u201cEnt\u00e3o vamos buscar a solu\u00e7\u00e3o por meio da indeniza\u00e7\u00e3o dos propriet\u00e1rios nas \u00e1reas onde isso couber. Estamos trabalhando para encerrar esse conflito. Ningu\u00e9m ganha com isso, \u00e9 uma situa\u00e7\u00e3o extremamente ruim para o estado, para as comunidades ind\u00edgenas e para a Pol\u00edcia Militar do nosso estado\u201d. O encontro em Bras\u00edlia tamb\u00e9m serviu para se discutir as a\u00e7\u00f5es contra os inc\u00eandios florestais no estado, em especial a prepara\u00e7\u00e3o para o pr\u00f3ximo per\u00edodo de seca. O post Governo de MS buscar\u00e1 indenizar produtores com \u00e1reas em terras ind\u00edgenas apareceu primeiro em Canal Rural.<\/p>\n","protected":false},"author":0,"featured_media":2360,"comment_status":"open","ping_status":"open","sticky":false,"template":"","format":"standard","meta":{"_monsterinsights_skip_tracking":false,"_monsterinsights_sitenote_active":false,"_monsterinsights_sitenote_note":"","_monsterinsights_sitenote_category":0,"footnotes":""},"categories":[1],"tags":[],"class_list":["post-2359","post","type-post","status-publish","format-standard","has-post-thumbnail","hentry","category-agronegocio"],"_links":{"self":[{"href":"https:\/\/senhorafrutta.com.br\/index.php\/wp-json\/wp\/v2\/posts\/2359","targetHints":{"allow":["GET"]}}],"collection":[{"href":"https:\/\/senhorafrutta.com.br\/index.php\/wp-json\/wp\/v2\/posts"}],"about":[{"href":"https:\/\/senhorafrutta.com.br\/index.php\/wp-json\/wp\/v2\/types\/post"}],"replies":[{"embeddable":true,"href":"https:\/\/senhorafrutta.com.br\/index.php\/wp-json\/wp\/v2\/comments?post=2359"}],"version-history":[{"count":0,"href":"https:\/\/senhorafrutta.com.br\/index.php\/wp-json\/wp\/v2\/posts\/2359\/revisions"}],"wp:featuredmedia":[{"embeddable":true,"href":"https:\/\/senhorafrutta.com.br\/index.php\/wp-json\/wp\/v2\/media\/2360"}],"wp:attachment":[{"href":"https:\/\/senhorafrutta.com.br\/index.php\/wp-json\/wp\/v2\/media?parent=2359"}],"wp:term":[{"taxonomy":"category","embeddable":true,"href":"https:\/\/senhorafrutta.com.br\/index.php\/wp-json\/wp\/v2\/categories?post=2359"},{"taxonomy":"post_tag","embeddable":true,"href":"https:\/\/senhorafrutta.com.br\/index.php\/wp-json\/wp\/v2\/tags?post=2359"}],"curies":[{"name":"wp","href":"https:\/\/api.w.org\/{rel}","templated":true}]}}