{"id":2333,"date":"2024-09-19T21:24:40","date_gmt":"2024-09-19T21:24:40","guid":{"rendered":"https:\/\/senhorafrutta.com.br\/index.php\/2024\/09\/19\/agro-nao-pode-pagar-pelos-criminosos-diz-governador-do-mt-a-cnn-sobre-queimadas\/"},"modified":"2024-09-19T21:24:40","modified_gmt":"2024-09-19T21:24:40","slug":"agro-nao-pode-pagar-pelos-criminosos-diz-governador-do-mt-a-cnn-sobre-queimadas","status":"publish","type":"post","link":"https:\/\/senhorafrutta.com.br\/index.php\/2024\/09\/19\/agro-nao-pode-pagar-pelos-criminosos-diz-governador-do-mt-a-cnn-sobre-queimadas\/","title":{"rendered":"Agro n\u00e3o pode pagar pelos criminosos, diz governador do MT \u00e0 CNN sobre queimadas"},"content":{"rendered":"<p>O governador do Mato Grosso, Mauro Mendes (Uni\u00e3o Brasil), defendeu a cria\u00e7\u00e3o de medidas ambientais mais r\u00edgidas para punir crimes contra o meio ambiente.<\/p>\n<div class=\"custom__ad__element\"><\/div>\n<p>Em entrevista ao <strong>CNN 360\u00b0<\/strong>, Mendes argumentou que o agroneg\u00f3cio brasileiro n\u00e3o pode ser prejudicado por uma minoria que comete infra\u00e7\u00f5es.<\/p>\n<p>Segundo o governador, o C\u00f3digo Florestal brasileiro \u00e9 \u201csem d\u00favida, a lei ambiental mais restritiva do planeta\u201d.<\/p>\n<p>No entanto, ele ressaltou que uma pequena parcela de produtores ainda descumpre a legisla\u00e7\u00e3o: \u201cQuem n\u00e3o cumpre ela de forma deliberada, que desmata al\u00e9m daquilo que pode, que comete esses crimes ambientais, \u00e9 menos de 2%\u201d.<\/p>\n<h2 class=\"read-too__title\">Leia Mais <\/h2>\n<p>    <a class=\"read-too__link\" href=\"https:\/\/www.cnnbrasil.com.br\/economia\/macroeconomia\/em-meio-a-queimadas-brasil-sedia-g20-do-turismo-com-foco-em-sustentabilidade\/\" target=\"_self\" rel=\"noopener\"><\/a><\/p>\n<h3 class=\"read-too__post-title\">Em meio a queimadas, Brasil sedia G20 do turismo com foco em sustentabilidade<\/h3>\n<p>    <\/p>\n<p>    <a class=\"read-too__link\" href=\"https:\/\/www.cnnbrasil.com.br\/blogs\/luisa-martins\/politica\/mp-quer-fim-do-credito-a-infratores-ambientais\/\" target=\"_self\" rel=\"noopener\"><\/a><\/p>\n<h3 class=\"read-too__post-title\">MP quer fim do cr\u00e9dito a infratores ambientais<\/h3>\n<p>    <\/p>\n<p>    <a class=\"read-too__link\" href=\"https:\/\/www.cnnbrasil.com.br\/nacional\/incendio-em-viaduto-e-controlado-mas-transito-fica-caotico-veja\/\" target=\"_self\" rel=\"noopener\"><\/a><\/p>\n<h3 class=\"read-too__post-title\">Inc\u00eandio em viaduto \u00e9 controlado, mas tr\u00e2nsito fica ca\u00f3tico em SP; veja<\/h3>\n<p>    <\/p>\n<h2>Prote\u00e7\u00e3o da imagem do agroneg\u00f3cio<\/h2>\n<p>Mendes enfatizou a import\u00e2ncia de proteger a reputa\u00e7\u00e3o do setor agr\u00edcola brasileiro: \u201cN\u00f3s n\u00e3o podemos prejudicar o pa\u00eds, a imagem do agroneg\u00f3cio brasileiro, as nossas rela\u00e7\u00f5es com os com\u00e9rcios internacionais que n\u00f3s fazemos a partir do agro, por causa de 2% das pessoas\u201d.<\/p>\n<div class=\"custom__ad__element\"><\/div>\n<p>O governador relatou que, em uma reuni\u00e3o com 50 presidentes de sindicatos rurais, houve consenso sobre a necessidade de penalizar severamente os infratores.<\/p>\n<p>\u201c\u00c9 melhor n\u00f3s penalizarmos duramente 2% do que deixar 2% penalizarem o nosso pa\u00eds, o meio ambiente e os nossos mercados com os quais n\u00f3s desenvolvemos atividade a partir do agro brasileiro\u201d, afirmou.<\/p>\n<h2>Expectativa de apoio do Congresso Nacional<\/h2>\n<p>Mauro Mendes expressou confian\u00e7a de que o Congresso Nacional compreender\u00e1 a import\u00e2ncia de adotar medidas mais rigorosas contra crimes ambientais.<\/p>\n<p>Ele acredita que, com a implementa\u00e7\u00e3o dessas medidas, ser\u00e1 poss\u00edvel \u2018banir alguns crimes ambientais\u2019 e que esse exemplo possa ser aplicado em outros setores da legisla\u00e7\u00e3o brasileira.<\/p>\n<p>\u201cTenho absoluta convic\u00e7\u00e3o de que adotando-se essa medida mais dura e mais restritiva, praticamente n\u00f3s vamos banir alguns crimes ambientais e que esse exemplo possa servir para outros campos tamb\u00e9m da normativa brasileira, banir alguns tipos de crimes tamb\u00e9m t\u00e3o recorrentes e t\u00e3o persistentes no nosso Brasil\u201d, concluiu o governador.<\/p>\n<div class=\"disclaimer__ai\">\n    <em>Os textos gerados por intelig\u00eancia artificial na <strong>CNN Brasil<\/strong>\u00a0s\u00e3o feitos com base nos cortes de v\u00eddeos dos jornais de sua programa\u00e7\u00e3o. Todas as informa\u00e7\u00f5es s\u00e3o apuradas e checadas por jornalistas. O texto final tamb\u00e9m passa pela revis\u00e3o da equipe de jornalismo da\u00a0<strong>CNN<\/strong>.\u00a0<a href=\"https:\/\/www.cnnbrasil.com.br\/nacional\/saiba-como-a-cnn-brasil-utiliza-as-ferramentas-de-inteligencia-artificial\/\" target=\"_blank\" rel=\"noopener\">Clique aqui para saber mais<\/a>.<\/em>\n<\/div>\n<p>Este conte\u00fado foi originalmente publicado em <a href=\"https:\/\/www.cnnbrasil.com.br\/politica\/agro-nao-pode-pagar-pelos-criminosos-diz-governador-do-mt-a-cnn-sobre-queimadas\/\">Agro n\u00e3o pode pagar pelos criminosos, diz governador do MT \u00e0 CNN sobre queimadas<\/a> no site <a href=\"https:\/\/www.cnnbrasil.com.br\/\">CNN Brasil<\/a>.<\/p>","protected":false},"excerpt":{"rendered":"<p>O governador do Mato Grosso, Mauro Mendes (Uni\u00e3o Brasil), defendeu a cria\u00e7\u00e3o de medidas ambientais mais r\u00edgidas para punir crimes contra o meio ambiente. Em entrevista ao CNN 360\u00b0, Mendes argumentou que o agroneg\u00f3cio brasileiro n\u00e3o pode ser prejudicado por uma minoria que comete infra\u00e7\u00f5es. Segundo o governador, o C\u00f3digo Florestal brasileiro \u00e9 \u201csem d\u00favida, a lei ambiental mais restritiva do planeta\u201d. No entanto, ele ressaltou que uma pequena parcela de produtores ainda descumpre a legisla\u00e7\u00e3o: \u201cQuem n\u00e3o cumpre ela de forma deliberada, que desmata al\u00e9m daquilo que pode, que comete esses crimes ambientais, \u00e9 menos de 2%\u201d. Leia Mais Em meio a queimadas, Brasil sedia G20 do turismo com foco em sustentabilidade MP quer fim do cr\u00e9dito a infratores ambientais Inc\u00eandio em viaduto \u00e9 controlado, mas tr\u00e2nsito fica ca\u00f3tico em SP; veja Prote\u00e7\u00e3o da imagem do agroneg\u00f3cio Mendes enfatizou a import\u00e2ncia de proteger a reputa\u00e7\u00e3o do setor agr\u00edcola brasileiro: \u201cN\u00f3s n\u00e3o podemos prejudicar o pa\u00eds, a imagem do agroneg\u00f3cio brasileiro, as nossas rela\u00e7\u00f5es com os com\u00e9rcios internacionais que n\u00f3s fazemos a partir do agro, por causa de 2% das pessoas\u201d. O governador relatou que, em uma reuni\u00e3o com 50 presidentes de sindicatos rurais, houve consenso sobre a necessidade de penalizar severamente os infratores. \u201c\u00c9 melhor n\u00f3s penalizarmos duramente 2% do que deixar 2% penalizarem o nosso pa\u00eds, o meio ambiente e os nossos mercados com os quais n\u00f3s desenvolvemos atividade a partir do agro brasileiro\u201d, afirmou. Expectativa de apoio do Congresso Nacional Mauro Mendes expressou confian\u00e7a de que o Congresso Nacional compreender\u00e1 a import\u00e2ncia de adotar medidas mais rigorosas contra crimes ambientais. Ele acredita que, com a implementa\u00e7\u00e3o dessas medidas, ser\u00e1 poss\u00edvel \u2018banir alguns crimes ambientais\u2019 e que esse exemplo possa ser aplicado em outros setores da legisla\u00e7\u00e3o brasileira. \u201cTenho absoluta convic\u00e7\u00e3o de que adotando-se essa medida mais dura e mais restritiva, praticamente n\u00f3s vamos banir alguns crimes ambientais e que esse exemplo possa servir para outros campos tamb\u00e9m da normativa brasileira, banir alguns tipos de crimes tamb\u00e9m t\u00e3o recorrentes e t\u00e3o persistentes no nosso Brasil\u201d, concluiu o governador. Os textos gerados por intelig\u00eancia artificial na CNN Brasil\u00a0s\u00e3o feitos com base nos cortes de v\u00eddeos dos jornais de sua programa\u00e7\u00e3o. Todas as informa\u00e7\u00f5es s\u00e3o apuradas e checadas por jornalistas. O texto final tamb\u00e9m passa pela revis\u00e3o da equipe de jornalismo da\u00a0CNN.\u00a0Clique aqui para saber mais. Este conte\u00fado foi originalmente publicado em Agro n\u00e3o pode pagar pelos criminosos, diz governador do MT \u00e0 CNN sobre queimadas no site CNN Brasil.<\/p>\n","protected":false},"author":0,"featured_media":2334,"comment_status":"open","ping_status":"open","sticky":false,"template":"","format":"standard","meta":{"_monsterinsights_skip_tracking":false,"_monsterinsights_sitenote_active":false,"_monsterinsights_sitenote_note":"","_monsterinsights_sitenote_category":0,"footnotes":""},"categories":[1],"tags":[],"class_list":["post-2333","post","type-post","status-publish","format-standard","has-post-thumbnail","hentry","category-agronegocio"],"_links":{"self":[{"href":"https:\/\/senhorafrutta.com.br\/index.php\/wp-json\/wp\/v2\/posts\/2333","targetHints":{"allow":["GET"]}}],"collection":[{"href":"https:\/\/senhorafrutta.com.br\/index.php\/wp-json\/wp\/v2\/posts"}],"about":[{"href":"https:\/\/senhorafrutta.com.br\/index.php\/wp-json\/wp\/v2\/types\/post"}],"replies":[{"embeddable":true,"href":"https:\/\/senhorafrutta.com.br\/index.php\/wp-json\/wp\/v2\/comments?post=2333"}],"version-history":[{"count":0,"href":"https:\/\/senhorafrutta.com.br\/index.php\/wp-json\/wp\/v2\/posts\/2333\/revisions"}],"wp:featuredmedia":[{"embeddable":true,"href":"https:\/\/senhorafrutta.com.br\/index.php\/wp-json\/wp\/v2\/media\/2334"}],"wp:attachment":[{"href":"https:\/\/senhorafrutta.com.br\/index.php\/wp-json\/wp\/v2\/media?parent=2333"}],"wp:term":[{"taxonomy":"category","embeddable":true,"href":"https:\/\/senhorafrutta.com.br\/index.php\/wp-json\/wp\/v2\/categories?post=2333"},{"taxonomy":"post_tag","embeddable":true,"href":"https:\/\/senhorafrutta.com.br\/index.php\/wp-json\/wp\/v2\/tags?post=2333"}],"curies":[{"name":"wp","href":"https:\/\/api.w.org\/{rel}","templated":true}]}}