{"id":2301,"date":"2024-09-18T23:28:13","date_gmt":"2024-09-18T23:28:13","guid":{"rendered":"https:\/\/senhorafrutta.com.br\/index.php\/2024\/09\/18\/copom-eleva-juros-basicos-da-economia-para-1075-ao-ano\/"},"modified":"2024-09-18T23:28:13","modified_gmt":"2024-09-18T23:28:13","slug":"copom-eleva-juros-basicos-da-economia-para-1075-ao-ano","status":"publish","type":"post","link":"https:\/\/senhorafrutta.com.br\/index.php\/2024\/09\/18\/copom-eleva-juros-basicos-da-economia-para-1075-ao-ano\/","title":{"rendered":"Copom eleva juros b\u00e1sicos da economia para 10,75% ao ano"},"content":{"rendered":"<div>Foto: Pixabay<\/div>\n<p>A alta recente do d\u00f3lar e as incertezas em torno da infla\u00e7\u00e3o fizeram o Banco Central (BC) elevar os juros pela primeira vez em mais de dois anos. <\/p>\n<p>Por unanimidade, o Comit\u00ea de Pol\u00edtica Monet\u00e1ria <strong><a href=\"https:\/\/www.bcb.gov.br\/controleinflacao\/copom\">(Copom)<\/a><\/strong> aumentou a taxa Selic, juros b\u00e1sicos da <strong><a href=\"https:\/\/www.canalrural.com.br\/economia\/\">economia<\/a><\/strong>, em 0,25 ponto percentual, para 10,75% ao ano. A decis\u00e3o era esperada pelo mercado financeiro.<\/p>\n<div class=\"wp-block-embed__wrapper\">\n<\/div>\n<p>A \u00faltima alta dos juros ocorreu em agosto de 2022, quando a taxa subiu de <strong>13,25% para 13,75%<\/strong> ao ano. Ap\u00f3s passar um ano nesse n\u00edvel, a taxa teve seis cortes de 0,5 ponto e um corte de 0,25 ponto, entre agosto do ano passado e maio deste ano. Nas reuni\u00f5es de junho e julho, o Copom decidiu manter a taxa em 10,5% ao ano.<\/p>\n<h2 class=\"wp-block-heading\">Fatores que motivaram a alta<\/h2>\n<p>Em comunicado, o Copom justificou a alta dos juros baseada nos seguintes fatores: <\/p>\n<p>Resili\u00eancia na atividade econ\u00f4mica; <\/p>\n<p>Press\u00f5es no mercado de trabalho;<\/p>\n<p>Hiato do produto positivo (economia caminhando para consumir mais que a capacidade de produ\u00e7\u00e3o);<\/p>\n<p>Alta das estimativas para a infla\u00e7\u00e3o e desancoragem das expectativas de infla\u00e7\u00e3o <\/p>\n<p>Em rela\u00e7\u00e3o ao futuro, o texto foi vago sobre a intensidade e a dura\u00e7\u00e3o do ciclo de alta dos juros.<\/p>\n<p>\u201cO ritmo de ajustes futuros na taxa de juros e a magnitude total do ciclo ora iniciado ser\u00e3o ditados pelo firme compromisso de converg\u00eancia da infla\u00e7\u00e3o \u00e0 meta e depender\u00e3o da evolu\u00e7\u00e3o da din\u00e2mica da infla\u00e7\u00e3o, em especial dos componentes mais sens\u00edveis \u00e0 atividade econ\u00f4mica e \u00e0 pol\u00edtica monet\u00e1ria, das proje\u00e7\u00f5es de infla\u00e7\u00e3o, das expectativas de infla\u00e7\u00e3o, do hiato do produto e do balan\u00e7o de riscos\u201d, informou o Copom.<\/p>\n<h2 class=\"wp-block-heading\">Taxa de infla\u00e7\u00e3o<\/h2>\n<p>A Selic \u00e9 o principal instrumento do Banco Central para manter sob controle a infla\u00e7\u00e3o oficial, medida pelo \u00cdndice Nacional de Pre\u00e7os ao Consumidor Amplo (IPCA). <\/p>\n<p>Em agosto, o \u00cdndice Nacional de Pre\u00e7os ao Consumidor Amplo (IPCA), considerado a infla\u00e7\u00e3o oficial, ficou negativo em 0,02%. Segundo o Instituto Brasileiro de Geografia e Estat\u00edstica (IBGE), a queda no pre\u00e7o da energia puxou o \u00edndice para baixo, mas o al\u00edvio na infla\u00e7\u00e3o \u00e9 tempor\u00e1rio.<\/p>\n<p>As tarifas de luz subir\u00e3o a partir de setembro por causa da bandeira tarif\u00e1ria vermelha. Al\u00e9m disso, a seca prolongada ter\u00e1 impacto no pre\u00e7o dos alimentos. Na semana passada, o ministro da Fazenda, Fernando Haddad, defendeu que o choque de oferta de alimentos n\u00e3o seja resolvido por meio de juros.<\/p>\n<p>Com o resultado, o indicador acumula alta de 4,24% em 12 meses, pr\u00f3ximo do teto da meta deste ano. Para 2024, o Conselho Monet\u00e1rio Nacional (CMN) fixou meta de infla\u00e7\u00e3o de 3%, com margem de toler\u00e2ncia de 1,5 ponto percentual. O IPCA, portanto, n\u00e3o podia superar 4,5% nem ficar abaixo de 1,5% neste ano.<\/p>\n<p>No \u00faltimo Relat\u00f3rio de Infla\u00e7\u00e3o, divulgado no fim de junho pelo Banco Central, a autoridade monet\u00e1ria manteve a previs\u00e3o de que o IPCA termine 2024 em 4%, mas a estimativa pode mudar por causa da alta do d\u00f3lar e do impacto da seca prolongada sobre os pre\u00e7os. O pr\u00f3ximo relat\u00f3rio ser\u00e1 divulgado no fim de setembro.<\/p>\n<p>As previs\u00f5es do mercado est\u00e3o mais pessimistas. De acordo com o boletim Focus, pesquisa semanal com institui\u00e7\u00f5es financeiras divulgada pelo BC, a infla\u00e7\u00e3o oficial dever\u00e1 fechar o ano em 4,35%, perto do teto da meta. H\u00e1 um m\u00eas, as estimativas do mercado estavam em 4,22%.<\/p>\n<p>Pela primeira vez, o comunicado do Copom trouxe as expectativas atualizadas do Banco Central sobre a infla\u00e7\u00e3o. A autoridade monet\u00e1ria prev\u00ea que o IPCA chegar\u00e1 a 4,3% em 2024, 3,7% em 2025 e 3,5% no acumulado em 12 meses no fim do primeiro trimestre em 2026. Isso porque o Banco Central trabalha com o que chama de \u201chorizonte ampliado\u201d, considerando o cen\u00e1rio para a infla\u00e7\u00e3o em at\u00e9 18 meses.<\/p>\n<h2 class=\"wp-block-heading\">Cr\u00e9dito mais caro<\/h2>\n<p>Foto: Mapa<\/p>\n<p>O aumento da taxa Selic ajuda a conter a infla\u00e7\u00e3o. Isso porque juros mais altos encarecem o cr\u00e9dito e desestimulam a produ\u00e7\u00e3o e o consumo. Por outro lado, taxas maiores dificultam o crescimento econ\u00f4mico. <\/p>\n<p>No \u00faltimo Relat\u00f3rio de Infla\u00e7\u00e3o, o Banco Central aumentou para 2,3% a proje\u00e7\u00e3o de crescimento para a economia em 2024, mas o n\u00famero deve ser revisado ap\u00f3s o crescimento de 1,4% no Produto Interno Bruto (PIB) no segundo trimestre.<\/p>\n<p>O mercado projeta crescimento bem melhor. Segundo a \u00faltima edi\u00e7\u00e3o do boletim Focus, os analistas econ\u00f4micos preveem expans\u00e3o de 2,96% do PIB em 2024.<\/p>\n<p>A taxa b\u00e1sica de juros \u00e9 usada nas negocia\u00e7\u00f5es de t\u00edtulos p\u00fablicos no Sistema Especial de Liquida\u00e7\u00e3o e Cust\u00f3dia (Selic) e serve de refer\u00eancia para as demais taxas de juros da economia. Ao reajust\u00e1-la para cima, o Banco Central segura o excesso de demanda que pressiona os pre\u00e7os, porque juros mais altos encarecem o cr\u00e9dito e estimulam a poupan\u00e7a.<\/p>\n<p>Ao reduzir os juros b\u00e1sicos, o Copom barateia o cr\u00e9dito e incentiva a produ\u00e7\u00e3o e o consumo, mas enfraquece o controle da infla\u00e7\u00e3o. Para cortar a Selic, a autoridade monet\u00e1ria precisa estar segura de que os pre\u00e7os est\u00e3o sob controle e n\u00e3o correm risco de subir.<\/p>\n<p>O post <a href=\"https:\/\/www.canalrural.com.br\/economia\/copom-eleva-juros-basicos-da-economia-para-1075-ao-ano\/\">Copom eleva juros b\u00e1sicos da economia para 10,75% ao ano<\/a> apareceu primeiro em <a href=\"https:\/\/www.canalrural.com.br\/\">Canal Rural<\/a>.<\/p>","protected":false},"excerpt":{"rendered":"<p>Foto: Pixabay A alta recente do d\u00f3lar e as incertezas em torno da infla\u00e7\u00e3o fizeram o Banco Central (BC) elevar os juros pela primeira vez em mais de dois anos. Por unanimidade, o Comit\u00ea de Pol\u00edtica Monet\u00e1ria (Copom) aumentou a taxa Selic, juros b\u00e1sicos da economia, em 0,25 ponto percentual, para 10,75% ao ano. A decis\u00e3o era esperada pelo mercado financeiro. A \u00faltima alta dos juros ocorreu em agosto de 2022, quando a taxa subiu de 13,25% para 13,75% ao ano. Ap\u00f3s passar um ano nesse n\u00edvel, a taxa teve seis cortes de 0,5 ponto e um corte de 0,25 ponto, entre agosto do ano passado e maio deste ano. Nas reuni\u00f5es de junho e julho, o Copom decidiu manter a taxa em 10,5% ao ano. Fatores que motivaram a alta Em comunicado, o Copom justificou a alta dos juros baseada nos seguintes fatores: Resili\u00eancia na atividade econ\u00f4mica; Press\u00f5es no mercado de trabalho; Hiato do produto positivo (economia caminhando para consumir mais que a capacidade de produ\u00e7\u00e3o); Alta das estimativas para a infla\u00e7\u00e3o e desancoragem das expectativas de infla\u00e7\u00e3o Em rela\u00e7\u00e3o ao futuro, o texto foi vago sobre a intensidade e a dura\u00e7\u00e3o do ciclo de alta dos juros. \u201cO ritmo de ajustes futuros na taxa de juros e a magnitude total do ciclo ora iniciado ser\u00e3o ditados pelo firme compromisso de converg\u00eancia da infla\u00e7\u00e3o \u00e0 meta e depender\u00e3o da evolu\u00e7\u00e3o da din\u00e2mica da infla\u00e7\u00e3o, em especial dos componentes mais sens\u00edveis \u00e0 atividade econ\u00f4mica e \u00e0 pol\u00edtica monet\u00e1ria, das proje\u00e7\u00f5es de infla\u00e7\u00e3o, das expectativas de infla\u00e7\u00e3o, do hiato do produto e do balan\u00e7o de riscos\u201d, informou o Copom. Taxa de infla\u00e7\u00e3o A Selic \u00e9 o principal instrumento do Banco Central para manter sob controle a infla\u00e7\u00e3o oficial, medida pelo \u00cdndice Nacional de Pre\u00e7os ao Consumidor Amplo (IPCA). Em agosto, o \u00cdndice Nacional de Pre\u00e7os ao Consumidor Amplo (IPCA), considerado a infla\u00e7\u00e3o oficial, ficou negativo em 0,02%. Segundo o Instituto Brasileiro de Geografia e Estat\u00edstica (IBGE), a queda no pre\u00e7o da energia puxou o \u00edndice para baixo, mas o al\u00edvio na infla\u00e7\u00e3o \u00e9 tempor\u00e1rio. As tarifas de luz subir\u00e3o a partir de setembro por causa da bandeira tarif\u00e1ria vermelha. Al\u00e9m disso, a seca prolongada ter\u00e1 impacto no pre\u00e7o dos alimentos. Na semana passada, o ministro da Fazenda, Fernando Haddad, defendeu que o choque de oferta de alimentos n\u00e3o seja resolvido por meio de juros. Com o resultado, o indicador acumula alta de 4,24% em 12 meses, pr\u00f3ximo do teto da meta deste ano. Para 2024, o Conselho Monet\u00e1rio Nacional (CMN) fixou meta de infla\u00e7\u00e3o de 3%, com margem de toler\u00e2ncia de 1,5 ponto percentual. O IPCA, portanto, n\u00e3o podia superar 4,5% nem ficar abaixo de 1,5% neste ano. No \u00faltimo Relat\u00f3rio de Infla\u00e7\u00e3o, divulgado no fim de junho pelo Banco Central, a autoridade monet\u00e1ria manteve a previs\u00e3o de que o IPCA termine 2024 em 4%, mas a estimativa pode mudar por causa da alta do d\u00f3lar e do impacto da seca prolongada sobre os pre\u00e7os. O pr\u00f3ximo relat\u00f3rio ser\u00e1 divulgado no fim de setembro. As previs\u00f5es do mercado est\u00e3o mais pessimistas. De acordo com o boletim Focus, pesquisa semanal com institui\u00e7\u00f5es financeiras divulgada pelo BC, a infla\u00e7\u00e3o oficial dever\u00e1 fechar o ano em 4,35%, perto do teto da meta. H\u00e1 um m\u00eas, as estimativas do mercado estavam em 4,22%. Pela primeira vez, o comunicado do Copom trouxe as expectativas atualizadas do Banco Central sobre a infla\u00e7\u00e3o. A autoridade monet\u00e1ria prev\u00ea que o IPCA chegar\u00e1 a 4,3% em 2024, 3,7% em 2025 e 3,5% no acumulado em 12 meses no fim do primeiro trimestre em 2026. Isso porque o Banco Central trabalha com o que chama de \u201chorizonte ampliado\u201d, considerando o cen\u00e1rio para a infla\u00e7\u00e3o em at\u00e9 18 meses. Cr\u00e9dito mais caro Foto: Mapa O aumento da taxa Selic ajuda a conter a infla\u00e7\u00e3o. Isso porque juros mais altos encarecem o cr\u00e9dito e desestimulam a produ\u00e7\u00e3o e o consumo. Por outro lado, taxas maiores dificultam o crescimento econ\u00f4mico. No \u00faltimo Relat\u00f3rio de Infla\u00e7\u00e3o, o Banco Central aumentou para 2,3% a proje\u00e7\u00e3o de crescimento para a economia em 2024, mas o n\u00famero deve ser revisado ap\u00f3s o crescimento de 1,4% no Produto Interno Bruto (PIB) no segundo trimestre. O mercado projeta crescimento bem melhor. Segundo a \u00faltima edi\u00e7\u00e3o do boletim Focus, os analistas econ\u00f4micos preveem expans\u00e3o de 2,96% do PIB em 2024. A taxa b\u00e1sica de juros \u00e9 usada nas negocia\u00e7\u00f5es de t\u00edtulos p\u00fablicos no Sistema Especial de Liquida\u00e7\u00e3o e Cust\u00f3dia (Selic) e serve de refer\u00eancia para as demais taxas de juros da economia. Ao reajust\u00e1-la para cima, o Banco Central segura o excesso de demanda que pressiona os pre\u00e7os, porque juros mais altos encarecem o cr\u00e9dito e estimulam a poupan\u00e7a. Ao reduzir os juros b\u00e1sicos, o Copom barateia o cr\u00e9dito e incentiva a produ\u00e7\u00e3o e o consumo, mas enfraquece o controle da infla\u00e7\u00e3o. Para cortar a Selic, a autoridade monet\u00e1ria precisa estar segura de que os pre\u00e7os est\u00e3o sob controle e n\u00e3o correm risco de subir. O post Copom eleva juros b\u00e1sicos da economia para 10,75% ao ano apareceu primeiro em Canal Rural.<\/p>\n","protected":false},"author":0,"featured_media":2302,"comment_status":"open","ping_status":"open","sticky":false,"template":"","format":"standard","meta":{"_monsterinsights_skip_tracking":false,"_monsterinsights_sitenote_active":false,"_monsterinsights_sitenote_note":"","_monsterinsights_sitenote_category":0,"footnotes":""},"categories":[1],"tags":[],"class_list":["post-2301","post","type-post","status-publish","format-standard","has-post-thumbnail","hentry","category-agronegocio"],"_links":{"self":[{"href":"https:\/\/senhorafrutta.com.br\/index.php\/wp-json\/wp\/v2\/posts\/2301","targetHints":{"allow":["GET"]}}],"collection":[{"href":"https:\/\/senhorafrutta.com.br\/index.php\/wp-json\/wp\/v2\/posts"}],"about":[{"href":"https:\/\/senhorafrutta.com.br\/index.php\/wp-json\/wp\/v2\/types\/post"}],"replies":[{"embeddable":true,"href":"https:\/\/senhorafrutta.com.br\/index.php\/wp-json\/wp\/v2\/comments?post=2301"}],"version-history":[{"count":0,"href":"https:\/\/senhorafrutta.com.br\/index.php\/wp-json\/wp\/v2\/posts\/2301\/revisions"}],"wp:featuredmedia":[{"embeddable":true,"href":"https:\/\/senhorafrutta.com.br\/index.php\/wp-json\/wp\/v2\/media\/2302"}],"wp:attachment":[{"href":"https:\/\/senhorafrutta.com.br\/index.php\/wp-json\/wp\/v2\/media?parent=2301"}],"wp:term":[{"taxonomy":"category","embeddable":true,"href":"https:\/\/senhorafrutta.com.br\/index.php\/wp-json\/wp\/v2\/categories?post=2301"},{"taxonomy":"post_tag","embeddable":true,"href":"https:\/\/senhorafrutta.com.br\/index.php\/wp-json\/wp\/v2\/tags?post=2301"}],"curies":[{"name":"wp","href":"https:\/\/api.w.org\/{rel}","templated":true}]}}