{"id":2283,"date":"2024-09-17T18:43:17","date_gmt":"2024-09-17T18:43:17","guid":{"rendered":"https:\/\/senhorafrutta.com.br\/index.php\/2024\/09\/17\/mt-atraso-no-plantio-da-soja-e-o-impacto-no-mercado\/"},"modified":"2024-09-17T18:43:17","modified_gmt":"2024-09-17T18:43:17","slug":"mt-atraso-no-plantio-da-soja-e-o-impacto-no-mercado","status":"publish","type":"post","link":"https:\/\/senhorafrutta.com.br\/index.php\/2024\/09\/17\/mt-atraso-no-plantio-da-soja-e-o-impacto-no-mercado\/","title":{"rendered":"MT: atraso no plantio da soja e o impacto no mercado"},"content":{"rendered":"<div><\/div>\n<p>O plantio da <a href=\"https:\/\/www.canalrural.com.br\/agricultura\/projeto-soja-brasil\/\">soja <\/a>na safra 2024\/25 no estado do Mato Grosso come\u00e7ou oficialmente em setembro. No entanto, a semeadura avan\u00e7a lentamente, com atividades concentradas em poucas \u00e1reas devido ao tempo seco e quente na regi\u00e3o. Isso reflete um cen\u00e1rio enfrentado por grande parte do Brasil. <\/p>\n<p>Cleiton Gauer, superintendente do Instituto Mato-grossense de Economia Agropecu\u00e1ria (IMEA), explica que, embora a janela de plantio tenha sido antecipada em uma semana em compara\u00e7\u00e3o com o hist\u00f3rico, os produtores continuam cautelosos para o in\u00edcio da semeadura. <\/p>\n<p>A falta de umidade no solo e as altas temperaturas s\u00e3o fatores que limitam a expans\u00e3o do plantio. Al\u00e9m disso, a presen\u00e7a de focos de inc\u00eandio e a instabilidade das chuvas contribuem para a preocupa\u00e7\u00e3o dos agricultores. <\/p>\n<p class=\"has-text-align-center\"><em>Confira na palma da m\u00e3o informa\u00e7\u00f5es quentes sobre agricultura, pecu\u00e1ria, economia e previs\u00e3o do tempo:<a href=\"https:\/\/www.whatsapp.com\/channel\/0029Va9VnZxGk1FplZjiW43k\">\u00a0<strong>siga o Canal Rural no WhatsApp<\/strong><\/a>!<\/em><\/p>\n<p>O superintendente destaca que, apesar do atraso inicial, n\u00e3o h\u00e1 risco elevado para o desenvolvimento da safra de soja em si, mas a situa\u00e7\u00e3o pode afetar a janela de plantio da segunda safra, como algod\u00e3o e milho. <\/p>\n<p>A expectativa \u00e9 que a \u00e1rea cultivada com soja nesta temporada alcance 12,6 milh\u00f5es de hectares, um incremento em rela\u00e7\u00e3o \u00e0 safra passada, impulsionado pela demanda e rentabilidade.<\/p>\n<p>Para mais detalhes, confira o bate-papo completo:<\/p>\n<div class=\"wp-block-embed__wrapper\">\n<\/div>\n<p>O post <a href=\"https:\/\/www.canalrural.com.br\/agricultura\/projeto-soja-brasil\/mt-atraso-no-plantio-da-soja-no-estado-e-o-impacto-no-mercado\/\">MT: atraso no plantio da soja e o impacto no mercado<\/a> apareceu primeiro em <a href=\"https:\/\/www.canalrural.com.br\/\">Canal Rural<\/a>.<\/p>","protected":false},"excerpt":{"rendered":"<p>O plantio da soja na safra 2024\/25 no estado do Mato Grosso come\u00e7ou oficialmente em setembro. No entanto, a semeadura avan\u00e7a lentamente, com atividades concentradas em poucas \u00e1reas devido ao tempo seco e quente na regi\u00e3o. Isso reflete um cen\u00e1rio enfrentado por grande parte do Brasil. Cleiton Gauer, superintendente do Instituto Mato-grossense de Economia Agropecu\u00e1ria (IMEA), explica que, embora a janela de plantio tenha sido antecipada em uma semana em compara\u00e7\u00e3o com o hist\u00f3rico, os produtores continuam cautelosos para o in\u00edcio da semeadura. A falta de umidade no solo e as altas temperaturas s\u00e3o fatores que limitam a expans\u00e3o do plantio. Al\u00e9m disso, a presen\u00e7a de focos de inc\u00eandio e a instabilidade das chuvas contribuem para a preocupa\u00e7\u00e3o dos agricultores. Confira na palma da m\u00e3o informa\u00e7\u00f5es quentes sobre agricultura, pecu\u00e1ria, economia e previs\u00e3o do tempo:\u00a0siga o Canal Rural no WhatsApp! O superintendente destaca que, apesar do atraso inicial, n\u00e3o h\u00e1 risco elevado para o desenvolvimento da safra de soja em si, mas a situa\u00e7\u00e3o pode afetar a janela de plantio da segunda safra, como algod\u00e3o e milho. A expectativa \u00e9 que a \u00e1rea cultivada com soja nesta temporada alcance 12,6 milh\u00f5es de hectares, um incremento em rela\u00e7\u00e3o \u00e0 safra passada, impulsionado pela demanda e rentabilidade. Para mais detalhes, confira o bate-papo completo: O post MT: atraso no plantio da soja e o impacto no mercado apareceu primeiro em Canal Rural.<\/p>\n","protected":false},"author":0,"featured_media":2284,"comment_status":"open","ping_status":"open","sticky":false,"template":"","format":"standard","meta":{"_monsterinsights_skip_tracking":false,"_monsterinsights_sitenote_active":false,"_monsterinsights_sitenote_note":"","_monsterinsights_sitenote_category":0,"footnotes":""},"categories":[1],"tags":[],"class_list":["post-2283","post","type-post","status-publish","format-standard","has-post-thumbnail","hentry","category-agronegocio"],"_links":{"self":[{"href":"https:\/\/senhorafrutta.com.br\/index.php\/wp-json\/wp\/v2\/posts\/2283","targetHints":{"allow":["GET"]}}],"collection":[{"href":"https:\/\/senhorafrutta.com.br\/index.php\/wp-json\/wp\/v2\/posts"}],"about":[{"href":"https:\/\/senhorafrutta.com.br\/index.php\/wp-json\/wp\/v2\/types\/post"}],"replies":[{"embeddable":true,"href":"https:\/\/senhorafrutta.com.br\/index.php\/wp-json\/wp\/v2\/comments?post=2283"}],"version-history":[{"count":0,"href":"https:\/\/senhorafrutta.com.br\/index.php\/wp-json\/wp\/v2\/posts\/2283\/revisions"}],"wp:featuredmedia":[{"embeddable":true,"href":"https:\/\/senhorafrutta.com.br\/index.php\/wp-json\/wp\/v2\/media\/2284"}],"wp:attachment":[{"href":"https:\/\/senhorafrutta.com.br\/index.php\/wp-json\/wp\/v2\/media?parent=2283"}],"wp:term":[{"taxonomy":"category","embeddable":true,"href":"https:\/\/senhorafrutta.com.br\/index.php\/wp-json\/wp\/v2\/categories?post=2283"},{"taxonomy":"post_tag","embeddable":true,"href":"https:\/\/senhorafrutta.com.br\/index.php\/wp-json\/wp\/v2\/tags?post=2283"}],"curies":[{"name":"wp","href":"https:\/\/api.w.org\/{rel}","templated":true}]}}