{"id":2281,"date":"2024-09-17T19:04:36","date_gmt":"2024-09-17T19:04:36","guid":{"rendered":"https:\/\/senhorafrutta.com.br\/index.php\/2024\/09\/17\/nova-frente-fria-traz-mudancas-para-metade-do-pais-veja-quando\/"},"modified":"2024-09-17T19:04:36","modified_gmt":"2024-09-17T19:04:36","slug":"nova-frente-fria-traz-mudancas-para-metade-do-pais-veja-quando","status":"publish","type":"post","link":"https:\/\/senhorafrutta.com.br\/index.php\/2024\/09\/17\/nova-frente-fria-traz-mudancas-para-metade-do-pais-veja-quando\/","title":{"rendered":"Nova frente fria traz mudan\u00e7as para metade do pa\u00eds; veja quando"},"content":{"rendered":"<div>Foto: Pixabay<\/div>\n<p>Essa semana ser\u00e1 marcada pelo retorno de temperaturas mais amenas e chuva na faixa centro-sul do Brasil, de acordo com a <strong><a href=\"https:\/\/www.climatempo.com.br\/\">Climatempo<\/a><\/strong>. <\/p>\n<p>Isso acontece pela ocorr\u00eancia de uma massa de ar frio, associada a uma nova frente fria, que vai influenciar o clima em diversas regi\u00f5es, trazendo uma tr\u00e9gua para o calor e o tempo seco.<\/p>\n<p><em>Confira na palma da m\u00e3o informa\u00e7\u00f5es quentes sobre agricultura, pecu\u00e1ria, economia e previs\u00e3o do tempo:<\/em><a href=\"https:\/\/whatsapp.com\/channel\/0029Va9VnZxGk1FplZjiW43k\"><em>\u00a0<\/em><strong><em>siga o Canal Rural no WhatsApp!<\/em><\/strong><\/a><\/p>\n<p>O fen\u00f4meno deixa o ar mais gelado, o que tamb\u00e9m deve intensificar os ventos. <\/p>\n<h2 class=\"wp-block-heading\">Ventos fortes<\/h2>\n<p>O contraste entre o calor persistente no centro do Brasil e a frente fria que avan\u00e7a pelo litoral vai favorecer a ocorr\u00eancia de ventos fortes, especialmente nas regi\u00f5es afetadas pela massa de ar polar.<\/p>\n<p>A partir de quarta-feira (18), a combina\u00e7\u00e3o da variabilidade dos ventos em altos n\u00edveis da atmosfera e a infiltra\u00e7\u00e3o mar\u00edtima trar\u00e1 instabilidade para \u00e1reas espec\u00edficas do Brasil. <\/p>\n<p>Regi\u00f5es como o extremo sul de Mato Grosso do Sul, a faixa noroeste de Santa Catarina, o centro-oeste do <strong><a href=\"https:\/\/www.canalrural.com.br\/nacional\/parana\/\">Paran\u00e1<\/a><\/strong> e o sul e oeste de S\u00e3o Paulo ter\u00e3o chuvas de moderada a forte intensidade. <\/p>\n<p>A condi\u00e7\u00e3o deve trazer al\u00edvio ao tempo seco dessas regi\u00f5es, que v\u00eam enfrentando uma longa sequ\u00eancia de dias sem precipita\u00e7\u00e3o significativa.<\/p>\n<h2 class=\"wp-block-heading\">Nova frente fria <\/h2>\n<p>Na sexta-feira, uma nova frente fria avan\u00e7ar\u00e1, intensificando ainda mais as instabilidades no sul do Brasil, assim como em Mato Grosso do Sul. <\/p>\n<p>J\u00e1 no s\u00e1bado, o sistema deve avan\u00e7ar para o mar. Entretanto, a forte variabilidade dos ventos em altos n\u00edveis da atmosfera aumentar\u00e1 as instabilidades em amplas regi\u00f5es. Com isso, a faixa centro-leste de Mato Grosso do Sul e o Paran\u00e1 t\u00eam previs\u00e3o de chuva forte e instabilidade ao longo do dia. <\/p>\n<p>O Sudeste tamb\u00e9m ser\u00e1 impactado, com chuvas previstas para o sul e leste de S\u00e3o Paulo, sul de Minas Gerais e centro-sul do Rio De Janeiro.<\/p>\n<h2 class=\"wp-block-heading\">Instabilidades persistir\u00e3o <\/h2>\n<p>No domingo, o clima inst\u00e1vel continuar\u00e1, com pancadas de chuva previstas para a faixa leste de Minas Gerais e a regi\u00e3o central do Rio de Janeiro, encerrando a semana com mais instabilidade. <\/p>\n<p>Essa mudan\u00e7a no clima promete trazer al\u00edvio para as \u00e1reas que v\u00eam enfrentando o calor e o tempo seco, ao mesmo tempo em que refor\u00e7a a necessidade de aten\u00e7\u00e3o com os ventos fortes e chuvas intensas em v\u00e1rias regi\u00f5es.<\/p>\n<p>O post <a href=\"https:\/\/www.canalrural.com.br\/tempo\/nova-frente-fria-traz-mudancas-para-metade-do-pais-veja-quando\/\">Nova frente fria traz mudan\u00e7as para metade do pa\u00eds; veja quando<\/a> apareceu primeiro em <a href=\"https:\/\/www.canalrural.com.br\/\">Canal Rural<\/a>.<\/p>","protected":false},"excerpt":{"rendered":"<p>Foto: Pixabay Essa semana ser\u00e1 marcada pelo retorno de temperaturas mais amenas e chuva na faixa centro-sul do Brasil, de acordo com a Climatempo. Isso acontece pela ocorr\u00eancia de uma massa de ar frio, associada a uma nova frente fria, que vai influenciar o clima em diversas regi\u00f5es, trazendo uma tr\u00e9gua para o calor e o tempo seco. Confira na palma da m\u00e3o informa\u00e7\u00f5es quentes sobre agricultura, pecu\u00e1ria, economia e previs\u00e3o do tempo:\u00a0siga o Canal Rural no WhatsApp! O fen\u00f4meno deixa o ar mais gelado, o que tamb\u00e9m deve intensificar os ventos. Ventos fortes O contraste entre o calor persistente no centro do Brasil e a frente fria que avan\u00e7a pelo litoral vai favorecer a ocorr\u00eancia de ventos fortes, especialmente nas regi\u00f5es afetadas pela massa de ar polar. A partir de quarta-feira (18), a combina\u00e7\u00e3o da variabilidade dos ventos em altos n\u00edveis da atmosfera e a infiltra\u00e7\u00e3o mar\u00edtima trar\u00e1 instabilidade para \u00e1reas espec\u00edficas do Brasil. Regi\u00f5es como o extremo sul de Mato Grosso do Sul, a faixa noroeste de Santa Catarina, o centro-oeste do Paran\u00e1 e o sul e oeste de S\u00e3o Paulo ter\u00e3o chuvas de moderada a forte intensidade. A condi\u00e7\u00e3o deve trazer al\u00edvio ao tempo seco dessas regi\u00f5es, que v\u00eam enfrentando uma longa sequ\u00eancia de dias sem precipita\u00e7\u00e3o significativa. Nova frente fria Na sexta-feira, uma nova frente fria avan\u00e7ar\u00e1, intensificando ainda mais as instabilidades no sul do Brasil, assim como em Mato Grosso do Sul. J\u00e1 no s\u00e1bado, o sistema deve avan\u00e7ar para o mar. Entretanto, a forte variabilidade dos ventos em altos n\u00edveis da atmosfera aumentar\u00e1 as instabilidades em amplas regi\u00f5es. Com isso, a faixa centro-leste de Mato Grosso do Sul e o Paran\u00e1 t\u00eam previs\u00e3o de chuva forte e instabilidade ao longo do dia. O Sudeste tamb\u00e9m ser\u00e1 impactado, com chuvas previstas para o sul e leste de S\u00e3o Paulo, sul de Minas Gerais e centro-sul do Rio De Janeiro. Instabilidades persistir\u00e3o No domingo, o clima inst\u00e1vel continuar\u00e1, com pancadas de chuva previstas para a faixa leste de Minas Gerais e a regi\u00e3o central do Rio de Janeiro, encerrando a semana com mais instabilidade. Essa mudan\u00e7a no clima promete trazer al\u00edvio para as \u00e1reas que v\u00eam enfrentando o calor e o tempo seco, ao mesmo tempo em que refor\u00e7a a necessidade de aten\u00e7\u00e3o com os ventos fortes e chuvas intensas em v\u00e1rias regi\u00f5es. O post Nova frente fria traz mudan\u00e7as para metade do pa\u00eds; veja quando apareceu primeiro em Canal Rural.<\/p>\n","protected":false},"author":0,"featured_media":2282,"comment_status":"open","ping_status":"open","sticky":false,"template":"","format":"standard","meta":{"_monsterinsights_skip_tracking":false,"_monsterinsights_sitenote_active":false,"_monsterinsights_sitenote_note":"","_monsterinsights_sitenote_category":0,"footnotes":""},"categories":[1],"tags":[],"class_list":["post-2281","post","type-post","status-publish","format-standard","has-post-thumbnail","hentry","category-agronegocio"],"_links":{"self":[{"href":"https:\/\/senhorafrutta.com.br\/index.php\/wp-json\/wp\/v2\/posts\/2281","targetHints":{"allow":["GET"]}}],"collection":[{"href":"https:\/\/senhorafrutta.com.br\/index.php\/wp-json\/wp\/v2\/posts"}],"about":[{"href":"https:\/\/senhorafrutta.com.br\/index.php\/wp-json\/wp\/v2\/types\/post"}],"replies":[{"embeddable":true,"href":"https:\/\/senhorafrutta.com.br\/index.php\/wp-json\/wp\/v2\/comments?post=2281"}],"version-history":[{"count":0,"href":"https:\/\/senhorafrutta.com.br\/index.php\/wp-json\/wp\/v2\/posts\/2281\/revisions"}],"wp:featuredmedia":[{"embeddable":true,"href":"https:\/\/senhorafrutta.com.br\/index.php\/wp-json\/wp\/v2\/media\/2282"}],"wp:attachment":[{"href":"https:\/\/senhorafrutta.com.br\/index.php\/wp-json\/wp\/v2\/media?parent=2281"}],"wp:term":[{"taxonomy":"category","embeddable":true,"href":"https:\/\/senhorafrutta.com.br\/index.php\/wp-json\/wp\/v2\/categories?post=2281"},{"taxonomy":"post_tag","embeddable":true,"href":"https:\/\/senhorafrutta.com.br\/index.php\/wp-json\/wp\/v2\/tags?post=2281"}],"curies":[{"name":"wp","href":"https:\/\/api.w.org\/{rel}","templated":true}]}}