{"id":2255,"date":"2024-09-16T19:58:37","date_gmt":"2024-09-16T19:58:37","guid":{"rendered":"https:\/\/senhorafrutta.com.br\/index.php\/2024\/09\/16\/parana-produtores-ja-iniciaram-o-plantio-da-soja\/"},"modified":"2024-09-16T19:58:37","modified_gmt":"2024-09-16T19:58:37","slug":"parana-produtores-ja-iniciaram-o-plantio-da-soja","status":"publish","type":"post","link":"https:\/\/senhorafrutta.com.br\/index.php\/2024\/09\/16\/parana-produtores-ja-iniciaram-o-plantio-da-soja\/","title":{"rendered":"Paran\u00e1: produtores j\u00e1 iniciaram o plantio da soja?"},"content":{"rendered":"<div>Foto: Roberto Kazuhiko Zito\/Embrapa Soja<\/div>\n\n<p>Os<a href=\"https:\/\/www.canalrural.com.br\/agricultura\/projeto-soja-brasil\/\"> produtores da soja<\/a> no Paran\u00e1 enfrentam dificuldades devido \u00e0 falta de chuvas na regi\u00e3o. A regi\u00e3o II, que inclui o Norte, Noroeste, Oeste e Centro-Oeste do estado, p\u00f4de iniciar o plantio da soja a partir do dia 1\u00ba de setembro. A escassez de precipita\u00e7\u00f5es, no entanto, tem atraso o in\u00edcio da semeadura. <\/p>\n<p>De acordo com Eduardo Cassiano, presidente da Aprosoja-PR, um n\u00famero reduzido de produtores come\u00e7ou o plantio na \u00faltima quinta-feira. Essa decis\u00e3o foi influenciada pela previs\u00e3o de chuva, que acabou se confirmando em algumas \u00e1reas espalhadas pelo estado. Mesmo assim, a maioria dos produtores segue no aguardo de mais chuvas para garantir condi\u00e7\u00f5es mais favor\u00e1veis para o plantio.<\/p>\n<p>Segundo o Departamento de Economia Rural do Paran\u00e1 (Deral), os registros de plantios at\u00e9 o momento s\u00e3o bastante isolados, refletindo a falta de chuvas adequadas para a germina\u00e7\u00e3o das sementes. Em anos anteriores, nesta mesma \u00e9poca, pelo menos 1% da \u00e1rea destinada ao cultivo j\u00e1 teria a soja emergida. <\/p>\n<p class=\"has-text-align-center\"><em>Confira na palma da m\u00e3o informa\u00e7\u00f5es quentes sobre agricultura, pecu\u00e1ria, economia e previs\u00e3o do tempo:<a href=\"https:\/\/www.whatsapp.com\/channel\/0029Va9VnZxGk1FplZjiW43k\">\u00a0<strong>siga o Canal Rural no WhatsApp<\/strong><\/a>!<\/em><\/p>\n<h2 class=\"wp-block-heading\">Safra 2024\/25<\/h2>\n<p>Imagem: Guilherme Soares\/Canal Rural BA<\/p>\n<p>Para a safra 2024\/25, a estimativa \u00e9 de que cerca de 5,8 milh\u00f5es de hectares sejam plantados, com uma previs\u00e3o de colheita de aproximadamente 22,3 milh\u00f5es de toneladas. A situa\u00e7\u00e3o atual, marcada pelo clima quente e seco, pode impactar as proje\u00e7\u00f5es e produtividade esperada. <\/p>\n\n\n\n\n<p>O post <a href=\"https:\/\/www.canalrural.com.br\/agricultura\/projeto-soja-brasil\/noticia\/parana-expectativa-por-chuvas-mais-volumosas-adiam-o-inicio-da-semeadura-da-soja\/\">Paran\u00e1: produtores j\u00e1 iniciaram o plantio da soja?<\/a> apareceu primeiro em <a href=\"https:\/\/www.canalrural.com.br\/\">Canal Rural<\/a>.<\/p>","protected":false},"excerpt":{"rendered":"<p>Foto: Roberto Kazuhiko Zito\/Embrapa Soja Os produtores da soja no Paran\u00e1 enfrentam dificuldades devido \u00e0 falta de chuvas na regi\u00e3o. A regi\u00e3o II, que inclui o Norte, Noroeste, Oeste e Centro-Oeste do estado, p\u00f4de iniciar o plantio da soja a partir do dia 1\u00ba de setembro. A escassez de precipita\u00e7\u00f5es, no entanto, tem atraso o in\u00edcio da semeadura. De acordo com Eduardo Cassiano, presidente da Aprosoja-PR, um n\u00famero reduzido de produtores come\u00e7ou o plantio na \u00faltima quinta-feira. Essa decis\u00e3o foi influenciada pela previs\u00e3o de chuva, que acabou se confirmando em algumas \u00e1reas espalhadas pelo estado. Mesmo assim, a maioria dos produtores segue no aguardo de mais chuvas para garantir condi\u00e7\u00f5es mais favor\u00e1veis para o plantio. Segundo o Departamento de Economia Rural do Paran\u00e1 (Deral), os registros de plantios at\u00e9 o momento s\u00e3o bastante isolados, refletindo a falta de chuvas adequadas para a germina\u00e7\u00e3o das sementes. Em anos anteriores, nesta mesma \u00e9poca, pelo menos 1% da \u00e1rea destinada ao cultivo j\u00e1 teria a soja emergida. Confira na palma da m\u00e3o informa\u00e7\u00f5es quentes sobre agricultura, pecu\u00e1ria, economia e previs\u00e3o do tempo:\u00a0siga o Canal Rural no WhatsApp! Safra 2024\/25 Imagem: Guilherme Soares\/Canal Rural BA Para a safra 2024\/25, a estimativa \u00e9 de que cerca de 5,8 milh\u00f5es de hectares sejam plantados, com uma previs\u00e3o de colheita de aproximadamente 22,3 milh\u00f5es de toneladas. A situa\u00e7\u00e3o atual, marcada pelo clima quente e seco, pode impactar as proje\u00e7\u00f5es e produtividade esperada. O post Paran\u00e1: produtores j\u00e1 iniciaram o plantio da soja? apareceu primeiro em Canal Rural.<\/p>\n","protected":false},"author":0,"featured_media":2256,"comment_status":"open","ping_status":"open","sticky":false,"template":"","format":"standard","meta":{"_monsterinsights_skip_tracking":false,"_monsterinsights_sitenote_active":false,"_monsterinsights_sitenote_note":"","_monsterinsights_sitenote_category":0,"footnotes":""},"categories":[1],"tags":[],"class_list":["post-2255","post","type-post","status-publish","format-standard","has-post-thumbnail","hentry","category-agronegocio"],"_links":{"self":[{"href":"https:\/\/senhorafrutta.com.br\/index.php\/wp-json\/wp\/v2\/posts\/2255","targetHints":{"allow":["GET"]}}],"collection":[{"href":"https:\/\/senhorafrutta.com.br\/index.php\/wp-json\/wp\/v2\/posts"}],"about":[{"href":"https:\/\/senhorafrutta.com.br\/index.php\/wp-json\/wp\/v2\/types\/post"}],"replies":[{"embeddable":true,"href":"https:\/\/senhorafrutta.com.br\/index.php\/wp-json\/wp\/v2\/comments?post=2255"}],"version-history":[{"count":0,"href":"https:\/\/senhorafrutta.com.br\/index.php\/wp-json\/wp\/v2\/posts\/2255\/revisions"}],"wp:featuredmedia":[{"embeddable":true,"href":"https:\/\/senhorafrutta.com.br\/index.php\/wp-json\/wp\/v2\/media\/2256"}],"wp:attachment":[{"href":"https:\/\/senhorafrutta.com.br\/index.php\/wp-json\/wp\/v2\/media?parent=2255"}],"wp:term":[{"taxonomy":"category","embeddable":true,"href":"https:\/\/senhorafrutta.com.br\/index.php\/wp-json\/wp\/v2\/categories?post=2255"},{"taxonomy":"post_tag","embeddable":true,"href":"https:\/\/senhorafrutta.com.br\/index.php\/wp-json\/wp\/v2\/tags?post=2255"}],"curies":[{"name":"wp","href":"https:\/\/api.w.org\/{rel}","templated":true}]}}