{"id":2211,"date":"2024-09-16T08:02:00","date_gmt":"2024-09-16T08:02:00","guid":{"rendered":"https:\/\/senhorafrutta.com.br\/index.php\/2024\/09\/16\/comece-o-dia-bem-informado-sobre-os-principais-assuntos-economicos\/"},"modified":"2024-09-16T08:02:00","modified_gmt":"2024-09-16T08:02:00","slug":"comece-o-dia-bem-informado-sobre-os-principais-assuntos-economicos","status":"publish","type":"post","link":"https:\/\/senhorafrutta.com.br\/index.php\/2024\/09\/16\/comece-o-dia-bem-informado-sobre-os-principais-assuntos-economicos\/","title":{"rendered":"Comece o dia bem informado sobre os principais assuntos econ\u00f4micos"},"content":{"rendered":"<div><\/div>\n<div class=\"wp-block-embed__wrapper\">\n<iframe title=\"Di\u00e1rio Econ\u00f4mico: podcast do PicPay e do Canal Rural | 16\/09\/2024\" width=\"800\" height=\"450\" src=\"https:\/\/www.youtube.com\/embed\/cFecLtYZhYw?feature=oembed\" frameborder=\"0\" allow=\"accelerometer; autoplay; clipboard-write; encrypted-media; gyroscope; picture-in-picture; web-share\" referrerpolicy=\"strict-origin-when-cross-origin\" allowfullscreen><\/iframe>\n<\/div>\n<p>No morning call de hoje, o economista do PicPay, Igor Cadilhac, destaca que, na semana passada, o mercado ajustou a previs\u00e3o dos juros do Fed para cerca de 3% no pr\u00f3ximo ano. <\/p>\n<p>O BCE cortou a taxa para 3,5%, e no Brasil, as taxas subiram devido \u00e0 infla\u00e7\u00e3o e aos desafios fiscais. Esta semana, a Super Quarta tr\u00e1s decis\u00f5es de juros dos bancos centrais dos EUA e Brasil.<\/p>\n<p>O post <a href=\"https:\/\/www.canalrural.com.br\/economia\/comece-o-dia-bem-informado-sobre-os-principais-assuntos-economicos\/\">Comece o dia bem informado sobre os principais assuntos econ\u00f4micos<\/a> apareceu primeiro em <a href=\"https:\/\/www.canalrural.com.br\/\">Canal Rural<\/a>.<\/p>","protected":false},"excerpt":{"rendered":"<p>No morning call de hoje, o economista do PicPay, Igor Cadilhac, destaca que, na semana passada, o mercado ajustou a previs\u00e3o dos juros do Fed para cerca de 3% no pr\u00f3ximo ano. O BCE cortou a taxa para 3,5%, e no Brasil, as taxas subiram devido \u00e0 infla\u00e7\u00e3o e aos desafios fiscais. Esta semana, a Super Quarta tr\u00e1s decis\u00f5es de juros dos bancos centrais dos EUA e Brasil. O post Comece o dia bem informado sobre os principais assuntos econ\u00f4micos apareceu primeiro em Canal Rural.<\/p>\n","protected":false},"author":0,"featured_media":2212,"comment_status":"open","ping_status":"open","sticky":false,"template":"","format":"standard","meta":{"_monsterinsights_skip_tracking":false,"_monsterinsights_sitenote_active":false,"_monsterinsights_sitenote_note":"","_monsterinsights_sitenote_category":0,"footnotes":""},"categories":[1],"tags":[],"class_list":["post-2211","post","type-post","status-publish","format-standard","has-post-thumbnail","hentry","category-agronegocio"],"_links":{"self":[{"href":"https:\/\/senhorafrutta.com.br\/index.php\/wp-json\/wp\/v2\/posts\/2211","targetHints":{"allow":["GET"]}}],"collection":[{"href":"https:\/\/senhorafrutta.com.br\/index.php\/wp-json\/wp\/v2\/posts"}],"about":[{"href":"https:\/\/senhorafrutta.com.br\/index.php\/wp-json\/wp\/v2\/types\/post"}],"replies":[{"embeddable":true,"href":"https:\/\/senhorafrutta.com.br\/index.php\/wp-json\/wp\/v2\/comments?post=2211"}],"version-history":[{"count":0,"href":"https:\/\/senhorafrutta.com.br\/index.php\/wp-json\/wp\/v2\/posts\/2211\/revisions"}],"wp:featuredmedia":[{"embeddable":true,"href":"https:\/\/senhorafrutta.com.br\/index.php\/wp-json\/wp\/v2\/media\/2212"}],"wp:attachment":[{"href":"https:\/\/senhorafrutta.com.br\/index.php\/wp-json\/wp\/v2\/media?parent=2211"}],"wp:term":[{"taxonomy":"category","embeddable":true,"href":"https:\/\/senhorafrutta.com.br\/index.php\/wp-json\/wp\/v2\/categories?post=2211"},{"taxonomy":"post_tag","embeddable":true,"href":"https:\/\/senhorafrutta.com.br\/index.php\/wp-json\/wp\/v2\/tags?post=2211"}],"curies":[{"name":"wp","href":"https:\/\/api.w.org\/{rel}","templated":true}]}}