{"id":2205,"date":"2024-09-14T15:26:55","date_gmt":"2024-09-14T15:26:55","guid":{"rendered":"https:\/\/senhorafrutta.com.br\/index.php\/2024\/09\/14\/voce-viu-chamas-destroem-fazendas-e-maquinario-em-mato-grosso\/"},"modified":"2024-09-14T15:26:55","modified_gmt":"2024-09-14T15:26:55","slug":"voce-viu-chamas-destroem-fazendas-e-maquinario-em-mato-grosso","status":"publish","type":"post","link":"https:\/\/senhorafrutta.com.br\/index.php\/2024\/09\/14\/voce-viu-chamas-destroem-fazendas-e-maquinario-em-mato-grosso\/","title":{"rendered":"Voc\u00ea viu? Chamas destroem fazendas e maquin\u00e1rio em Mato Grosso"},"content":{"rendered":"<div><\/div>\n\n<p>O estado do Mato Grosso registrou uma crise devastadora <a href=\"https:\/\/www.canalrural.com.br\/agricultura\/prejuizo-milionario-incendios-devastam-fazendas-e-maquinario-em-mato-grosso\/\">com mais de 2 mil focos de inc\u00eandio registrados<\/a>, conforme o Sistema de Queimadas do Instituto Nacional de Pesquisas Espaciais (Inpe). O fogo, que avan\u00e7ou rapidamente, destruiu vastas \u00e1reas de planta\u00e7\u00e3o e causou danos ao maquin\u00e1rio agr\u00edcola, incluindo um trator e duas carretas na rodovia MT-140, que conecta Santa Rita do Trivelato a Planalto da Serra.<\/p>\n<div class=\"wp-block-embed__wrapper\">\n<\/div>\n<p>Propriet\u00e1rios e trabalhadores da Fazenda Morada da Serra se mobilizaram para controlar as chamas e minimizar os danos. Vandir Matschinske, agricultor da regi\u00e3o, expressou seu desespero diante das perdas. \u201cPerdemos mais de 250 hectares apenas da minha propriedade. Est\u00e1vamos prestes a iniciar uma nova safra, com o adubo j\u00e1 aplicado, e agora estamos desolados. \u00c9 um preju\u00edzo imenso,\u201d relatou Matschinske, que suspeita que o inc\u00eandio possa ter sido causado por neglig\u00eancia, possivelmente uma bituca de cigarro descartada de um ve\u00edculo.<\/p>\n<p class=\"has-text-align-center\"><em>Confira na palma da m\u00e3o informa\u00e7\u00f5es quentes sobre agricultura, pecu\u00e1ria, economia e previs\u00e3o do tempo:<\/em><a href=\"https:\/\/www.whatsapp.com\/channel\/0029Va9VnZxGk1FplZjiW43k\"><em>\u00a0<\/em><strong>siga o Canal Rural no WhatsApp<\/strong><\/a>!<\/p>\n<p>O consultor agron\u00f4mico Taimon Semler alerta que as consequ\u00eancias dos inc\u00eandios v\u00e3o al\u00e9m das perdas vis\u00edveis. \u201cInc\u00eandios dessa magnitude podem comprometer o solo, afetando a microbiota e a mat\u00e9ria org\u00e2nica acumulada ao longo de d\u00e9cadas. As perdas podem chegar a 15 sacas por hectare, dependendo da intensidade do fogo e das condi\u00e7\u00f5es do solo,\u201d explicou Semler.<\/p>\n<p>Enquanto as autoridades e os produtores continuam a batalha contra o fogo, o prefeito de Santa Rita do Trivelato, Egon Hoepers, ressaltou o desafio crescente. \u201cEstamos lidando com o inc\u00eandio h\u00e1 mais de 15 dias. Os ventos fortes ajudam a espalhar as chamas rapidamente, tornando a situa\u00e7\u00e3o muito dif\u00edcil de controlar. N\u00f3s temos mais de cem m\u00e1quinas empenhadas no combate e estamos nos preparando para enfrentar futuros desafios como este,\u201d disse Hoepers.<\/p>\n<p>Al\u00e9m dos preju\u00edzos econ\u00f4micos, os inc\u00eandios em Mato Grosso representam uma grave amea\u00e7a \u00e0 fauna local e comprometem a sustentabilidade das futuras colheitas e do solo, impactando negativamente o setor agropecu\u00e1rio da regi\u00e3o.<\/p>\n\n<p>O post <a href=\"https:\/\/www.canalrural.com.br\/agricultura\/voce-viu-chamas-destroem-fazendas-e-maquinario-em-mato-grosso\/\">Voc\u00ea viu? Chamas destroem fazendas e maquin\u00e1rio em Mato Grosso<\/a> apareceu primeiro em <a href=\"https:\/\/www.canalrural.com.br\/\">Canal Rural<\/a>.<\/p>","protected":false},"excerpt":{"rendered":"<p>O estado do Mato Grosso registrou uma crise devastadora com mais de 2 mil focos de inc\u00eandio registrados, conforme o Sistema de Queimadas do Instituto Nacional de Pesquisas Espaciais (Inpe). O fogo, que avan\u00e7ou rapidamente, destruiu vastas \u00e1reas de planta\u00e7\u00e3o e causou danos ao maquin\u00e1rio agr\u00edcola, incluindo um trator e duas carretas na rodovia MT-140, que conecta Santa Rita do Trivelato a Planalto da Serra. Propriet\u00e1rios e trabalhadores da Fazenda Morada da Serra se mobilizaram para controlar as chamas e minimizar os danos. Vandir Matschinske, agricultor da regi\u00e3o, expressou seu desespero diante das perdas. \u201cPerdemos mais de 250 hectares apenas da minha propriedade. Est\u00e1vamos prestes a iniciar uma nova safra, com o adubo j\u00e1 aplicado, e agora estamos desolados. \u00c9 um preju\u00edzo imenso,\u201d relatou Matschinske, que suspeita que o inc\u00eandio possa ter sido causado por neglig\u00eancia, possivelmente uma bituca de cigarro descartada de um ve\u00edculo. Confira na palma da m\u00e3o informa\u00e7\u00f5es quentes sobre agricultura, pecu\u00e1ria, economia e previs\u00e3o do tempo:\u00a0siga o Canal Rural no WhatsApp! O consultor agron\u00f4mico Taimon Semler alerta que as consequ\u00eancias dos inc\u00eandios v\u00e3o al\u00e9m das perdas vis\u00edveis. \u201cInc\u00eandios dessa magnitude podem comprometer o solo, afetando a microbiota e a mat\u00e9ria org\u00e2nica acumulada ao longo de d\u00e9cadas. As perdas podem chegar a 15 sacas por hectare, dependendo da intensidade do fogo e das condi\u00e7\u00f5es do solo,\u201d explicou Semler. Enquanto as autoridades e os produtores continuam a batalha contra o fogo, o prefeito de Santa Rita do Trivelato, Egon Hoepers, ressaltou o desafio crescente. \u201cEstamos lidando com o inc\u00eandio h\u00e1 mais de 15 dias. Os ventos fortes ajudam a espalhar as chamas rapidamente, tornando a situa\u00e7\u00e3o muito dif\u00edcil de controlar. N\u00f3s temos mais de cem m\u00e1quinas empenhadas no combate e estamos nos preparando para enfrentar futuros desafios como este,\u201d disse Hoepers. Al\u00e9m dos preju\u00edzos econ\u00f4micos, os inc\u00eandios em Mato Grosso representam uma grave amea\u00e7a \u00e0 fauna local e comprometem a sustentabilidade das futuras colheitas e do solo, impactando negativamente o setor agropecu\u00e1rio da regi\u00e3o. O post Voc\u00ea viu? Chamas destroem fazendas e maquin\u00e1rio em Mato Grosso apareceu primeiro em Canal Rural.<\/p>\n","protected":false},"author":0,"featured_media":2206,"comment_status":"open","ping_status":"open","sticky":false,"template":"","format":"standard","meta":{"_monsterinsights_skip_tracking":false,"_monsterinsights_sitenote_active":false,"_monsterinsights_sitenote_note":"","_monsterinsights_sitenote_category":0,"footnotes":""},"categories":[1],"tags":[],"class_list":["post-2205","post","type-post","status-publish","format-standard","has-post-thumbnail","hentry","category-agronegocio"],"_links":{"self":[{"href":"https:\/\/senhorafrutta.com.br\/index.php\/wp-json\/wp\/v2\/posts\/2205","targetHints":{"allow":["GET"]}}],"collection":[{"href":"https:\/\/senhorafrutta.com.br\/index.php\/wp-json\/wp\/v2\/posts"}],"about":[{"href":"https:\/\/senhorafrutta.com.br\/index.php\/wp-json\/wp\/v2\/types\/post"}],"replies":[{"embeddable":true,"href":"https:\/\/senhorafrutta.com.br\/index.php\/wp-json\/wp\/v2\/comments?post=2205"}],"version-history":[{"count":0,"href":"https:\/\/senhorafrutta.com.br\/index.php\/wp-json\/wp\/v2\/posts\/2205\/revisions"}],"wp:featuredmedia":[{"embeddable":true,"href":"https:\/\/senhorafrutta.com.br\/index.php\/wp-json\/wp\/v2\/media\/2206"}],"wp:attachment":[{"href":"https:\/\/senhorafrutta.com.br\/index.php\/wp-json\/wp\/v2\/media?parent=2205"}],"wp:term":[{"taxonomy":"category","embeddable":true,"href":"https:\/\/senhorafrutta.com.br\/index.php\/wp-json\/wp\/v2\/categories?post=2205"},{"taxonomy":"post_tag","embeddable":true,"href":"https:\/\/senhorafrutta.com.br\/index.php\/wp-json\/wp\/v2\/tags?post=2205"}],"curies":[{"name":"wp","href":"https:\/\/api.w.org\/{rel}","templated":true}]}}