{"id":2197,"date":"2024-09-14T18:23:55","date_gmt":"2024-09-14T18:23:55","guid":{"rendered":"https:\/\/senhorafrutta.com.br\/index.php\/2024\/09\/14\/carlos-favaro-e-a-politica-internacional-do-etanol\/"},"modified":"2024-09-14T18:23:55","modified_gmt":"2024-09-14T18:23:55","slug":"carlos-favaro-e-a-politica-internacional-do-etanol","status":"publish","type":"post","link":"https:\/\/senhorafrutta.com.br\/index.php\/2024\/09\/14\/carlos-favaro-e-a-politica-internacional-do-etanol\/","title":{"rendered":"Carlos F\u00e1varo e a pol\u00edtica internacional do etanol"},"content":{"rendered":"<div>Foto: Ag\u00eancia Brasil<\/div>\n\n<p>O Ministro da Agricultura e Pecu\u00e1ria, Carlos F\u00e1varo, se reuniu com a vice-secret\u00e1ria de Agricultura dos Estados Unidos, Xochitl Small, neste s\u00e1bado (14), durante o G20 Agro em Mato Grosso. A reuni\u00e3o bilateral focou na pol\u00edtica internacional do etanol, um combust\u00edvel considerado essencial para um <a href=\"https:\/\/www.canalrural.com.br\/\">futuro sustent\u00e1vel.<\/a><\/p>\n<p>O ministro destacou a import\u00e2ncia do etanol, ressaltando que a recente aprova\u00e7\u00e3o de um projeto que incentiva combust\u00edveis sustent\u00e1veis no Senado pode abrir novas oportunidades com a colabora\u00e7\u00e3o dos EUA.<\/p>\n<p class=\"has-text-align-center\"><em>Confira na palma da m\u00e3o informa\u00e7\u00f5es quentes sobre agricultura, pecu\u00e1ria, economia e previs\u00e3o do tempo:<a href=\"https:\/\/www.whatsapp.com\/channel\/0029Va9VnZxGk1FplZjiW43k\">\u00a0<strong>siga o Canal Rural no WhatsApp<\/strong><\/a>!<\/em><\/p>\n<h2 class=\"wp-block-heading\">Rela\u00e7\u00f5es diplom\u00e1ticas <\/h2>\n<p>O ano de 2024 marca os 200 anos de rela\u00e7\u00f5es diplom\u00e1ticas entre Brasil e Estados Unidos, o que ressalta a relev\u00e2ncia do momento para fortalecer a coopera\u00e7\u00e3o entre os pa\u00edses. Small enfatizou que os debates no G20 Agro evidenciaram os desafios das mudan\u00e7as clim\u00e1ticas e a necessidade de continuar o di\u00e1logo sobre o tema.<\/p>\n<h2 class=\"wp-block-heading\">Pol\u00edtica Nacional de Pastagens Degradadas <\/h2>\n<p>O Ministro tamb\u00e9m abordou a Pol\u00edtica Nacional de Pastagens Degradadas (PNPD), uma iniciativa brasileira para combater as mudan\u00e7as clim\u00e1ticas. Ele mencionou que est\u00e3o sendo implementadas pol\u00edticas p\u00fablicas para restaurar pastagens e promover a agricultura sustent\u00e1vel, com a Embrapa liderando a iniciativa. A expectativa \u00e9 que os EUA acompanhem de perto o programa, que representa uma oportunidade para investimentos e para o avan\u00e7o de boas pr\u00e1ticas sociais na agricultura.<\/p>\n<p>O post <a href=\"https:\/\/www.canalrural.com.br\/politica\/carlos-favaro-e-a-politica-internacional-do-etanol\/\">Carlos F\u00e1varo e a pol\u00edtica internacional do etanol<\/a> apareceu primeiro em <a href=\"https:\/\/www.canalrural.com.br\/\">Canal Rural<\/a>.<\/p>","protected":false},"excerpt":{"rendered":"<p>Foto: Ag\u00eancia Brasil O Ministro da Agricultura e Pecu\u00e1ria, Carlos F\u00e1varo, se reuniu com a vice-secret\u00e1ria de Agricultura dos Estados Unidos, Xochitl Small, neste s\u00e1bado (14), durante o G20 Agro em Mato Grosso. A reuni\u00e3o bilateral focou na pol\u00edtica internacional do etanol, um combust\u00edvel considerado essencial para um futuro sustent\u00e1vel. O ministro destacou a import\u00e2ncia do etanol, ressaltando que a recente aprova\u00e7\u00e3o de um projeto que incentiva combust\u00edveis sustent\u00e1veis no Senado pode abrir novas oportunidades com a colabora\u00e7\u00e3o dos EUA. Confira na palma da m\u00e3o informa\u00e7\u00f5es quentes sobre agricultura, pecu\u00e1ria, economia e previs\u00e3o do tempo:\u00a0siga o Canal Rural no WhatsApp! Rela\u00e7\u00f5es diplom\u00e1ticas O ano de 2024 marca os 200 anos de rela\u00e7\u00f5es diplom\u00e1ticas entre Brasil e Estados Unidos, o que ressalta a relev\u00e2ncia do momento para fortalecer a coopera\u00e7\u00e3o entre os pa\u00edses. Small enfatizou que os debates no G20 Agro evidenciaram os desafios das mudan\u00e7as clim\u00e1ticas e a necessidade de continuar o di\u00e1logo sobre o tema. Pol\u00edtica Nacional de Pastagens Degradadas O Ministro tamb\u00e9m abordou a Pol\u00edtica Nacional de Pastagens Degradadas (PNPD), uma iniciativa brasileira para combater as mudan\u00e7as clim\u00e1ticas. Ele mencionou que est\u00e3o sendo implementadas pol\u00edticas p\u00fablicas para restaurar pastagens e promover a agricultura sustent\u00e1vel, com a Embrapa liderando a iniciativa. A expectativa \u00e9 que os EUA acompanhem de perto o programa, que representa uma oportunidade para investimentos e para o avan\u00e7o de boas pr\u00e1ticas sociais na agricultura. O post Carlos F\u00e1varo e a pol\u00edtica internacional do etanol apareceu primeiro em Canal Rural.<\/p>\n","protected":false},"author":0,"featured_media":2198,"comment_status":"open","ping_status":"open","sticky":false,"template":"","format":"standard","meta":{"_monsterinsights_skip_tracking":false,"_monsterinsights_sitenote_active":false,"_monsterinsights_sitenote_note":"","_monsterinsights_sitenote_category":0,"footnotes":""},"categories":[1],"tags":[],"class_list":["post-2197","post","type-post","status-publish","format-standard","has-post-thumbnail","hentry","category-agronegocio"],"_links":{"self":[{"href":"https:\/\/senhorafrutta.com.br\/index.php\/wp-json\/wp\/v2\/posts\/2197","targetHints":{"allow":["GET"]}}],"collection":[{"href":"https:\/\/senhorafrutta.com.br\/index.php\/wp-json\/wp\/v2\/posts"}],"about":[{"href":"https:\/\/senhorafrutta.com.br\/index.php\/wp-json\/wp\/v2\/types\/post"}],"replies":[{"embeddable":true,"href":"https:\/\/senhorafrutta.com.br\/index.php\/wp-json\/wp\/v2\/comments?post=2197"}],"version-history":[{"count":0,"href":"https:\/\/senhorafrutta.com.br\/index.php\/wp-json\/wp\/v2\/posts\/2197\/revisions"}],"wp:featuredmedia":[{"embeddable":true,"href":"https:\/\/senhorafrutta.com.br\/index.php\/wp-json\/wp\/v2\/media\/2198"}],"wp:attachment":[{"href":"https:\/\/senhorafrutta.com.br\/index.php\/wp-json\/wp\/v2\/media?parent=2197"}],"wp:term":[{"taxonomy":"category","embeddable":true,"href":"https:\/\/senhorafrutta.com.br\/index.php\/wp-json\/wp\/v2\/categories?post=2197"},{"taxonomy":"post_tag","embeddable":true,"href":"https:\/\/senhorafrutta.com.br\/index.php\/wp-json\/wp\/v2\/tags?post=2197"}],"curies":[{"name":"wp","href":"https:\/\/api.w.org\/{rel}","templated":true}]}}