{"id":2178,"date":"2024-09-14T11:23:21","date_gmt":"2024-09-14T11:23:21","guid":{"rendered":"https:\/\/senhorafrutta.com.br\/index.php\/2024\/09\/14\/o-fogo-e-inimigo-mortal-do-agricultor-diz-ex-ministro-da-agricultura-a-cnn\/"},"modified":"2024-09-14T11:23:21","modified_gmt":"2024-09-14T11:23:21","slug":"o-fogo-e-inimigo-mortal-do-agricultor-diz-ex-ministro-da-agricultura-a-cnn","status":"publish","type":"post","link":"https:\/\/senhorafrutta.com.br\/index.php\/2024\/09\/14\/o-fogo-e-inimigo-mortal-do-agricultor-diz-ex-ministro-da-agricultura-a-cnn\/","title":{"rendered":"O fogo \u00e9 inimigo mortal do agricultor, diz ex-ministro da Agricultura \u00e0 CNN"},"content":{"rendered":"<p>Em entrevista \u00e0 <strong>CNN<\/strong>, o ex-ministro da Agricultura e Pecu\u00e1ria, Blairo Maggi, afirmou que o fogo \u00e9 um \u201cinimigo mortal\u201d do agricultor, contestando a percep\u00e7\u00e3o de que o agroneg\u00f3cio seja o principal respons\u00e1vel pelos inc\u00eandios que afetam o pa\u00eds.<\/p>\n<div class=\"custom__ad__element\"><\/div>\n<p>Maggi argumentou que o setor agr\u00edcola \u00e9 t\u00e3o v\u00edtima quanto o resto da sociedade quando se trata dos impactos negativos das queimadas.<\/p>\n<p>\u201cA reclama\u00e7\u00e3o que existe da sociedade brasileira pela qualidade do ar, pela perda da biodiversidade e da fauna, \u00e9 a mesma reclama\u00e7\u00e3o que n\u00f3s agricultores fazemos\u201d, declarou.<\/p>\n<h2>Impactos devastadores nas propriedades rurais<\/h2>\n<p>O ex-ministro enfatizou os preju\u00edzos incalcul\u00e1veis que os inc\u00eandios trazem para a agropecu\u00e1ria.<\/p>\n<p>Segundo ele, o fogo destr\u00f3i anos de investimento na qualidade do solo: \u201cQuando entra um inc\u00eandio desse, simplesmente acaba com tudo isso\u201d.<\/p>\n<div class=\"custom__ad__element\"><\/div>\n<p>Maggi explicou que os solos brasileiros n\u00e3o s\u00e3o naturalmente ricos, mas sim constru\u00eddos ao longo de d\u00e9cadas com o uso de fertilizantes e t\u00e9cnicas de manejo.<\/p>\n<p>Um inc\u00eandio, portanto, pode deixar \u201cqualquer propriedade na lona\u201d.<\/p>\n<p>    <a class=\"read-too__link\" href=\"https:\/\/www.cnnbrasil.com.br\/nacional\/fogo-faz-parte-do-bioma-cerrado-diz-ex-ministro-da-agricultura-a-cnn\/\" target=\"_self\" rel=\"noopener\"><\/a><\/p>\n<h3 class=\"read-too__post-title\">Fogo faz parte do bioma cerrado, diz ex-ministro da Agricultura \u00e0 CNN<\/h3>\n<p>    <\/p>\n<p>    <a class=\"read-too__link\" href=\"https:\/\/www.cnnbrasil.com.br\/noticias\/blairo-maggi-agricultura-precisa-ser-bem-equilibrada-com-o-meio-ambiente-senao-nao-tem-futuro\/\" target=\"_self\" rel=\"noopener\"><\/a><\/p>\n<h3 class=\"read-too__post-title\">Blairo Maggi: Agricultura precisa ser bem equilibrada com o meio ambiente sen\u00e3o n\u00e3o tem futuro<\/h3>\n<p>    <\/p>\n<p>    <a class=\"read-too__link\" href=\"https:\/\/www.cnnbrasil.com.br\/nacional\/interior-de-sao-paulo-ja-perdeu-372-maracanas-de-mata-para-as-queimadas\/\" target=\"_self\" rel=\"noopener\"><\/a><\/p>\n<h3 class=\"read-too__post-title\">Interior de S\u00e3o Paulo j\u00e1 perdeu 372 Maracan\u00e3s de mata para as queimadas<\/h3>\n<p>    <\/p>\n<h2>Combate \u00e0s queimadas: um desafio complexo<\/h2>\n<p>O ex-ministro reconheceu a dificuldade de combater os inc\u00eandios, especialmente ap\u00f3s longos per\u00edodos de seca.<\/p>\n<p>\u201cLutar contra os inc\u00eandios que v\u00eam ocorrendo depois de um per\u00edodo t\u00e3o seco que n\u00f3s temos \u00e9 praticamente imposs\u00edvel\u201d, afirmou.<\/p>\n<p>Apesar de admitir que ainda existem pr\u00e1ticas isoladas de uso do fogo na agricultura, Maggi insistiu que isso n\u00e3o representa a realidade do setor como um todo.<\/p>\n<p>\u201cO fogo n\u00e3o \u00e9 um amigo do agricultor, ele \u00e9 um inimigo\u201d, concluiu, refor\u00e7ando o compromisso do agroneg\u00f3cio com a preserva\u00e7\u00e3o ambiental e o desenvolvimento sustent\u00e1vel.<\/p>\n<div class=\"disclaimer__ai\">\n    <em>Os textos gerados por intelig\u00eancia artificial na <strong>CNN Brasil<\/strong>\u00a0s\u00e3o feitos com base nos cortes de v\u00eddeos dos jornais de sua programa\u00e7\u00e3o. Todas as informa\u00e7\u00f5es s\u00e3o apuradas e checadas por jornalistas. O texto final tamb\u00e9m passa pela revis\u00e3o da equipe de jornalismo da\u00a0<strong>CNN<\/strong>.\u00a0<a href=\"https:\/\/www.cnnbrasil.com.br\/nacional\/saiba-como-a-cnn-brasil-utiliza-as-ferramentas-de-inteligencia-artificial\/\" target=\"_blank\" rel=\"noopener\">Clique aqui para saber mais<\/a>.<\/em>\n<\/div>\n<p>Este conte\u00fado foi originalmente publicado em <a href=\"https:\/\/www.cnnbrasil.com.br\/nacional\/o-fogo-e-inimigo-mortal-do-agricultor-diz-ex-ministro-da-agricultura-a-cnn\/\">O fogo \u00e9 inimigo mortal do agricultor, diz ex-ministro da Agricultura \u00e0 CNN<\/a> no site <a href=\"https:\/\/www.cnnbrasil.com.br\/\">CNN Brasil<\/a>.<\/p>","protected":false},"excerpt":{"rendered":"<p>Em entrevista \u00e0 CNN, o ex-ministro da Agricultura e Pecu\u00e1ria, Blairo Maggi, afirmou que o fogo \u00e9 um \u201cinimigo mortal\u201d do agricultor, contestando a percep\u00e7\u00e3o de que o agroneg\u00f3cio seja o principal respons\u00e1vel pelos inc\u00eandios que afetam o pa\u00eds. Maggi argumentou que o setor agr\u00edcola \u00e9 t\u00e3o v\u00edtima quanto o resto da sociedade quando se trata dos impactos negativos das queimadas. \u201cA reclama\u00e7\u00e3o que existe da sociedade brasileira pela qualidade do ar, pela perda da biodiversidade e da fauna, \u00e9 a mesma reclama\u00e7\u00e3o que n\u00f3s agricultores fazemos\u201d, declarou. Impactos devastadores nas propriedades rurais O ex-ministro enfatizou os preju\u00edzos incalcul\u00e1veis que os inc\u00eandios trazem para a agropecu\u00e1ria. Segundo ele, o fogo destr\u00f3i anos de investimento na qualidade do solo: \u201cQuando entra um inc\u00eandio desse, simplesmente acaba com tudo isso\u201d. Maggi explicou que os solos brasileiros n\u00e3o s\u00e3o naturalmente ricos, mas sim constru\u00eddos ao longo de d\u00e9cadas com o uso de fertilizantes e t\u00e9cnicas de manejo. Um inc\u00eandio, portanto, pode deixar \u201cqualquer propriedade na lona\u201d. Fogo faz parte do bioma cerrado, diz ex-ministro da Agricultura \u00e0 CNN Blairo Maggi: Agricultura precisa ser bem equilibrada com o meio ambiente sen\u00e3o n\u00e3o tem futuro Interior de S\u00e3o Paulo j\u00e1 perdeu 372 Maracan\u00e3s de mata para as queimadas Combate \u00e0s queimadas: um desafio complexo O ex-ministro reconheceu a dificuldade de combater os inc\u00eandios, especialmente ap\u00f3s longos per\u00edodos de seca. \u201cLutar contra os inc\u00eandios que v\u00eam ocorrendo depois de um per\u00edodo t\u00e3o seco que n\u00f3s temos \u00e9 praticamente imposs\u00edvel\u201d, afirmou. Apesar de admitir que ainda existem pr\u00e1ticas isoladas de uso do fogo na agricultura, Maggi insistiu que isso n\u00e3o representa a realidade do setor como um todo. \u201cO fogo n\u00e3o \u00e9 um amigo do agricultor, ele \u00e9 um inimigo\u201d, concluiu, refor\u00e7ando o compromisso do agroneg\u00f3cio com a preserva\u00e7\u00e3o ambiental e o desenvolvimento sustent\u00e1vel. Os textos gerados por intelig\u00eancia artificial na CNN Brasil\u00a0s\u00e3o feitos com base nos cortes de v\u00eddeos dos jornais de sua programa\u00e7\u00e3o. Todas as informa\u00e7\u00f5es s\u00e3o apuradas e checadas por jornalistas. O texto final tamb\u00e9m passa pela revis\u00e3o da equipe de jornalismo da\u00a0CNN.\u00a0Clique aqui para saber mais. Este conte\u00fado foi originalmente publicado em O fogo \u00e9 inimigo mortal do agricultor, diz ex-ministro da Agricultura \u00e0 CNN no site CNN Brasil.<\/p>\n","protected":false},"author":0,"featured_media":2179,"comment_status":"open","ping_status":"open","sticky":false,"template":"","format":"standard","meta":{"_monsterinsights_skip_tracking":false,"_monsterinsights_sitenote_active":false,"_monsterinsights_sitenote_note":"","_monsterinsights_sitenote_category":0,"footnotes":""},"categories":[1],"tags":[],"class_list":["post-2178","post","type-post","status-publish","format-standard","has-post-thumbnail","hentry","category-agronegocio"],"_links":{"self":[{"href":"https:\/\/senhorafrutta.com.br\/index.php\/wp-json\/wp\/v2\/posts\/2178","targetHints":{"allow":["GET"]}}],"collection":[{"href":"https:\/\/senhorafrutta.com.br\/index.php\/wp-json\/wp\/v2\/posts"}],"about":[{"href":"https:\/\/senhorafrutta.com.br\/index.php\/wp-json\/wp\/v2\/types\/post"}],"replies":[{"embeddable":true,"href":"https:\/\/senhorafrutta.com.br\/index.php\/wp-json\/wp\/v2\/comments?post=2178"}],"version-history":[{"count":0,"href":"https:\/\/senhorafrutta.com.br\/index.php\/wp-json\/wp\/v2\/posts\/2178\/revisions"}],"wp:featuredmedia":[{"embeddable":true,"href":"https:\/\/senhorafrutta.com.br\/index.php\/wp-json\/wp\/v2\/media\/2179"}],"wp:attachment":[{"href":"https:\/\/senhorafrutta.com.br\/index.php\/wp-json\/wp\/v2\/media?parent=2178"}],"wp:term":[{"taxonomy":"category","embeddable":true,"href":"https:\/\/senhorafrutta.com.br\/index.php\/wp-json\/wp\/v2\/categories?post=2178"},{"taxonomy":"post_tag","embeddable":true,"href":"https:\/\/senhorafrutta.com.br\/index.php\/wp-json\/wp\/v2\/tags?post=2178"}],"curies":[{"name":"wp","href":"https:\/\/api.w.org\/{rel}","templated":true}]}}