{"id":2164,"date":"2024-09-13T18:42:36","date_gmt":"2024-09-13T18:42:36","guid":{"rendered":"https:\/\/senhorafrutta.com.br\/index.php\/2024\/09\/13\/na-espera-de-chuvas-area-da-coopavel-pr-ainda-nao-iniciou-o-plantio-da-soja\/"},"modified":"2024-09-13T18:42:36","modified_gmt":"2024-09-13T18:42:36","slug":"na-espera-de-chuvas-area-da-coopavel-pr-ainda-nao-iniciou-o-plantio-da-soja","status":"publish","type":"post","link":"https:\/\/senhorafrutta.com.br\/index.php\/2024\/09\/13\/na-espera-de-chuvas-area-da-coopavel-pr-ainda-nao-iniciou-o-plantio-da-soja\/","title":{"rendered":"Na espera de chuvas, \u00e1rea da Coopavel (PR) ainda n\u00e3o iniciou o plantio da soja"},"content":{"rendered":"<div>Foto: Divulga\u00e7\u00e3o\/Emater-RS<\/div>\n\n<p>O produtor da <a href=\"https:\/\/www.canalrural.com.br\/agricultura\/projeto-soja-brasil\/\">soja <\/a>ainda n\u00e3o deu in\u00edcio ao plantio do gr\u00e3o na \u00e1rea da Cooperativa Coopavel, que atua no oeste e sudoeste do Paran\u00e1. Isso se deve ao tempo seco na regi\u00e3o, que se estendeu de agosto a setembro. <\/p>\n<p class=\"has-text-align-center\"><em>Confira na palma da m\u00e3o informa\u00e7\u00f5es quentes sobre agricultura, pecu\u00e1ria, economia e previs\u00e3o do tempo:<a href=\"https:\/\/www.whatsapp.com\/channel\/0029Va9VnZxGk1FplZjiW43k\">\u00a0<strong>siga o Canal Rural no WhatsApp<\/strong><\/a>!<\/em><\/p>\n<p>A expectativa \u00e9 que a regi\u00e3o tenha chuvas neste s\u00e1bado (14) e domingo (15). O vazio sanit\u00e1rio no munic\u00edpio se encerrou no dia 31 de agosto e, por isso, h\u00e1 expectativa de que a semeadura comece ap\u00f3s a apari\u00e7\u00e3o da precipita\u00e7\u00e3o. <\/p>\n<p>Em 2024, espera-se que o cultivo da soja atinja 411 mil hectares, em compara\u00e7\u00e3o com 405 mil hectares em 2023. <\/p>\n\n<p>O post <a href=\"https:\/\/www.canalrural.com.br\/agricultura\/projeto-soja-brasil\/na-espera-de-chuvas-area-da-coopavel-pr-ainda-nao-iniciou-o-plantio-da-soja\/\">Na espera de chuvas, \u00e1rea da Coopavel (PR) ainda n\u00e3o iniciou o plantio da soja<\/a> apareceu primeiro em <a href=\"https:\/\/www.canalrural.com.br\/\">Canal Rural<\/a>.<\/p>","protected":false},"excerpt":{"rendered":"<p>Foto: Divulga\u00e7\u00e3o\/Emater-RS O produtor da soja ainda n\u00e3o deu in\u00edcio ao plantio do gr\u00e3o na \u00e1rea da Cooperativa Coopavel, que atua no oeste e sudoeste do Paran\u00e1. Isso se deve ao tempo seco na regi\u00e3o, que se estendeu de agosto a setembro. Confira na palma da m\u00e3o informa\u00e7\u00f5es quentes sobre agricultura, pecu\u00e1ria, economia e previs\u00e3o do tempo:\u00a0siga o Canal Rural no WhatsApp! A expectativa \u00e9 que a regi\u00e3o tenha chuvas neste s\u00e1bado (14) e domingo (15). O vazio sanit\u00e1rio no munic\u00edpio se encerrou no dia 31 de agosto e, por isso, h\u00e1 expectativa de que a semeadura comece ap\u00f3s a apari\u00e7\u00e3o da precipita\u00e7\u00e3o. Em 2024, espera-se que o cultivo da soja atinja 411 mil hectares, em compara\u00e7\u00e3o com 405 mil hectares em 2023. O post Na espera de chuvas, \u00e1rea da Coopavel (PR) ainda n\u00e3o iniciou o plantio da soja apareceu primeiro em Canal Rural.<\/p>\n","protected":false},"author":0,"featured_media":2165,"comment_status":"open","ping_status":"open","sticky":false,"template":"","format":"standard","meta":{"_monsterinsights_skip_tracking":false,"_monsterinsights_sitenote_active":false,"_monsterinsights_sitenote_note":"","_monsterinsights_sitenote_category":0,"footnotes":""},"categories":[1],"tags":[],"class_list":["post-2164","post","type-post","status-publish","format-standard","has-post-thumbnail","hentry","category-agronegocio"],"_links":{"self":[{"href":"https:\/\/senhorafrutta.com.br\/index.php\/wp-json\/wp\/v2\/posts\/2164","targetHints":{"allow":["GET"]}}],"collection":[{"href":"https:\/\/senhorafrutta.com.br\/index.php\/wp-json\/wp\/v2\/posts"}],"about":[{"href":"https:\/\/senhorafrutta.com.br\/index.php\/wp-json\/wp\/v2\/types\/post"}],"replies":[{"embeddable":true,"href":"https:\/\/senhorafrutta.com.br\/index.php\/wp-json\/wp\/v2\/comments?post=2164"}],"version-history":[{"count":0,"href":"https:\/\/senhorafrutta.com.br\/index.php\/wp-json\/wp\/v2\/posts\/2164\/revisions"}],"wp:featuredmedia":[{"embeddable":true,"href":"https:\/\/senhorafrutta.com.br\/index.php\/wp-json\/wp\/v2\/media\/2165"}],"wp:attachment":[{"href":"https:\/\/senhorafrutta.com.br\/index.php\/wp-json\/wp\/v2\/media?parent=2164"}],"wp:term":[{"taxonomy":"category","embeddable":true,"href":"https:\/\/senhorafrutta.com.br\/index.php\/wp-json\/wp\/v2\/categories?post=2164"},{"taxonomy":"post_tag","embeddable":true,"href":"https:\/\/senhorafrutta.com.br\/index.php\/wp-json\/wp\/v2\/tags?post=2164"}],"curies":[{"name":"wp","href":"https:\/\/api.w.org\/{rel}","templated":true}]}}