{"id":2163,"date":"2024-09-13T19:52:15","date_gmt":"2024-09-13T19:52:15","guid":{"rendered":"https:\/\/senhorafrutta.com.br\/index.php\/2024\/09\/13\/declaracao-ministerial-do-g20-agro-tem-aprovacao-unanime-2\/"},"modified":"2024-09-13T19:52:15","modified_gmt":"2024-09-13T19:52:15","slug":"declaracao-ministerial-do-g20-agro-tem-aprovacao-unanime-2","status":"publish","type":"post","link":"https:\/\/senhorafrutta.com.br\/index.php\/2024\/09\/13\/declaracao-ministerial-do-g20-agro-tem-aprovacao-unanime-2\/","title":{"rendered":"Declara\u00e7\u00e3o Ministerial do G20 Agro tem aprova\u00e7\u00e3o un\u00e2nime"},"content":{"rendered":"<div>Foto: Viviane Petroli\/ Canal Rural<\/div>\n<p>A Declara\u00e7\u00e3o Ministerial, que visa dar um novo rumo para a produ\u00e7\u00e3o agropecu\u00e1ria e a pesca sustent\u00e1vel no mundo, foi aprovada por unanimidade entre os 23 pa\u00edses que comp\u00f5em o G20.<\/p>\n<div class=\"wp-block-embed__wrapper\">\n<\/div>\n<p><em>Confira na palma da m\u00e3o informa\u00e7\u00f5es quentes sobre agricultura, pecu\u00e1ria, economia e previs\u00e3o do tempo:<\/em><a href=\"https:\/\/www.whatsapp.com\/channel\/0029Va9VnZxGk1FplZjiW43k\"><em>\u00a0<\/em><strong>siga o Canal Rural no WhatsApp<\/strong><\/a>!<\/p>\n<p>O anuncio foi feito nesta sexta-feira (13) ao vivo das reuni\u00f5es ministeriais do G20 Agro, que ocorreram nesta semana em Chapada dos Guimar\u00e3es, em Mato Grosso.<\/p>\n<p>Vista como um desafio para a diplomacia brasileira \u2013 uma vez que requer consenso entre todos os pa\u00edses do G20 \u2013 a Declara\u00e7\u00e3o Ministerial possui a for\u00e7a de um acordo internacional.<\/p>\n<p>O documento conta com quatro prioridades fundamentais: <\/p>\n<p>Promover m\u00faltiplas formas de produ\u00e7\u00e3o sustent\u00e1vel na agropecu\u00e1ria; <\/p>\n<p>Garantir um com\u00e9rcio internacional mais justo, livre de distor\u00e7\u00f5es, como subs\u00eddios que prejudicam o Brasil e outros pa\u00edses; <\/p>\n<p>Oferecer apoio \u00e0 agricultura familiar, quilombolas, popula\u00e7\u00f5es ind\u00edgenas e comunidades tradicionais; e<\/p>\n<p>Regularizar e regulamentar o setor de pescados e aquicultura.<\/p>\n<p>Conforme o ministro da Agricultura e Pecu\u00e1ria (Mapa), Carlos F\u00e1varo, as discuss\u00f5es do G20 Agro realizadas em Mato Grosso foram fundamentais, uma vez que ap\u00f3s cinco anos, onde todos os grupos se dedicaram, conseguiu-se fazer uma declara\u00e7\u00e3o e n\u00e3o \u201csimplesmente cartas resumindo os trabalhos do G20\u201d.<\/p>\n<p>\u201cDesta vez, superados os desafios de diverg\u00eancias, conseguimos uma declara\u00e7\u00e3o, que certamente dar\u00e1 um novo rumo para a agropecu\u00e1ria e pesca sustent\u00e1vel do mundo\u201d, disse o ministro ao final das reuni\u00f5es do G20 Agro.<\/p>\n<h2 class=\"wp-block-heading\">Implementa\u00e7\u00e3o das medidas<\/h2>\n<p>O ministro salientou ainda que a Declara\u00e7\u00e3o \u00e9 uma condicionante em que todos os participantes se comprometem na implementa\u00e7\u00e3o das medidas expostas no documento e que \u201cser\u00e1 fundamental para a finaliza\u00e7\u00e3o do G20, em novembro, pelos l\u00edderes mundiais\u201d.<\/p>\n<p>Foram realizadas quatro rodadas de reuni\u00f5es do Grupo de Trabalho Agricultura, nos meses de fevereiro, abril, maio e junho, finalizando agora em setembro com os encontros em Mato Grosso.<\/p>\n<p>A etapa final, frisa o Minist\u00e9rio da Agricultura, registrou o maior n\u00famero de ades\u00f5es de ministros desde a cria\u00e7\u00e3o do Grupo de Trabalho, em 2011. Ao todo, 23 ministros e autoridades ministeriais e um total de 43 delega\u00e7\u00f5es participantes, incluindo os pa\u00edses membros e dos blocos integrantes do G20, convidados e organismos internacionais, participaram.<\/p>\n<p>O post <a href=\"https:\/\/www.canalrural.com.br\/politica\/declaracao-ministerial-do-g20-agro-tem-aprovacao-unanime\/\">Declara\u00e7\u00e3o Ministerial do G20 Agro tem aprova\u00e7\u00e3o un\u00e2nime<\/a> apareceu primeiro em <a href=\"https:\/\/www.canalrural.com.br\/\">Canal Rural<\/a>.<\/p>","protected":false},"excerpt":{"rendered":"<p>Foto: Viviane Petroli\/ Canal Rural A Declara\u00e7\u00e3o Ministerial, que visa dar um novo rumo para a produ\u00e7\u00e3o agropecu\u00e1ria e a pesca sustent\u00e1vel no mundo, foi aprovada por unanimidade entre os 23 pa\u00edses que comp\u00f5em o G20. Confira na palma da m\u00e3o informa\u00e7\u00f5es quentes sobre agricultura, pecu\u00e1ria, economia e previs\u00e3o do tempo:\u00a0siga o Canal Rural no WhatsApp! O anuncio foi feito nesta sexta-feira (13) ao vivo das reuni\u00f5es ministeriais do G20 Agro, que ocorreram nesta semana em Chapada dos Guimar\u00e3es, em Mato Grosso. Vista como um desafio para a diplomacia brasileira \u2013 uma vez que requer consenso entre todos os pa\u00edses do G20 \u2013 a Declara\u00e7\u00e3o Ministerial possui a for\u00e7a de um acordo internacional. O documento conta com quatro prioridades fundamentais: Promover m\u00faltiplas formas de produ\u00e7\u00e3o sustent\u00e1vel na agropecu\u00e1ria; Garantir um com\u00e9rcio internacional mais justo, livre de distor\u00e7\u00f5es, como subs\u00eddios que prejudicam o Brasil e outros pa\u00edses; Oferecer apoio \u00e0 agricultura familiar, quilombolas, popula\u00e7\u00f5es ind\u00edgenas e comunidades tradicionais; e Regularizar e regulamentar o setor de pescados e aquicultura. Conforme o ministro da Agricultura e Pecu\u00e1ria (Mapa), Carlos F\u00e1varo, as discuss\u00f5es do G20 Agro realizadas em Mato Grosso foram fundamentais, uma vez que ap\u00f3s cinco anos, onde todos os grupos se dedicaram, conseguiu-se fazer uma declara\u00e7\u00e3o e n\u00e3o \u201csimplesmente cartas resumindo os trabalhos do G20\u201d. \u201cDesta vez, superados os desafios de diverg\u00eancias, conseguimos uma declara\u00e7\u00e3o, que certamente dar\u00e1 um novo rumo para a agropecu\u00e1ria e pesca sustent\u00e1vel do mundo\u201d, disse o ministro ao final das reuni\u00f5es do G20 Agro. Implementa\u00e7\u00e3o das medidas O ministro salientou ainda que a Declara\u00e7\u00e3o \u00e9 uma condicionante em que todos os participantes se comprometem na implementa\u00e7\u00e3o das medidas expostas no documento e que \u201cser\u00e1 fundamental para a finaliza\u00e7\u00e3o do G20, em novembro, pelos l\u00edderes mundiais\u201d. Foram realizadas quatro rodadas de reuni\u00f5es do Grupo de Trabalho Agricultura, nos meses de fevereiro, abril, maio e junho, finalizando agora em setembro com os encontros em Mato Grosso. A etapa final, frisa o Minist\u00e9rio da Agricultura, registrou o maior n\u00famero de ades\u00f5es de ministros desde a cria\u00e7\u00e3o do Grupo de Trabalho, em 2011. Ao todo, 23 ministros e autoridades ministeriais e um total de 43 delega\u00e7\u00f5es participantes, incluindo os pa\u00edses membros e dos blocos integrantes do G20, convidados e organismos internacionais, participaram. O post Declara\u00e7\u00e3o Ministerial do G20 Agro tem aprova\u00e7\u00e3o un\u00e2nime apareceu primeiro em Canal Rural.<\/p>\n","protected":false},"author":0,"featured_media":2158,"comment_status":"open","ping_status":"open","sticky":false,"template":"","format":"standard","meta":{"_monsterinsights_skip_tracking":false,"_monsterinsights_sitenote_active":false,"_monsterinsights_sitenote_note":"","_monsterinsights_sitenote_category":0,"footnotes":""},"categories":[1],"tags":[],"class_list":["post-2163","post","type-post","status-publish","format-standard","has-post-thumbnail","hentry","category-agronegocio"],"_links":{"self":[{"href":"https:\/\/senhorafrutta.com.br\/index.php\/wp-json\/wp\/v2\/posts\/2163","targetHints":{"allow":["GET"]}}],"collection":[{"href":"https:\/\/senhorafrutta.com.br\/index.php\/wp-json\/wp\/v2\/posts"}],"about":[{"href":"https:\/\/senhorafrutta.com.br\/index.php\/wp-json\/wp\/v2\/types\/post"}],"replies":[{"embeddable":true,"href":"https:\/\/senhorafrutta.com.br\/index.php\/wp-json\/wp\/v2\/comments?post=2163"}],"version-history":[{"count":0,"href":"https:\/\/senhorafrutta.com.br\/index.php\/wp-json\/wp\/v2\/posts\/2163\/revisions"}],"wp:featuredmedia":[{"embeddable":true,"href":"https:\/\/senhorafrutta.com.br\/index.php\/wp-json\/wp\/v2\/media\/2158"}],"wp:attachment":[{"href":"https:\/\/senhorafrutta.com.br\/index.php\/wp-json\/wp\/v2\/media?parent=2163"}],"wp:term":[{"taxonomy":"category","embeddable":true,"href":"https:\/\/senhorafrutta.com.br\/index.php\/wp-json\/wp\/v2\/categories?post=2163"},{"taxonomy":"post_tag","embeddable":true,"href":"https:\/\/senhorafrutta.com.br\/index.php\/wp-json\/wp\/v2\/tags?post=2163"}],"curies":[{"name":"wp","href":"https:\/\/api.w.org\/{rel}","templated":true}]}}