{"id":2157,"date":"2024-09-13T20:51:02","date_gmt":"2024-09-13T20:51:02","guid":{"rendered":"https:\/\/senhorafrutta.com.br\/index.php\/2024\/09\/13\/declaracao-ministerial-do-g20-agro-tem-aprovacao-unanime\/"},"modified":"2024-09-13T20:51:02","modified_gmt":"2024-09-13T20:51:02","slug":"declaracao-ministerial-do-g20-agro-tem-aprovacao-unanime","status":"publish","type":"post","link":"https:\/\/senhorafrutta.com.br\/index.php\/2024\/09\/13\/declaracao-ministerial-do-g20-agro-tem-aprovacao-unanime\/","title":{"rendered":"Declara\u00e7\u00e3o Ministerial do G20 Agro tem aprova\u00e7\u00e3o un\u00e2nime"},"content":{"rendered":"<p>A Declara\u00e7\u00e3o Ministerial, que visa dar um novo rumo para a produ\u00e7\u00e3o agropecu\u00e1ria e a pesca sustent\u00e1vel no mundo, foi aprovada por unanimidade entre os 23 pa\u00edses que comp\u00f5em o G20 Agro.<\/p>\n<div class=\"custom__ad__element\"><\/div>\n<p>O an\u00fancio foi feito nesta sexta-feira (13) durante o G20 Agro, que se reuniu nesta semana na Chapada dos Guimar\u00e3es, em Mato Grosso.<\/p>\n<p>Vista como um desafio para a diplomacia brasileira \u2014 uma vez que requer consenso entre todos os pa\u00edses do G20 \u2014, a Declara\u00e7\u00e3o Ministerial possui a for\u00e7a de um acordo internacional.<\/p>\n<p>O documento conta com quatro prioridades fundamentais:<\/p>\n<p>Promover m\u00faltiplas formas de produ\u00e7\u00e3o sustent\u00e1vel na agropecu\u00e1ria;<br \/>\nGarantir um com\u00e9rcio internacional mais justo, livre de distor\u00e7\u00f5es, como subs\u00eddios que prejudicam o Brasil e outros pa\u00edses;<br \/>\nOferecer apoio \u00e0 agricultura familiar, quilombolas, popula\u00e7\u00f5es ind\u00edgenas e comunidades tradicionais; e<br \/>\nRegularizar e regulamentar o setor de pescados e aquicultura.<\/p>\n<h2 class=\"read-too__title\">Leia Mais<\/h2>\n<p>    <a class=\"read-too__link\" href=\"https:\/\/www.cnnbrasil.com.br\/economia\/macroeconomia\/fazenda-ve-inflacao-menos-sensivel-a-solavancos-cambiais-e-riscos-externos\/\" target=\"_self\" rel=\"noopener\"><\/a><\/p>\n<h3 class=\"read-too__post-title\">Fazenda v\u00ea infla\u00e7\u00e3o menos sens\u00edvel a solavancos cambiais e riscos externos<\/h3>\n<p>    <\/p>\n<p>    <a class=\"read-too__link\" href=\"https:\/\/www.cnnbrasil.com.br\/economia\/macroeconomia\/fazenda-ve-possibilidade-de-abertura-de-credito-extra-para-combate-a-incendios\/\" target=\"_self\" rel=\"noopener\"><\/a><\/p>\n<h3 class=\"read-too__post-title\">Fazenda v\u00ea possibilidade de abertura de cr\u00e9dito extra para combate a inc\u00eandios<\/h3>\n<p>    <\/p>\n<p>    <a class=\"read-too__link\" href=\"https:\/\/www.cnnbrasil.com.br\/economia\/macroeconomia\/favaro-anuncia-acesso-a-financiamentos-para-produtores-afetados-por-queimadas\/\" target=\"_self\" rel=\"noopener\"><\/a><\/p>\n<h3 class=\"read-too__post-title\">F\u00e1varo anuncia acesso a financiamentos para produtores afetados por queimadas<\/h3>\n<p>    <\/p>\n<p>Conforme o ministro da Agricultura e Pecu\u00e1ria (Mapa), Carlos F\u00e1varo, as discuss\u00f5es do G20 Agro realizadas em Mato Grosso foram fundamentais, j\u00e1 que ap\u00f3s cinco anos, onde todos os grupos se dedicaram, conseguiu-se fazer uma declara\u00e7\u00e3o e n\u00e3o \u201csimplesmente cartas resumindo os trabalhos do G20\u201d.<\/p>\n<div class=\"custom__ad__element\"><\/div>\n<p>\u201cDesta vez, superados os desafios de diverg\u00eancias, conseguimos uma declara\u00e7\u00e3o, que certamente dar\u00e1 um novo rumo para a agropecu\u00e1ria e pesca sustent\u00e1vel do mundo\u201d, disse o ministro ao final das reuni\u00f5es do G20 Agro.<\/p>\n<h2>Implementa\u00e7\u00e3o das medidas<\/h2>\n<p>O ministro salientou ainda que a Declara\u00e7\u00e3o \u00e9 uma condicionante em que todos os participantes se comprometem na implementa\u00e7\u00e3o das medidas expostas no documento e que \u201cser\u00e1 fundamental para a finaliza\u00e7\u00e3o do G20, em novembro, pelos l\u00edderes mundiais\u201d.<\/p>\n<p>Foram realizadas quatro rodadas de reuni\u00f5es do Grupo de Trabalho Agricultura, nos meses de fevereiro, abril, maio e junho, finalizando agora em setembro com os encontros em Mato Grosso.<\/p>\n<p>A etapa final, frisa o Minist\u00e9rio da Agricultura, registrou o maior n\u00famero de ades\u00f5es de ministros desde a cria\u00e7\u00e3o do Grupo de Trabalho, em 2011.<\/p>\n<p>Ao todo, 23 ministros e autoridades ministeriais e um total de 43 delega\u00e7\u00f5es participantes, incluindo os pa\u00edses membros e dos blocos integrantes do G20, convidados e organismos internacionais, participaram.<\/p>\n\n<div class=\"post__video\">\n<div class=\"cnn component-video has--live\">\n<div class=\"component-inner\">\n<div class=\"video-wrapper \">\n<div class=\"video-wrapper-inner\">\n<div class=\"overlay-wrapper\">\n\t\t\t\t\t\t<button class=\"video-button js-video-play active\">\n<p>\t\t\t\t\t\t\t<span class=\"video-play-button\"><\/span><\/p>\n<p>\t\t\t\t\t\t\t\t\t\t\t\t\t\t\t<span class=\"video-gradient\"><\/span><br \/>\n\t\t\t\t\t\t\t\t<span class=\"video-title\">Ministros debatem produ\u00e7\u00e3o sustent\u00e1vel de alimentos no G20 Agro | CNN 360\u00b0<\/span><br \/>\n\t\t\t\t\t\t\t\t\t\t\t\t\t<\/p><\/button>\n\t\t\t\t\t<\/div>\n<p>\t\t\t\t\t\t\t\t\t\t<span class=\"embedded-video video-player-wrapper\"><\/span>\n\t\t\t\t<\/p><\/div>\n<\/div>\n<\/div>\n<\/div>\n<\/div>\n<p>Este conte\u00fado foi originalmente publicado em <a href=\"https:\/\/www.cnnbrasil.com.br\/economia\/macroeconomia\/declaracao-ministerial-do-g20-agro-tem-aprovacao-unanime\/\">Declara\u00e7\u00e3o Ministerial do G20 Agro tem aprova\u00e7\u00e3o un\u00e2nime<\/a> no site <a href=\"https:\/\/www.cnnbrasil.com.br\/\">CNN Brasil<\/a>.<\/p>","protected":false},"excerpt":{"rendered":"<p>A Declara\u00e7\u00e3o Ministerial, que visa dar um novo rumo para a produ\u00e7\u00e3o agropecu\u00e1ria e a pesca sustent\u00e1vel no mundo, foi aprovada por unanimidade entre os 23 pa\u00edses que comp\u00f5em o G20 Agro. O an\u00fancio foi feito nesta sexta-feira (13) durante o G20 Agro, que se reuniu nesta semana na Chapada dos Guimar\u00e3es, em Mato Grosso. Vista como um desafio para a diplomacia brasileira \u2014 uma vez que requer consenso entre todos os pa\u00edses do G20 \u2014, a Declara\u00e7\u00e3o Ministerial possui a for\u00e7a de um acordo internacional. O documento conta com quatro prioridades fundamentais: Promover m\u00faltiplas formas de produ\u00e7\u00e3o sustent\u00e1vel na agropecu\u00e1ria; Garantir um com\u00e9rcio internacional mais justo, livre de distor\u00e7\u00f5es, como subs\u00eddios que prejudicam o Brasil e outros pa\u00edses; Oferecer apoio \u00e0 agricultura familiar, quilombolas, popula\u00e7\u00f5es ind\u00edgenas e comunidades tradicionais; e Regularizar e regulamentar o setor de pescados e aquicultura. Leia Mais Fazenda v\u00ea infla\u00e7\u00e3o menos sens\u00edvel a solavancos cambiais e riscos externos Fazenda v\u00ea possibilidade de abertura de cr\u00e9dito extra para combate a inc\u00eandios F\u00e1varo anuncia acesso a financiamentos para produtores afetados por queimadas Conforme o ministro da Agricultura e Pecu\u00e1ria (Mapa), Carlos F\u00e1varo, as discuss\u00f5es do G20 Agro realizadas em Mato Grosso foram fundamentais, j\u00e1 que ap\u00f3s cinco anos, onde todos os grupos se dedicaram, conseguiu-se fazer uma declara\u00e7\u00e3o e n\u00e3o \u201csimplesmente cartas resumindo os trabalhos do G20\u201d. \u201cDesta vez, superados os desafios de diverg\u00eancias, conseguimos uma declara\u00e7\u00e3o, que certamente dar\u00e1 um novo rumo para a agropecu\u00e1ria e pesca sustent\u00e1vel do mundo\u201d, disse o ministro ao final das reuni\u00f5es do G20 Agro. Implementa\u00e7\u00e3o das medidas O ministro salientou ainda que a Declara\u00e7\u00e3o \u00e9 uma condicionante em que todos os participantes se comprometem na implementa\u00e7\u00e3o das medidas expostas no documento e que \u201cser\u00e1 fundamental para a finaliza\u00e7\u00e3o do G20, em novembro, pelos l\u00edderes mundiais\u201d. Foram realizadas quatro rodadas de reuni\u00f5es do Grupo de Trabalho Agricultura, nos meses de fevereiro, abril, maio e junho, finalizando agora em setembro com os encontros em Mato Grosso. A etapa final, frisa o Minist\u00e9rio da Agricultura, registrou o maior n\u00famero de ades\u00f5es de ministros desde a cria\u00e7\u00e3o do Grupo de Trabalho, em 2011. Ao todo, 23 ministros e autoridades ministeriais e um total de 43 delega\u00e7\u00f5es participantes, incluindo os pa\u00edses membros e dos blocos integrantes do G20, convidados e organismos internacionais, participaram. Ministros debatem produ\u00e7\u00e3o sustent\u00e1vel de alimentos no G20 Agro | CNN 360\u00b0 Este conte\u00fado foi originalmente publicado em Declara\u00e7\u00e3o Ministerial do G20 Agro tem aprova\u00e7\u00e3o un\u00e2nime no site CNN Brasil.<\/p>\n","protected":false},"author":0,"featured_media":2158,"comment_status":"open","ping_status":"open","sticky":false,"template":"","format":"standard","meta":{"_monsterinsights_skip_tracking":false,"_monsterinsights_sitenote_active":false,"_monsterinsights_sitenote_note":"","_monsterinsights_sitenote_category":0,"footnotes":""},"categories":[1],"tags":[],"class_list":["post-2157","post","type-post","status-publish","format-standard","has-post-thumbnail","hentry","category-agronegocio"],"_links":{"self":[{"href":"https:\/\/senhorafrutta.com.br\/index.php\/wp-json\/wp\/v2\/posts\/2157","targetHints":{"allow":["GET"]}}],"collection":[{"href":"https:\/\/senhorafrutta.com.br\/index.php\/wp-json\/wp\/v2\/posts"}],"about":[{"href":"https:\/\/senhorafrutta.com.br\/index.php\/wp-json\/wp\/v2\/types\/post"}],"replies":[{"embeddable":true,"href":"https:\/\/senhorafrutta.com.br\/index.php\/wp-json\/wp\/v2\/comments?post=2157"}],"version-history":[{"count":0,"href":"https:\/\/senhorafrutta.com.br\/index.php\/wp-json\/wp\/v2\/posts\/2157\/revisions"}],"wp:featuredmedia":[{"embeddable":true,"href":"https:\/\/senhorafrutta.com.br\/index.php\/wp-json\/wp\/v2\/media\/2158"}],"wp:attachment":[{"href":"https:\/\/senhorafrutta.com.br\/index.php\/wp-json\/wp\/v2\/media?parent=2157"}],"wp:term":[{"taxonomy":"category","embeddable":true,"href":"https:\/\/senhorafrutta.com.br\/index.php\/wp-json\/wp\/v2\/categories?post=2157"},{"taxonomy":"post_tag","embeddable":true,"href":"https:\/\/senhorafrutta.com.br\/index.php\/wp-json\/wp\/v2\/tags?post=2157"}],"curies":[{"name":"wp","href":"https:\/\/api.w.org\/{rel}","templated":true}]}}