{"id":2149,"date":"2024-09-14T02:44:49","date_gmt":"2024-09-14T02:44:49","guid":{"rendered":"https:\/\/senhorafrutta.com.br\/index.php\/2024\/09\/14\/fogo-faz-parte-do-bioma-cerrado-diz-ex-ministro-da-agricultura-a-cnn\/"},"modified":"2024-09-14T02:44:49","modified_gmt":"2024-09-14T02:44:49","slug":"fogo-faz-parte-do-bioma-cerrado-diz-ex-ministro-da-agricultura-a-cnn","status":"publish","type":"post","link":"https:\/\/senhorafrutta.com.br\/index.php\/2024\/09\/14\/fogo-faz-parte-do-bioma-cerrado-diz-ex-ministro-da-agricultura-a-cnn\/","title":{"rendered":"Fogo faz parte do bioma cerrado, diz ex-ministro da Agricultura \u00e0 CNN"},"content":{"rendered":"<p>Em entrevista ao <strong>WW<\/strong> da <strong>CNN<\/strong>, o ex-ministro da Agricultura e Pecu\u00e1ria Blairo Maggi explicou os altos \u00edndices de queimadas no estado do Mato Grosso, destacando a natureza intr\u00ednseca do fogo no bioma cerrado.<\/p>\n<div class=\"custom__ad__element\"><\/div>\n<p>Segundo dados do MapBiomas, o estado foi respons\u00e1vel por 1,7 milh\u00e3o de hectares queimados em agosto.<\/p>\n<p>Maggi ressaltou a diversidade geogr\u00e1fica do Mato Grosso, que abriga os biomas amaz\u00f4nico, cerrado e Pantanal.<\/p>\n<p>\u201cO fogo no bioma amaz\u00f4nico n\u00e3o \u00e9 natural, ele n\u00e3o pertence \u00e0quele ambiente, mas o fogo no cerrado e no Pantanal, sim\u201d, explicou o ex-ministro.<\/p>\n<h2>Caracter\u00edsticas do Cerrado e sua rela\u00e7\u00e3o com o fogo<\/h2>\n<p>O cerrado, que ocupa aproximadamente dois ter\u00e7os do territ\u00f3rio mato-grossense, \u00e9 naturalmente propenso a inc\u00eandios.<\/p>\n<div class=\"custom__ad__element\"><\/div>\n<p>Maggi descreveu a vegeta\u00e7\u00e3o t\u00edpica: \u201cSe voc\u00ea olhar o cerrado, voc\u00ea vai ver que ele \u00e9 uma vegeta\u00e7\u00e3o de \u00e1rvores tortas e muito rala, porque h\u00e1 milh\u00f5es de anos passa fogo nesse local\u201d.<\/p>\n<p>O ex-ministro tamb\u00e9m destacou a vastid\u00e3o do estado, com seus 906 mil km\u00b2, comparando-o a \u201ctr\u00eas estados de S\u00e3o Paulo\u201d ou \u201ccinco Rios de Janeiro\u201d.<\/p>\n<p>Esta extens\u00e3o territorial, aliada \u00e0s caracter\u00edsticas do bioma, contribui significativamente para o alto n\u00famero de queimadas registradas.<\/p>\n<p>    <a class=\"read-too__link\" href=\"https:\/\/www.cnnbrasil.com.br\/nacional\/controle-de-queimadas-do-brasil-e-fraco-e-despreparado-diz-ex-ministro-da-agricultura\/\" target=\"_self\" rel=\"noopener\"><\/a><\/p>\n<h3 class=\"read-too__post-title\">Controle de queimadas do Brasil \u00e9 fraco e despreparado, diz ex-ministro da Agricultura<\/h3>\n<p>    <\/p>\n<p>    <a class=\"read-too__link\" href=\"https:\/\/www.cnnbrasil.com.br\/nacional\/policia-prende-homem-acusado-de-atear-fogo-no-cerrado\/\" target=\"_self\" rel=\"noopener\"><\/a><\/p>\n<h3 class=\"read-too__post-title\">Pol\u00edcia prende homem acusado de atear fogo no Cerrado<\/h3>\n<p>    <\/p>\n<p>    <a class=\"read-too__link\" href=\"https:\/\/www.cnnbrasil.com.br\/nacional\/umidificador-ou-purificador-qual-devo-usar-para-combater-a-secura-e-onda-de-calor-sufocante\/\" target=\"_self\" rel=\"noopener\"><\/a><\/p>\n<h3 class=\"read-too__post-title\">Umidificador ou purificador? Qual devo usar para combater a secura e onda de calor sufocante<\/h3>\n<p>    <\/p>\n<h2>Condi\u00e7\u00f5es clim\u00e1ticas e desafios<\/h2>\n<p>As condi\u00e7\u00f5es clim\u00e1ticas extremas da regi\u00e3o tamb\u00e9m foram apontadas como fatores agravantes.<\/p>\n<p>O ex-ministro enfatizou a necessidade de conviver com essa realidade natural, ao mesmo tempo em que se busca minimizar os impactos sobre o meio ambiente e as atividades agr\u00edcolas.<\/p>\n<p>\u201cN\u00f3s estamos l\u00e1 e temos que conviver com ela e tentar cuidar e minimizar todos esses efeitos que tem sobre o meio ambiente e sobre as nossas atividades agr\u00edcolas\u201d, concluiu.<\/p>\n<div class=\"disclaimer__ai\">\n    <em>Os textos gerados por intelig\u00eancia artificial na <strong>CNN Brasil<\/strong>\u00a0s\u00e3o feitos com base nos cortes de v\u00eddeos dos jornais de sua programa\u00e7\u00e3o. Todas as informa\u00e7\u00f5es s\u00e3o apuradas e checadas por jornalistas. O texto final tamb\u00e9m passa pela revis\u00e3o da equipe de jornalismo da\u00a0<strong>CNN<\/strong>.\u00a0<a href=\"https:\/\/www.cnnbrasil.com.br\/nacional\/saiba-como-a-cnn-brasil-utiliza-as-ferramentas-de-inteligencia-artificial\/\" target=\"_blank\" rel=\"noopener\">Clique aqui para saber mais<\/a>.<\/em>\n<\/div>\n<p>Este conte\u00fado foi originalmente publicado em <a href=\"https:\/\/www.cnnbrasil.com.br\/nacional\/fogo-faz-parte-do-bioma-cerrado-diz-ex-ministro-da-agricultura-a-cnn\/\">Fogo faz parte do bioma cerrado, diz ex-ministro da Agricultura \u00e0 CNN<\/a> no site <a href=\"https:\/\/www.cnnbrasil.com.br\/\">CNN Brasil<\/a>.<\/p>","protected":false},"excerpt":{"rendered":"<p>Em entrevista ao WW da CNN, o ex-ministro da Agricultura e Pecu\u00e1ria Blairo Maggi explicou os altos \u00edndices de queimadas no estado do Mato Grosso, destacando a natureza intr\u00ednseca do fogo no bioma cerrado. Segundo dados do MapBiomas, o estado foi respons\u00e1vel por 1,7 milh\u00e3o de hectares queimados em agosto. Maggi ressaltou a diversidade geogr\u00e1fica do Mato Grosso, que abriga os biomas amaz\u00f4nico, cerrado e Pantanal. \u201cO fogo no bioma amaz\u00f4nico n\u00e3o \u00e9 natural, ele n\u00e3o pertence \u00e0quele ambiente, mas o fogo no cerrado e no Pantanal, sim\u201d, explicou o ex-ministro. Caracter\u00edsticas do Cerrado e sua rela\u00e7\u00e3o com o fogo O cerrado, que ocupa aproximadamente dois ter\u00e7os do territ\u00f3rio mato-grossense, \u00e9 naturalmente propenso a inc\u00eandios. Maggi descreveu a vegeta\u00e7\u00e3o t\u00edpica: \u201cSe voc\u00ea olhar o cerrado, voc\u00ea vai ver que ele \u00e9 uma vegeta\u00e7\u00e3o de \u00e1rvores tortas e muito rala, porque h\u00e1 milh\u00f5es de anos passa fogo nesse local\u201d. O ex-ministro tamb\u00e9m destacou a vastid\u00e3o do estado, com seus 906 mil km\u00b2, comparando-o a \u201ctr\u00eas estados de S\u00e3o Paulo\u201d ou \u201ccinco Rios de Janeiro\u201d. Esta extens\u00e3o territorial, aliada \u00e0s caracter\u00edsticas do bioma, contribui significativamente para o alto n\u00famero de queimadas registradas. Controle de queimadas do Brasil \u00e9 fraco e despreparado, diz ex-ministro da Agricultura Pol\u00edcia prende homem acusado de atear fogo no Cerrado Umidificador ou purificador? Qual devo usar para combater a secura e onda de calor sufocante Condi\u00e7\u00f5es clim\u00e1ticas e desafios As condi\u00e7\u00f5es clim\u00e1ticas extremas da regi\u00e3o tamb\u00e9m foram apontadas como fatores agravantes. O ex-ministro enfatizou a necessidade de conviver com essa realidade natural, ao mesmo tempo em que se busca minimizar os impactos sobre o meio ambiente e as atividades agr\u00edcolas. \u201cN\u00f3s estamos l\u00e1 e temos que conviver com ela e tentar cuidar e minimizar todos esses efeitos que tem sobre o meio ambiente e sobre as nossas atividades agr\u00edcolas\u201d, concluiu. Os textos gerados por intelig\u00eancia artificial na CNN Brasil\u00a0s\u00e3o feitos com base nos cortes de v\u00eddeos dos jornais de sua programa\u00e7\u00e3o. Todas as informa\u00e7\u00f5es s\u00e3o apuradas e checadas por jornalistas. O texto final tamb\u00e9m passa pela revis\u00e3o da equipe de jornalismo da\u00a0CNN.\u00a0Clique aqui para saber mais. Este conte\u00fado foi originalmente publicado em Fogo faz parte do bioma cerrado, diz ex-ministro da Agricultura \u00e0 CNN no site CNN Brasil.<\/p>\n","protected":false},"author":0,"featured_media":2150,"comment_status":"open","ping_status":"open","sticky":false,"template":"","format":"standard","meta":{"_monsterinsights_skip_tracking":false,"_monsterinsights_sitenote_active":false,"_monsterinsights_sitenote_note":"","_monsterinsights_sitenote_category":0,"footnotes":""},"categories":[1],"tags":[],"class_list":["post-2149","post","type-post","status-publish","format-standard","has-post-thumbnail","hentry","category-agronegocio"],"_links":{"self":[{"href":"https:\/\/senhorafrutta.com.br\/index.php\/wp-json\/wp\/v2\/posts\/2149","targetHints":{"allow":["GET"]}}],"collection":[{"href":"https:\/\/senhorafrutta.com.br\/index.php\/wp-json\/wp\/v2\/posts"}],"about":[{"href":"https:\/\/senhorafrutta.com.br\/index.php\/wp-json\/wp\/v2\/types\/post"}],"replies":[{"embeddable":true,"href":"https:\/\/senhorafrutta.com.br\/index.php\/wp-json\/wp\/v2\/comments?post=2149"}],"version-history":[{"count":0,"href":"https:\/\/senhorafrutta.com.br\/index.php\/wp-json\/wp\/v2\/posts\/2149\/revisions"}],"wp:featuredmedia":[{"embeddable":true,"href":"https:\/\/senhorafrutta.com.br\/index.php\/wp-json\/wp\/v2\/media\/2150"}],"wp:attachment":[{"href":"https:\/\/senhorafrutta.com.br\/index.php\/wp-json\/wp\/v2\/media?parent=2149"}],"wp:term":[{"taxonomy":"category","embeddable":true,"href":"https:\/\/senhorafrutta.com.br\/index.php\/wp-json\/wp\/v2\/categories?post=2149"},{"taxonomy":"post_tag","embeddable":true,"href":"https:\/\/senhorafrutta.com.br\/index.php\/wp-json\/wp\/v2\/tags?post=2149"}],"curies":[{"name":"wp","href":"https:\/\/api.w.org\/{rel}","templated":true}]}}