{"id":2143,"date":"2024-09-12T19:26:50","date_gmt":"2024-09-12T19:26:50","guid":{"rendered":"https:\/\/senhorafrutta.com.br\/index.php\/2024\/09\/12\/23-delegacoes-e-autoridades-mundiais-do-agro-se-reunem-em-mt-para-o-g20-agro\/"},"modified":"2024-09-12T19:26:50","modified_gmt":"2024-09-12T19:26:50","slug":"23-delegacoes-e-autoridades-mundiais-do-agro-se-reunem-em-mt-para-o-g20-agro","status":"publish","type":"post","link":"https:\/\/senhorafrutta.com.br\/index.php\/2024\/09\/12\/23-delegacoes-e-autoridades-mundiais-do-agro-se-reunem-em-mt-para-o-g20-agro\/","title":{"rendered":"23 delega\u00e7\u00f5es e autoridades mundiais do agro se re\u00fanem em MT para o G20 Agro"},"content":{"rendered":"<div>Foto: Viviane Petroli\/ Canal Rural<\/div>\n<p>Ap\u00f3s dois dias de reuni\u00f5es t\u00e9cnicas e muito debate, ocorreu na manh\u00e3 desta quinta-feira (12) o G20 Agro. Est\u00e3o reunidos em Chapada dos Guimar\u00e3es, em <strong><a href=\"https:\/\/matogrosso.canalrural.com.br\/\">Mato Grosso<\/a><\/strong>, 23 ministros e autoridades ligadas ao agroneg\u00f3cio mundial. <\/p>\n<p>Na pauta do encontro internacional, temas cruciais como a seguran\u00e7a alimentar, a import\u00e2ncia da agricultura familiar e a sustentabilidade na produ\u00e7\u00e3o agr\u00edcola.<\/p>\n<div class=\"wp-block-embed__wrapper\">\n<\/div>\n<p>Nos \u00faltimos dois dias foram realizadas discuss\u00f5es com as equipes t\u00e9cnicas e agora os ministros e organismos internacionais convidados v\u00e3o afinar o documento com a declara\u00e7\u00e3o ministerial, que possui a for\u00e7a de um acordo internacional e que necessita da aprova\u00e7\u00e3o de todos os pa\u00edses que formam o G20.<\/p>\n<p>Al\u00e9m do ministro da Agricultura e Pecu\u00e1ria, Carlos F\u00e1varo, anfitri\u00e3o do G20 Agro, participaram da abertura das reuni\u00f5es ministeriais o ministro do Desenvolvimento Agr\u00e1rio e Agricultura Familiar, Paulo Teixeira, o governador de Mato Grosso, Mauro Mendes (Uni\u00e3o Brasil\/MT), o secret\u00e1rio-executivo do Minist\u00e9rio da Pesca e Aquicultura, Rivetla Edipo Araujo Cruz, e atual Diretor-Geral da Organiza\u00e7\u00e3o das Na\u00e7\u00f5es Unidas (ONU) para a Alimenta\u00e7\u00e3o e a Agricultura (FAO) \u00e9 Qu Dongyu, da China.<\/p>\n<h2 class=\"wp-block-heading\">G20: retomada internacional<\/h2>\n<p>Durante a abertura, o ministro Carlos F\u00e1varo destacou que o Brasil sediar o G20 \u00e9 uma oportunidade e retomada do seu protagonismo nas rela\u00e7\u00f5es internacionais.<\/p>\n<p>\u201cUm mundo melhor se d\u00e1 com certeza tamb\u00e9m atrav\u00e9s do combate \u00e0 fome. Este \u00e9 um mundo melhor, dentre outras melhorias que devem ser proporcionadas. E um planeta mais sustent\u00e1vel tem tudo a ver com a agropecu\u00e1ria, que sofre com as mudan\u00e7as clim\u00e1ticas, que sofre junto com toda a popula\u00e7\u00e3o\u201d.<\/p>\n<p>O ministro pontuou ainda que a realiza\u00e7\u00e3o do G20 Agro em Mato Grosso, centro da produ\u00e7\u00e3o brasileira, \u201c\u00e9 uma oportunidade de apresentarmos ao mundo, aos l\u00edderes mundiais, um documento que j\u00e1 est\u00e1 estruturado e ser\u00e1 fechado at\u00e9 amanh\u00e3 com as declara\u00e7\u00f5es dos pr\u00f3ximos passos da agropecu\u00e1ria mundial. Uma agropecu\u00e1ria inclusiva\u201d.<\/p>\n<p>O secret\u00e1rio-executivo do Minist\u00e9rio da Pesca e Aquicultura, Rivetla Edipo Araujo Cruz, ressaltou que \u201co mundo passa por um per\u00edodo de enfrentamento de amea\u00e7as cada vez mais crescentes desde a polui\u00e7\u00e3o por pl\u00e1sticos at\u00e9 os reflexos das mudan\u00e7as clim\u00e1ticas\u201d e que \u201cestes desafios atuais emergentes impactam diretamente a pesca e a aquicultura\u201d.<\/p>\n<h2 class=\"wp-block-heading\">Mudan\u00e7as clim\u00e1ticas ocorrem no mundo todo<\/h2>\n<p>A situa\u00e7\u00e3o vivida por Mato Grosso, bem como todo o Brasil, quanto \u00e0s queimadas, na avalia\u00e7\u00e3o do governador do estado, Mauro Mendes, n\u00e3o deve prejudicar os debates que ocorrem no G20 Agro, bem como as rela\u00e7\u00f5es comerciais, uma vez que a situa\u00e7\u00e3o tamb\u00e9m \u00e9 observada em diversos pa\u00edses, como os Estados Unidos.<\/p>\n<p>\u201c\u00c9 uma realidade em que todos n\u00f3s estamos convivendo e vendo as consequ\u00eancias [das mudan\u00e7as clim\u00e1ticas]. Temos que encontrar rapidamente alternativas, encontrar novas formas de nos relacionarmos com o meio ambiente, de produzir de forma mais sustent\u00e1vel e com isso garantir a tranquilidade mundial com a produ\u00e7\u00e3o de alimentos\u201d.<\/p>\n<p>Ao final da programa\u00e7\u00e3o da manh\u00e3, os pa\u00edses que comp\u00f5em o G20 realizaram o plantio simb\u00f3lico de \u00e1rvores frut\u00edferas brasileiras no resort em Chapada dos Guimar\u00e3es onde o evento \u00e9 realizado.<\/p>\n<p>O post <a href=\"https:\/\/www.canalrural.com.br\/agricultura\/23-delegacoes-e-autoridades-mundiais-do-agro-se-reunem-em-mt-para-o-g20-agro\/\">23 delega\u00e7\u00f5es e autoridades mundiais do agro se re\u00fanem em MT para o G20 Agro<\/a> apareceu primeiro em <a href=\"https:\/\/www.canalrural.com.br\/\">Canal Rural<\/a>.<\/p>","protected":false},"excerpt":{"rendered":"<p>Foto: Viviane Petroli\/ Canal Rural Ap\u00f3s dois dias de reuni\u00f5es t\u00e9cnicas e muito debate, ocorreu na manh\u00e3 desta quinta-feira (12) o G20 Agro. Est\u00e3o reunidos em Chapada dos Guimar\u00e3es, em Mato Grosso, 23 ministros e autoridades ligadas ao agroneg\u00f3cio mundial. Na pauta do encontro internacional, temas cruciais como a seguran\u00e7a alimentar, a import\u00e2ncia da agricultura familiar e a sustentabilidade na produ\u00e7\u00e3o agr\u00edcola. Nos \u00faltimos dois dias foram realizadas discuss\u00f5es com as equipes t\u00e9cnicas e agora os ministros e organismos internacionais convidados v\u00e3o afinar o documento com a declara\u00e7\u00e3o ministerial, que possui a for\u00e7a de um acordo internacional e que necessita da aprova\u00e7\u00e3o de todos os pa\u00edses que formam o G20. Al\u00e9m do ministro da Agricultura e Pecu\u00e1ria, Carlos F\u00e1varo, anfitri\u00e3o do G20 Agro, participaram da abertura das reuni\u00f5es ministeriais o ministro do Desenvolvimento Agr\u00e1rio e Agricultura Familiar, Paulo Teixeira, o governador de Mato Grosso, Mauro Mendes (Uni\u00e3o Brasil\/MT), o secret\u00e1rio-executivo do Minist\u00e9rio da Pesca e Aquicultura, Rivetla Edipo Araujo Cruz, e atual Diretor-Geral da Organiza\u00e7\u00e3o das Na\u00e7\u00f5es Unidas (ONU) para a Alimenta\u00e7\u00e3o e a Agricultura (FAO) \u00e9 Qu Dongyu, da China. G20: retomada internacional Durante a abertura, o ministro Carlos F\u00e1varo destacou que o Brasil sediar o G20 \u00e9 uma oportunidade e retomada do seu protagonismo nas rela\u00e7\u00f5es internacionais. \u201cUm mundo melhor se d\u00e1 com certeza tamb\u00e9m atrav\u00e9s do combate \u00e0 fome. Este \u00e9 um mundo melhor, dentre outras melhorias que devem ser proporcionadas. E um planeta mais sustent\u00e1vel tem tudo a ver com a agropecu\u00e1ria, que sofre com as mudan\u00e7as clim\u00e1ticas, que sofre junto com toda a popula\u00e7\u00e3o\u201d. O ministro pontuou ainda que a realiza\u00e7\u00e3o do G20 Agro em Mato Grosso, centro da produ\u00e7\u00e3o brasileira, \u201c\u00e9 uma oportunidade de apresentarmos ao mundo, aos l\u00edderes mundiais, um documento que j\u00e1 est\u00e1 estruturado e ser\u00e1 fechado at\u00e9 amanh\u00e3 com as declara\u00e7\u00f5es dos pr\u00f3ximos passos da agropecu\u00e1ria mundial. Uma agropecu\u00e1ria inclusiva\u201d. O secret\u00e1rio-executivo do Minist\u00e9rio da Pesca e Aquicultura, Rivetla Edipo Araujo Cruz, ressaltou que \u201co mundo passa por um per\u00edodo de enfrentamento de amea\u00e7as cada vez mais crescentes desde a polui\u00e7\u00e3o por pl\u00e1sticos at\u00e9 os reflexos das mudan\u00e7as clim\u00e1ticas\u201d e que \u201cestes desafios atuais emergentes impactam diretamente a pesca e a aquicultura\u201d. Mudan\u00e7as clim\u00e1ticas ocorrem no mundo todo A situa\u00e7\u00e3o vivida por Mato Grosso, bem como todo o Brasil, quanto \u00e0s queimadas, na avalia\u00e7\u00e3o do governador do estado, Mauro Mendes, n\u00e3o deve prejudicar os debates que ocorrem no G20 Agro, bem como as rela\u00e7\u00f5es comerciais, uma vez que a situa\u00e7\u00e3o tamb\u00e9m \u00e9 observada em diversos pa\u00edses, como os Estados Unidos. \u201c\u00c9 uma realidade em que todos n\u00f3s estamos convivendo e vendo as consequ\u00eancias [das mudan\u00e7as clim\u00e1ticas]. Temos que encontrar rapidamente alternativas, encontrar novas formas de nos relacionarmos com o meio ambiente, de produzir de forma mais sustent\u00e1vel e com isso garantir a tranquilidade mundial com a produ\u00e7\u00e3o de alimentos\u201d. Ao final da programa\u00e7\u00e3o da manh\u00e3, os pa\u00edses que comp\u00f5em o G20 realizaram o plantio simb\u00f3lico de \u00e1rvores frut\u00edferas brasileiras no resort em Chapada dos Guimar\u00e3es onde o evento \u00e9 realizado. O post 23 delega\u00e7\u00f5es e autoridades mundiais do agro se re\u00fanem em MT para o G20 Agro apareceu primeiro em Canal Rural.<\/p>\n","protected":false},"author":0,"featured_media":2144,"comment_status":"open","ping_status":"open","sticky":false,"template":"","format":"standard","meta":{"_monsterinsights_skip_tracking":false,"_monsterinsights_sitenote_active":false,"_monsterinsights_sitenote_note":"","_monsterinsights_sitenote_category":0,"footnotes":""},"categories":[1],"tags":[],"class_list":["post-2143","post","type-post","status-publish","format-standard","has-post-thumbnail","hentry","category-agronegocio"],"_links":{"self":[{"href":"https:\/\/senhorafrutta.com.br\/index.php\/wp-json\/wp\/v2\/posts\/2143","targetHints":{"allow":["GET"]}}],"collection":[{"href":"https:\/\/senhorafrutta.com.br\/index.php\/wp-json\/wp\/v2\/posts"}],"about":[{"href":"https:\/\/senhorafrutta.com.br\/index.php\/wp-json\/wp\/v2\/types\/post"}],"replies":[{"embeddable":true,"href":"https:\/\/senhorafrutta.com.br\/index.php\/wp-json\/wp\/v2\/comments?post=2143"}],"version-history":[{"count":0,"href":"https:\/\/senhorafrutta.com.br\/index.php\/wp-json\/wp\/v2\/posts\/2143\/revisions"}],"wp:featuredmedia":[{"embeddable":true,"href":"https:\/\/senhorafrutta.com.br\/index.php\/wp-json\/wp\/v2\/media\/2144"}],"wp:attachment":[{"href":"https:\/\/senhorafrutta.com.br\/index.php\/wp-json\/wp\/v2\/media?parent=2143"}],"wp:term":[{"taxonomy":"category","embeddable":true,"href":"https:\/\/senhorafrutta.com.br\/index.php\/wp-json\/wp\/v2\/categories?post=2143"},{"taxonomy":"post_tag","embeddable":true,"href":"https:\/\/senhorafrutta.com.br\/index.php\/wp-json\/wp\/v2\/tags?post=2143"}],"curies":[{"name":"wp","href":"https:\/\/api.w.org\/{rel}","templated":true}]}}