{"id":2129,"date":"2024-09-13T02:59:45","date_gmt":"2024-09-13T02:59:45","guid":{"rendered":"https:\/\/senhorafrutta.com.br\/index.php\/2024\/09\/13\/precisamos-debater-as-queimadas-ao-inves-de-culpar-setor-produtivo-diz-coordenador-da-fgv-agro\/"},"modified":"2024-09-13T02:59:45","modified_gmt":"2024-09-13T02:59:45","slug":"precisamos-debater-as-queimadas-ao-inves-de-culpar-setor-produtivo-diz-coordenador-da-fgv-agro","status":"publish","type":"post","link":"https:\/\/senhorafrutta.com.br\/index.php\/2024\/09\/13\/precisamos-debater-as-queimadas-ao-inves-de-culpar-setor-produtivo-diz-coordenador-da-fgv-agro\/","title":{"rendered":"Precisamos debater as queimadas ao inv\u00e9s de culpar setor produtivo, diz coordenador da FGV Agro"},"content":{"rendered":"<p>Em entrevista \u00e0 <strong>CNN<\/strong>, o coordenador da FGV Agro, Guilherme Bastos, defendeu a necessidade de um debate t\u00e9cnico e pragm\u00e1tico <a href=\"https:\/\/www.cnnbrasil.com.br\/nacional\/cidades-de-sao-paulo-registram-focos-de-incendio-ativos\/\">sobre as queimadas no Brasil<\/a>, \u201cem vez de culpar o setor produtivo\u201d.<\/p>\n<div class=\"custom__ad__element\"><\/div>\n<p>Bastos argumentou que \u00e9 crucial trazer dados concretos para endere\u00e7ar adequadamente os problemas ambientais.<\/p>\n<p>Ele destacou a presen\u00e7a de parlamentares comprometidos em trazer quest\u00f5es t\u00e9cnicas para o debate, afastando-se de discuss\u00f5es ideol\u00f3gicas.<\/p>\n<p>\u201cPrecisamos trazer realmente dados para que os problemas possam ser devidamente endere\u00e7ados\u201d, afirmou o coordenador.<\/p>\n<h2>Responsabilidades compartilhadas<\/h2>\n<p>O especialista enfatizou a import\u00e2ncia de distinguir entre as responsabilidades do setor produtivo e aquelas que competem ao poder Executivo e Judici\u00e1rio.<\/p>\n<div class=\"custom__ad__element\"><\/div>\n<p>Segundo Bastos, \u00e9 fundamental considerar as \u00e1reas sem posse definida ou titularidade, onde n\u00e3o se pode atribuir responsabilidade direta ao setor produtivo.<\/p>\n<p>Ele tamb\u00e9m mencionou os esfor\u00e7os do governo anterior em captar recursos internacionais para combater as queimadas no Pantanal.<\/p>\n<p>Ele ressaltou que as <a href=\"https:\/\/www.cnnbrasil.com.br\/nacional\/pesquisador-explica-a-cnn-causas-e-efeitos-das-queimadas-no-amazonas\/\">mudan\u00e7as clim\u00e1ticas t\u00eam contribu\u00eddo para o ac\u00famulo excessivo de mat\u00e9ria seca em algumas regi\u00f5es<\/a>, aumentando o risco de inc\u00eandios.<\/p>\n<p>    <a class=\"read-too__link\" href=\"https:\/\/www.cnnbrasil.com.br\/politica\/waack-imagem-do-planalto-na-questao-ambiental-ja-virou-cinzas\/\" target=\"_self\" rel=\"noopener\"><\/a><\/p>\n<h3 class=\"read-too__post-title\">Waack: Imagem do Planalto na quest\u00e3o ambiental j\u00e1 virou cinzas<\/h3>\n<p>    <\/p>\n<p>    <a class=\"read-too__link\" href=\"https:\/\/www.cnnbrasil.com.br\/politica\/flavio-dino-marca-audiencia-com-representantes-de-dez-estados-para-acompanhar-medidas-sobre-incendios\/\" target=\"_self\" rel=\"noopener\"><\/a><\/p>\n<h3 class=\"read-too__post-title\">Fl\u00e1vio Dino marca audi\u00eancia com representantes de dez estados para acompanhar medidas sobre inc\u00eandios<\/h3>\n<p>    <\/p>\n<p>    <a class=\"read-too__link\" href=\"https:\/\/www.cnnbrasil.com.br\/blogs\/caio-junqueira\/politica\/governo-prepara-pacote-ambiental-contra-queimadas-para-apresentar-a-onu\/\" target=\"_self\" rel=\"noopener\"><\/a><\/p>\n<h3 class=\"read-too__post-title\">Governo prepara pacote ambiental contra queimadas para apresentar \u00e0 ONU<\/h3>\n<p>    <\/p>\n<h2>Equil\u00edbrio ambiental<\/h2>\n<p>O coordenador da FGV Agro lembrou a import\u00e2ncia do \u201cBanco Pantaneiro\u201d, uma pr\u00e1tica tradicional que ajudava a manter o equil\u00edbrio no ecossistema do Pantanal.<\/p>\n<p>\u201cMuitas vezes \u00e9 exatamente em fun\u00e7\u00e3o desse problema das mudan\u00e7as clim\u00e1ticas acaba tendo-se realmente um excedente de ac\u00famulo de mat\u00e9ria seca\u201d, explicou.<\/p>\n<p>Bastos concluiu reiterando a necessidade de um debate t\u00e9cnico aprofundado para desenvolver a\u00e7\u00f5es adequadas no combate \u00e0s queimadas e outros problemas ambientais.<\/p>\n<p>Ele argumentou que essa abordagem \u00e9 mais produtiva do que simplesmente atribuir toda a responsabilidade ao setor produtivo.<\/p>\n<div class=\"disclaimer__ai\">\n    <em>Os textos gerados por intelig\u00eancia artificial na <strong>CNN Brasil<\/strong>\u00a0s\u00e3o feitos com base nos cortes de v\u00eddeos dos jornais de sua programa\u00e7\u00e3o. Todas as informa\u00e7\u00f5es s\u00e3o apuradas e checadas por jornalistas. O texto final tamb\u00e9m passa pela revis\u00e3o da equipe de jornalismo da\u00a0<strong>CNN<\/strong>.\u00a0<a href=\"https:\/\/www.cnnbrasil.com.br\/nacional\/saiba-como-a-cnn-brasil-utiliza-as-ferramentas-de-inteligencia-artificial\/\" target=\"_blank\" rel=\"noopener\">Clique aqui para saber mais<\/a>.<\/em>\n<\/div>\n<p>Este conte\u00fado foi originalmente publicado em <a href=\"https:\/\/www.cnnbrasil.com.br\/nacional\/precisamos-debater-as-queimadas-ao-inves-de-culpar-setor-produtivo-diz-coordenador-da-fgv-agro\/\">Precisamos debater as queimadas ao inv\u00e9s de culpar setor produtivo, diz coordenador da FGV Agro<\/a> no site <a href=\"https:\/\/www.cnnbrasil.com.br\/\">CNN Brasil<\/a>.<\/p>","protected":false},"excerpt":{"rendered":"<p>Em entrevista \u00e0 CNN, o coordenador da FGV Agro, Guilherme Bastos, defendeu a necessidade de um debate t\u00e9cnico e pragm\u00e1tico sobre as queimadas no Brasil, \u201cem vez de culpar o setor produtivo\u201d. Bastos argumentou que \u00e9 crucial trazer dados concretos para endere\u00e7ar adequadamente os problemas ambientais. Ele destacou a presen\u00e7a de parlamentares comprometidos em trazer quest\u00f5es t\u00e9cnicas para o debate, afastando-se de discuss\u00f5es ideol\u00f3gicas. \u201cPrecisamos trazer realmente dados para que os problemas possam ser devidamente endere\u00e7ados\u201d, afirmou o coordenador. Responsabilidades compartilhadas O especialista enfatizou a import\u00e2ncia de distinguir entre as responsabilidades do setor produtivo e aquelas que competem ao poder Executivo e Judici\u00e1rio. Segundo Bastos, \u00e9 fundamental considerar as \u00e1reas sem posse definida ou titularidade, onde n\u00e3o se pode atribuir responsabilidade direta ao setor produtivo. Ele tamb\u00e9m mencionou os esfor\u00e7os do governo anterior em captar recursos internacionais para combater as queimadas no Pantanal. Ele ressaltou que as mudan\u00e7as clim\u00e1ticas t\u00eam contribu\u00eddo para o ac\u00famulo excessivo de mat\u00e9ria seca em algumas regi\u00f5es, aumentando o risco de inc\u00eandios. Waack: Imagem do Planalto na quest\u00e3o ambiental j\u00e1 virou cinzas Fl\u00e1vio Dino marca audi\u00eancia com representantes de dez estados para acompanhar medidas sobre inc\u00eandios Governo prepara pacote ambiental contra queimadas para apresentar \u00e0 ONU Equil\u00edbrio ambiental O coordenador da FGV Agro lembrou a import\u00e2ncia do \u201cBanco Pantaneiro\u201d, uma pr\u00e1tica tradicional que ajudava a manter o equil\u00edbrio no ecossistema do Pantanal. \u201cMuitas vezes \u00e9 exatamente em fun\u00e7\u00e3o desse problema das mudan\u00e7as clim\u00e1ticas acaba tendo-se realmente um excedente de ac\u00famulo de mat\u00e9ria seca\u201d, explicou. Bastos concluiu reiterando a necessidade de um debate t\u00e9cnico aprofundado para desenvolver a\u00e7\u00f5es adequadas no combate \u00e0s queimadas e outros problemas ambientais. Ele argumentou que essa abordagem \u00e9 mais produtiva do que simplesmente atribuir toda a responsabilidade ao setor produtivo. Os textos gerados por intelig\u00eancia artificial na CNN Brasil\u00a0s\u00e3o feitos com base nos cortes de v\u00eddeos dos jornais de sua programa\u00e7\u00e3o. Todas as informa\u00e7\u00f5es s\u00e3o apuradas e checadas por jornalistas. O texto final tamb\u00e9m passa pela revis\u00e3o da equipe de jornalismo da\u00a0CNN.\u00a0Clique aqui para saber mais. Este conte\u00fado foi originalmente publicado em Precisamos debater as queimadas ao inv\u00e9s de culpar setor produtivo, diz coordenador da FGV Agro no site CNN Brasil.<\/p>\n","protected":false},"author":0,"featured_media":2130,"comment_status":"open","ping_status":"open","sticky":false,"template":"","format":"standard","meta":{"_monsterinsights_skip_tracking":false,"_monsterinsights_sitenote_active":false,"_monsterinsights_sitenote_note":"","_monsterinsights_sitenote_category":0,"footnotes":""},"categories":[1],"tags":[],"class_list":["post-2129","post","type-post","status-publish","format-standard","has-post-thumbnail","hentry","category-agronegocio"],"_links":{"self":[{"href":"https:\/\/senhorafrutta.com.br\/index.php\/wp-json\/wp\/v2\/posts\/2129","targetHints":{"allow":["GET"]}}],"collection":[{"href":"https:\/\/senhorafrutta.com.br\/index.php\/wp-json\/wp\/v2\/posts"}],"about":[{"href":"https:\/\/senhorafrutta.com.br\/index.php\/wp-json\/wp\/v2\/types\/post"}],"replies":[{"embeddable":true,"href":"https:\/\/senhorafrutta.com.br\/index.php\/wp-json\/wp\/v2\/comments?post=2129"}],"version-history":[{"count":0,"href":"https:\/\/senhorafrutta.com.br\/index.php\/wp-json\/wp\/v2\/posts\/2129\/revisions"}],"wp:featuredmedia":[{"embeddable":true,"href":"https:\/\/senhorafrutta.com.br\/index.php\/wp-json\/wp\/v2\/media\/2130"}],"wp:attachment":[{"href":"https:\/\/senhorafrutta.com.br\/index.php\/wp-json\/wp\/v2\/media?parent=2129"}],"wp:term":[{"taxonomy":"category","embeddable":true,"href":"https:\/\/senhorafrutta.com.br\/index.php\/wp-json\/wp\/v2\/categories?post=2129"},{"taxonomy":"post_tag","embeddable":true,"href":"https:\/\/senhorafrutta.com.br\/index.php\/wp-json\/wp\/v2\/tags?post=2129"}],"curies":[{"name":"wp","href":"https:\/\/api.w.org\/{rel}","templated":true}]}}