{"id":2049,"date":"2024-09-10T20:11:38","date_gmt":"2024-09-10T20:11:38","guid":{"rendered":"https:\/\/senhorafrutta.com.br\/index.php\/2024\/09\/10\/produtores-de-rondonia-enfrentam-incertezas-em-relacao-ao-plantio-da-soja\/"},"modified":"2024-09-10T20:11:38","modified_gmt":"2024-09-10T20:11:38","slug":"produtores-de-rondonia-enfrentam-incertezas-em-relacao-ao-plantio-da-soja","status":"publish","type":"post","link":"https:\/\/senhorafrutta.com.br\/index.php\/2024\/09\/10\/produtores-de-rondonia-enfrentam-incertezas-em-relacao-ao-plantio-da-soja\/","title":{"rendered":"Produtores de Rond\u00f4nia enfrentam incertezas em rela\u00e7\u00e3o ao plantio da soja"},"content":{"rendered":"<div>Foto: Logcomex<\/div>\n\n<p>Com o fim do vazio sanit\u00e1rio em Rond\u00f4nia, os produtores do estado poder\u00e3o dar in\u00edcio \u00e0 <a href=\"https:\/\/www.canalrural.com.br\/agricultura\/projeto-soja-brasil\/\">semeadura da soja <\/a>a partir desta quarta-feira (11). No entanto, as condi\u00e7\u00f5es clim\u00e1ticas s\u00e3o fatores que exigem paci\u00eancia e cautela dos produtores, j\u00e1 que \u00e9 necess\u00e1rio identificar o momento ideal para iniciar o plantio. A falta de chuvas significativas, por exemplo, tem sido um desafio para os produtores da regi\u00e3o.<\/p>\n<p class=\"has-text-align-center\"><em>Confira na palma da m\u00e3o informa\u00e7\u00f5es quentes sobre agricultura, pecu\u00e1ria, economia e previs\u00e3o do tempo:<\/em><a href=\"https:\/\/whatsapp.com\/channel\/0029Va9VnZxGk1FplZjiW43k\"><strong><em>\u00a0siga o Canal Rura<\/em><\/strong><\/a><a href=\"https:\/\/www.whatsapp.com\/channel\/0029Va9VnZxGk1FplZjiW43k\"><strong><em>l no WhatsApp!<\/em><\/strong><\/a><\/p>\n<p>Segundo Adair Jos\u00e9 Menegol, presidente da Aprosoja-RO, as chuvas isoladas que apareceram no estado ainda n\u00e3o s\u00e3o suficientes para iniciar a semeadura de forma segura. Ele aponta que os munic\u00edpios de Vilhena, Cerejeiras e Cabixi, que costumam ser os primeiros a come\u00e7ar o plantio, est\u00e3o em espera pela chegada de chuvas mais volumosas.<\/p>\n<p>\u201cA expectativa \u00e9 que os produtores aguardem para iniciar o plantio. At\u00e9 o momento, n\u00e3o se tem not\u00edcia de ningu\u00e9m na regi\u00e3o de Rond\u00f4nia que v\u00e1 come\u00e7ar a plantar amanh\u00e3, sem uma previs\u00e3o adequada de chuva\u201d, comenta Menegol.<\/p>\n<p>O presidente explica que o calor intenso e a seca t\u00eam complicado muito, e as condi\u00e7\u00f5es n\u00e3o s\u00e3o favor\u00e1veis. Em Vilhena, geralmente, as chuvas come\u00e7am entre os dias 10 e 15 de setembro, mas at\u00e9 agora n\u00e3o h\u00e1 previs\u00e3o\u201d, explica Menegol.<\/p>\n<p>A situa\u00e7\u00e3o reflete a cautela dos produtores em n\u00e3o comprometer o desenvolvimento inicial das lavouras de soja, que dependem de umidade adequada no solo para plantio. Assim, a janela de plantio pode ser ajustada conforme as condi\u00e7\u00f5es clim\u00e1ticas se tornem mais prop\u00edcias nos pr\u00f3ximos dias.<\/p>\n\n<p>O post <a href=\"https:\/\/www.canalrural.com.br\/agricultura\/projeto-soja-brasil\/produtores-de-rondonia-enfrentam-incertezas-em-relacao-a-plantacao-da-soja\/\">Produtores de Rond\u00f4nia enfrentam incertezas em rela\u00e7\u00e3o ao plantio da soja<\/a> apareceu primeiro em <a href=\"https:\/\/www.canalrural.com.br\/\">Canal Rural<\/a>.<\/p>","protected":false},"excerpt":{"rendered":"<p>Foto: Logcomex Com o fim do vazio sanit\u00e1rio em Rond\u00f4nia, os produtores do estado poder\u00e3o dar in\u00edcio \u00e0 semeadura da soja a partir desta quarta-feira (11). No entanto, as condi\u00e7\u00f5es clim\u00e1ticas s\u00e3o fatores que exigem paci\u00eancia e cautela dos produtores, j\u00e1 que \u00e9 necess\u00e1rio identificar o momento ideal para iniciar o plantio. A falta de chuvas significativas, por exemplo, tem sido um desafio para os produtores da regi\u00e3o. Confira na palma da m\u00e3o informa\u00e7\u00f5es quentes sobre agricultura, pecu\u00e1ria, economia e previs\u00e3o do tempo:\u00a0siga o Canal Rural no WhatsApp! Segundo Adair Jos\u00e9 Menegol, presidente da Aprosoja-RO, as chuvas isoladas que apareceram no estado ainda n\u00e3o s\u00e3o suficientes para iniciar a semeadura de forma segura. Ele aponta que os munic\u00edpios de Vilhena, Cerejeiras e Cabixi, que costumam ser os primeiros a come\u00e7ar o plantio, est\u00e3o em espera pela chegada de chuvas mais volumosas. \u201cA expectativa \u00e9 que os produtores aguardem para iniciar o plantio. At\u00e9 o momento, n\u00e3o se tem not\u00edcia de ningu\u00e9m na regi\u00e3o de Rond\u00f4nia que v\u00e1 come\u00e7ar a plantar amanh\u00e3, sem uma previs\u00e3o adequada de chuva\u201d, comenta Menegol. O presidente explica que o calor intenso e a seca t\u00eam complicado muito, e as condi\u00e7\u00f5es n\u00e3o s\u00e3o favor\u00e1veis. Em Vilhena, geralmente, as chuvas come\u00e7am entre os dias 10 e 15 de setembro, mas at\u00e9 agora n\u00e3o h\u00e1 previs\u00e3o\u201d, explica Menegol. A situa\u00e7\u00e3o reflete a cautela dos produtores em n\u00e3o comprometer o desenvolvimento inicial das lavouras de soja, que dependem de umidade adequada no solo para plantio. Assim, a janela de plantio pode ser ajustada conforme as condi\u00e7\u00f5es clim\u00e1ticas se tornem mais prop\u00edcias nos pr\u00f3ximos dias. O post Produtores de Rond\u00f4nia enfrentam incertezas em rela\u00e7\u00e3o ao plantio da soja apareceu primeiro em Canal Rural.<\/p>\n","protected":false},"author":0,"featured_media":2050,"comment_status":"open","ping_status":"open","sticky":false,"template":"","format":"standard","meta":{"_monsterinsights_skip_tracking":false,"_monsterinsights_sitenote_active":false,"_monsterinsights_sitenote_note":"","_monsterinsights_sitenote_category":0,"footnotes":""},"categories":[1],"tags":[],"class_list":["post-2049","post","type-post","status-publish","format-standard","has-post-thumbnail","hentry","category-agronegocio"],"_links":{"self":[{"href":"https:\/\/senhorafrutta.com.br\/index.php\/wp-json\/wp\/v2\/posts\/2049","targetHints":{"allow":["GET"]}}],"collection":[{"href":"https:\/\/senhorafrutta.com.br\/index.php\/wp-json\/wp\/v2\/posts"}],"about":[{"href":"https:\/\/senhorafrutta.com.br\/index.php\/wp-json\/wp\/v2\/types\/post"}],"replies":[{"embeddable":true,"href":"https:\/\/senhorafrutta.com.br\/index.php\/wp-json\/wp\/v2\/comments?post=2049"}],"version-history":[{"count":0,"href":"https:\/\/senhorafrutta.com.br\/index.php\/wp-json\/wp\/v2\/posts\/2049\/revisions"}],"wp:featuredmedia":[{"embeddable":true,"href":"https:\/\/senhorafrutta.com.br\/index.php\/wp-json\/wp\/v2\/media\/2050"}],"wp:attachment":[{"href":"https:\/\/senhorafrutta.com.br\/index.php\/wp-json\/wp\/v2\/media?parent=2049"}],"wp:term":[{"taxonomy":"category","embeddable":true,"href":"https:\/\/senhorafrutta.com.br\/index.php\/wp-json\/wp\/v2\/categories?post=2049"},{"taxonomy":"post_tag","embeddable":true,"href":"https:\/\/senhorafrutta.com.br\/index.php\/wp-json\/wp\/v2\/tags?post=2049"}],"curies":[{"name":"wp","href":"https:\/\/api.w.org\/{rel}","templated":true}]}}