{"id":2039,"date":"2024-09-10T23:07:21","date_gmt":"2024-09-10T23:07:21","guid":{"rendered":"https:\/\/senhorafrutta.com.br\/index.php\/2024\/09\/10\/autorizacoes-de-queima-no-estado-de-sao-paulo-sao-suspensas\/"},"modified":"2024-09-10T23:07:21","modified_gmt":"2024-09-10T23:07:21","slug":"autorizacoes-de-queima-no-estado-de-sao-paulo-sao-suspensas","status":"publish","type":"post","link":"https:\/\/senhorafrutta.com.br\/index.php\/2024\/09\/10\/autorizacoes-de-queima-no-estado-de-sao-paulo-sao-suspensas\/","title":{"rendered":"Autoriza\u00e7\u00f5es de queima no estado de S\u00e3o Paulo s\u00e3o suspensas"},"content":{"rendered":"<div>Foto: Paulo Pinto\/Ag\u00eancia Brasil<\/div>\n<p>A Companhia Ambiental do Estado de S\u00e3o Paulo <strong><a href=\"https:\/\/cetesb.sp.gov.br\/\">(Cetesb)<\/a><\/strong> suspendeu, temporariamente, as autoriza\u00e7\u00f5es de queima no estado. <\/p>\n<p>Somente poder\u00e3o ser emitidas permiss\u00f5es para a pr\u00e1tica que tenha por objetivo prevenir inc\u00eandios \u2013 cria\u00e7\u00e3o de aceiros negros \u2013 ou mediante solicita\u00e7\u00e3o direta da Secretaria da Agricultura e Abastecimento com finalidade fitossanit\u00e1ria. <\/p>\n<p>A medida \u00e9 resultado do cen\u00e1rio de tempo seco, alta ocorr\u00eancia de inc\u00eandios e baixa qualidade do ar que favorecem o aumento de doen\u00e7as respirat\u00f3rias e cardiovasculares.<\/p>\n<p>De acordo com a Defesa Civil, a baixa qualidade do ar ocasionada pelas queimadas se agrava pela atua\u00e7\u00e3o de uma massa de ar quente, seco e est\u00e1vel, aliada \u00e0 aus\u00eancia de chuvas, o que dificulta a dispers\u00e3o dos poluentes. <\/p>\n<p>O Mapa de Risco de Inc\u00eandio do \u00f3rg\u00e3o indica n\u00edvel de emerg\u00eancia para queimadas em quase todo o territ\u00f3rio paulista at\u00e9 o pr\u00f3ximo s\u00e1bado (14).<\/p>\n<h2 class=\"wp-block-heading\">Qualidade do ar em S\u00e3o Paulo<\/h2>\n<p>Foto: Rosinara Ferreira<\/p>\n<p>Segundo as informa\u00e7\u00f5es do governo estadual, 41 das 57 esta\u00e7\u00f5es medidoras do estado apontam nesta ter\u00e7a-feira (10) a qualidade do ar como ruim ou muito ruim, que pode provocar na popula\u00e7\u00e3o sintomas como tosse seca, cansa\u00e7o, ardor nos olhos, nariz e garganta, com falta de ar e respira\u00e7\u00e3o ofegante em casos mais graves. <\/p>\n<p>Os efeitos mais s\u00e9rios podem aparecer em crian\u00e7as, idosos e pessoas com doen\u00e7as respirat\u00f3rias e card\u00edacas.<\/p>\n<p>Na capital paulista, o c\u00e9u tem poucas nuvens, calor e n\u00e9voa seca. De acordo com as esta\u00e7\u00f5es meteorol\u00f3gicas autom\u00e1ticas do Centro de Gerenciamento de Emerg\u00eancias (CGE) da prefeitura da cidade, os term\u00f4metros apontam 33\u00b0C em Itaquera, na zona leste, e 31\u00b0C em Parelheiros, no extremo da zona sul. <\/p>\n<p>A umidade relativa do ar nesses locais \u00e9 de <strong>20% e 28%<\/strong>, respectivamente. A Coordenadoria Municipal de Defesa Civil (Comdec) decretou, \u00e0s 11h45, estado de aten\u00e7\u00e3o devido \u00e0 baixa umidade do ar em toda cidade.<\/p>\n<h2 class=\"wp-block-heading\">Tend\u00eancia para o clima<\/h2>\n<p>Os meteorologistas do CGE apontam que a massa de ar seco vai persistir at\u00e9 o pr\u00f3ximo s\u00e1bado (14) no estado de S\u00e3o Paulo, provocando dias com temperaturas acima da m\u00e9dia e baixa umidade do ar em grande parte do dia, o que aumenta o risco de queimadas e inc\u00eandios nas \u00e1reas vegetadas, e n\u00e3o favorece a dispers\u00e3o dos poluentes, o que contribui para a p\u00e9ssima qualidade do ar.<\/p>\n<p>A quarta-feira (11) ser\u00e1 mais um dia com predom\u00ednio de sol e tempo seco. Os term\u00f4metros oscilam entre 18\u00b0C ao amanhecer e 34\u00b0C no meio da tarde. Na quinta-feira (12), o cen\u00e1rio atmosf\u00e9rico n\u00e3o muda, mantendo o sol forte, n\u00e9voa seca e baixa umidade do ar, com temperatura m\u00ednima de 19\u00b0C e m\u00e1xima de 34\u00b0C.<\/p>\n<p>O post <a href=\"https:\/\/www.canalrural.com.br\/agricultura\/autorizacoes-de-queima-no-estado-de-sao-paulo-sao-suspensas\/\">Autoriza\u00e7\u00f5es de queima no estado de S\u00e3o Paulo s\u00e3o suspensas<\/a> apareceu primeiro em <a href=\"https:\/\/www.canalrural.com.br\/\">Canal Rural<\/a>.<\/p>","protected":false},"excerpt":{"rendered":"<p>Foto: Paulo Pinto\/Ag\u00eancia Brasil A Companhia Ambiental do Estado de S\u00e3o Paulo (Cetesb) suspendeu, temporariamente, as autoriza\u00e7\u00f5es de queima no estado. Somente poder\u00e3o ser emitidas permiss\u00f5es para a pr\u00e1tica que tenha por objetivo prevenir inc\u00eandios \u2013 cria\u00e7\u00e3o de aceiros negros \u2013 ou mediante solicita\u00e7\u00e3o direta da Secretaria da Agricultura e Abastecimento com finalidade fitossanit\u00e1ria. A medida \u00e9 resultado do cen\u00e1rio de tempo seco, alta ocorr\u00eancia de inc\u00eandios e baixa qualidade do ar que favorecem o aumento de doen\u00e7as respirat\u00f3rias e cardiovasculares. De acordo com a Defesa Civil, a baixa qualidade do ar ocasionada pelas queimadas se agrava pela atua\u00e7\u00e3o de uma massa de ar quente, seco e est\u00e1vel, aliada \u00e0 aus\u00eancia de chuvas, o que dificulta a dispers\u00e3o dos poluentes. O Mapa de Risco de Inc\u00eandio do \u00f3rg\u00e3o indica n\u00edvel de emerg\u00eancia para queimadas em quase todo o territ\u00f3rio paulista at\u00e9 o pr\u00f3ximo s\u00e1bado (14). Qualidade do ar em S\u00e3o Paulo Foto: Rosinara Ferreira Segundo as informa\u00e7\u00f5es do governo estadual, 41 das 57 esta\u00e7\u00f5es medidoras do estado apontam nesta ter\u00e7a-feira (10) a qualidade do ar como ruim ou muito ruim, que pode provocar na popula\u00e7\u00e3o sintomas como tosse seca, cansa\u00e7o, ardor nos olhos, nariz e garganta, com falta de ar e respira\u00e7\u00e3o ofegante em casos mais graves. Os efeitos mais s\u00e9rios podem aparecer em crian\u00e7as, idosos e pessoas com doen\u00e7as respirat\u00f3rias e card\u00edacas. Na capital paulista, o c\u00e9u tem poucas nuvens, calor e n\u00e9voa seca. De acordo com as esta\u00e7\u00f5es meteorol\u00f3gicas autom\u00e1ticas do Centro de Gerenciamento de Emerg\u00eancias (CGE) da prefeitura da cidade, os term\u00f4metros apontam 33\u00b0C em Itaquera, na zona leste, e 31\u00b0C em Parelheiros, no extremo da zona sul. A umidade relativa do ar nesses locais \u00e9 de 20% e 28%, respectivamente. A Coordenadoria Municipal de Defesa Civil (Comdec) decretou, \u00e0s 11h45, estado de aten\u00e7\u00e3o devido \u00e0 baixa umidade do ar em toda cidade. Tend\u00eancia para o clima Os meteorologistas do CGE apontam que a massa de ar seco vai persistir at\u00e9 o pr\u00f3ximo s\u00e1bado (14) no estado de S\u00e3o Paulo, provocando dias com temperaturas acima da m\u00e9dia e baixa umidade do ar em grande parte do dia, o que aumenta o risco de queimadas e inc\u00eandios nas \u00e1reas vegetadas, e n\u00e3o favorece a dispers\u00e3o dos poluentes, o que contribui para a p\u00e9ssima qualidade do ar. A quarta-feira (11) ser\u00e1 mais um dia com predom\u00ednio de sol e tempo seco. Os term\u00f4metros oscilam entre 18\u00b0C ao amanhecer e 34\u00b0C no meio da tarde. Na quinta-feira (12), o cen\u00e1rio atmosf\u00e9rico n\u00e3o muda, mantendo o sol forte, n\u00e9voa seca e baixa umidade do ar, com temperatura m\u00ednima de 19\u00b0C e m\u00e1xima de 34\u00b0C. O post Autoriza\u00e7\u00f5es de queima no estado de S\u00e3o Paulo s\u00e3o suspensas apareceu primeiro em Canal Rural.<\/p>\n","protected":false},"author":0,"featured_media":2040,"comment_status":"open","ping_status":"open","sticky":false,"template":"","format":"standard","meta":{"_monsterinsights_skip_tracking":false,"_monsterinsights_sitenote_active":false,"_monsterinsights_sitenote_note":"","_monsterinsights_sitenote_category":0,"footnotes":""},"categories":[1],"tags":[],"class_list":["post-2039","post","type-post","status-publish","format-standard","has-post-thumbnail","hentry","category-agronegocio"],"_links":{"self":[{"href":"https:\/\/senhorafrutta.com.br\/index.php\/wp-json\/wp\/v2\/posts\/2039","targetHints":{"allow":["GET"]}}],"collection":[{"href":"https:\/\/senhorafrutta.com.br\/index.php\/wp-json\/wp\/v2\/posts"}],"about":[{"href":"https:\/\/senhorafrutta.com.br\/index.php\/wp-json\/wp\/v2\/types\/post"}],"replies":[{"embeddable":true,"href":"https:\/\/senhorafrutta.com.br\/index.php\/wp-json\/wp\/v2\/comments?post=2039"}],"version-history":[{"count":0,"href":"https:\/\/senhorafrutta.com.br\/index.php\/wp-json\/wp\/v2\/posts\/2039\/revisions"}],"wp:featuredmedia":[{"embeddable":true,"href":"https:\/\/senhorafrutta.com.br\/index.php\/wp-json\/wp\/v2\/media\/2040"}],"wp:attachment":[{"href":"https:\/\/senhorafrutta.com.br\/index.php\/wp-json\/wp\/v2\/media?parent=2039"}],"wp:term":[{"taxonomy":"category","embeddable":true,"href":"https:\/\/senhorafrutta.com.br\/index.php\/wp-json\/wp\/v2\/categories?post=2039"},{"taxonomy":"post_tag","embeddable":true,"href":"https:\/\/senhorafrutta.com.br\/index.php\/wp-json\/wp\/v2\/tags?post=2039"}],"curies":[{"name":"wp","href":"https:\/\/api.w.org\/{rel}","templated":true}]}}