{"id":1982,"date":"2024-09-07T13:05:12","date_gmt":"2024-09-07T13:05:12","guid":{"rendered":"https:\/\/senhorafrutta.com.br\/index.php\/2024\/09\/07\/lula-demite-silvio-almeida-apos-denuncias-de-assedio-sexual\/"},"modified":"2024-09-07T13:05:12","modified_gmt":"2024-09-07T13:05:12","slug":"lula-demite-silvio-almeida-apos-denuncias-de-assedio-sexual","status":"publish","type":"post","link":"https:\/\/senhorafrutta.com.br\/index.php\/2024\/09\/07\/lula-demite-silvio-almeida-apos-denuncias-de-assedio-sexual\/","title":{"rendered":"Lula demite Silvio Almeida ap\u00f3s den\u00fancias de ass\u00e9dio sexual"},"content":{"rendered":"<div>Foto: Fernando Fraz\u00e3o\/Ag\u00eancia Brasil<\/div>\n<p>O presidente <strong>Luiz In\u00e1cio Lula da Silva<\/strong> decidiu demitir o ministro dos Direitos Humanos e Cidadania, <strong>Silvio Almeida<\/strong>, ap\u00f3s den\u00fancias de <a href=\"https:\/\/www.canalrural.com.br\/tag\/assedio-sexual\/\">ass\u00e9dio sexual<\/a> que vieram \u00e0 tona na tarde desta quinta-feira (5). Em nota divulgada pelo Pal\u00e1cio do Planalto, a decis\u00e3o foi justificada pela \u201c<em>natureza das acusa\u00e7\u00f5es<\/em>\u201c, que tornavam insustent\u00e1vel a perman\u00eancia de Almeida no cargo.<\/p>\n<p><em>Confira na palma da m\u00e3o informa\u00e7\u00f5es quentes sobre agricultura, pecu\u00e1ria, economia e previs\u00e3o do tempo:<\/em><a href=\"https:\/\/www.whatsapp.com\/channel\/0029Va9VnZxGk1FplZjiW43k\"><em> <\/em><strong>siga o Canal Rural no WhatsApp<\/strong><\/a>!<\/p>\n<p>As den\u00fancias foram reveladas pelo <strong>portal Metr\u00f3poles<\/strong> e confirmadas pela organiza\u00e7\u00e3o <strong>Me Too<\/strong>, que recebeu relatos de mulheres alegando ter sido assediadas sexualmente pelo ex-ministro. <strong>Entre as v\u00edtimas estaria a ministra da Igualdade Racial, Anielle Franco<\/strong>, que se manifestou nas redes sociais afirmando ser \u201c<em>inaceit\u00e1vel relativizar ou diminuir epis\u00f3dios de viol\u00eancia<\/em>\u201c.<\/p>\n<p>Franco elogiou a a\u00e7\u00e3o r\u00e1pida do presidente Lula e pediu respeito \u00e0 sua privacidade, afirmando que contribuir\u00e1 com as apura\u00e7\u00f5es sempre que acionada. Ela tamb\u00e9m criticou a press\u00e3o sofrida para se pronunciar publicamente sobre o caso. \u201c<em>Tentativas de culpabilizar, desqualificar ou constranger v\u00edtimas alimentam o ciclo de viol\u00eancia<\/em>\u201c, declarou.<\/p>\n<p>Almeida, que ocupava o cargo desde janeiro de 2023, negou as acusa\u00e7\u00f5es em nota, chamando-as de \u201c<em>mentiras<\/em>\u201d e \u201c<em>ila\u00e7\u00f5es absurdas<\/em>\u201c. Ele solicitou apura\u00e7\u00e3o rigorosa do caso pela Controladoria-Geral da Uni\u00e3o, Minist\u00e9rio da Justi\u00e7a e Procuradoria-Geral da Rep\u00fablica.<\/p>\n<p>A Pol\u00edcia Federal e a Comiss\u00e3o de \u00c9tica da Presid\u00eancia da Rep\u00fablica abriram investiga\u00e7\u00f5es para apurar os fatos. Enquanto isso, <strong>a ministra Esther Dweck, da Gest\u00e3o e Inova\u00e7\u00e3o em Servi\u00e7os P\u00fablicos, assumiu interinamente a pasta de Direitos Humanos<\/strong>.<\/p>\n<p>O post <a href=\"https:\/\/www.canalrural.com.br\/politica\/lula-demite-silvio-almeida-apos-denuncias-de-assedio-sexual\/\">Lula demite Silvio Almeida ap\u00f3s den\u00fancias de ass\u00e9dio sexual<\/a> apareceu primeiro em <a href=\"https:\/\/www.canalrural.com.br\/\">Canal Rural<\/a>.<\/p>","protected":false},"excerpt":{"rendered":"<p>Foto: Fernando Fraz\u00e3o\/Ag\u00eancia Brasil O presidente Luiz In\u00e1cio Lula da Silva decidiu demitir o ministro dos Direitos Humanos e Cidadania, Silvio Almeida, ap\u00f3s den\u00fancias de ass\u00e9dio sexual que vieram \u00e0 tona na tarde desta quinta-feira (5). Em nota divulgada pelo Pal\u00e1cio do Planalto, a decis\u00e3o foi justificada pela \u201cnatureza das acusa\u00e7\u00f5es\u201c, que tornavam insustent\u00e1vel a perman\u00eancia de Almeida no cargo. Confira na palma da m\u00e3o informa\u00e7\u00f5es quentes sobre agricultura, pecu\u00e1ria, economia e previs\u00e3o do tempo: siga o Canal Rural no WhatsApp! As den\u00fancias foram reveladas pelo portal Metr\u00f3poles e confirmadas pela organiza\u00e7\u00e3o Me Too, que recebeu relatos de mulheres alegando ter sido assediadas sexualmente pelo ex-ministro. Entre as v\u00edtimas estaria a ministra da Igualdade Racial, Anielle Franco, que se manifestou nas redes sociais afirmando ser \u201cinaceit\u00e1vel relativizar ou diminuir epis\u00f3dios de viol\u00eancia\u201c. Franco elogiou a a\u00e7\u00e3o r\u00e1pida do presidente Lula e pediu respeito \u00e0 sua privacidade, afirmando que contribuir\u00e1 com as apura\u00e7\u00f5es sempre que acionada. Ela tamb\u00e9m criticou a press\u00e3o sofrida para se pronunciar publicamente sobre o caso. \u201cTentativas de culpabilizar, desqualificar ou constranger v\u00edtimas alimentam o ciclo de viol\u00eancia\u201c, declarou. Almeida, que ocupava o cargo desde janeiro de 2023, negou as acusa\u00e7\u00f5es em nota, chamando-as de \u201cmentiras\u201d e \u201cila\u00e7\u00f5es absurdas\u201c. Ele solicitou apura\u00e7\u00e3o rigorosa do caso pela Controladoria-Geral da Uni\u00e3o, Minist\u00e9rio da Justi\u00e7a e Procuradoria-Geral da Rep\u00fablica. A Pol\u00edcia Federal e a Comiss\u00e3o de \u00c9tica da Presid\u00eancia da Rep\u00fablica abriram investiga\u00e7\u00f5es para apurar os fatos. Enquanto isso, a ministra Esther Dweck, da Gest\u00e3o e Inova\u00e7\u00e3o em Servi\u00e7os P\u00fablicos, assumiu interinamente a pasta de Direitos Humanos. O post Lula demite Silvio Almeida ap\u00f3s den\u00fancias de ass\u00e9dio sexual apareceu primeiro em Canal Rural.<\/p>\n","protected":false},"author":0,"featured_media":1983,"comment_status":"open","ping_status":"open","sticky":false,"template":"","format":"standard","meta":{"_monsterinsights_skip_tracking":false,"_monsterinsights_sitenote_active":false,"_monsterinsights_sitenote_note":"","_monsterinsights_sitenote_category":0,"footnotes":""},"categories":[1],"tags":[],"class_list":["post-1982","post","type-post","status-publish","format-standard","has-post-thumbnail","hentry","category-agronegocio"],"_links":{"self":[{"href":"https:\/\/senhorafrutta.com.br\/index.php\/wp-json\/wp\/v2\/posts\/1982","targetHints":{"allow":["GET"]}}],"collection":[{"href":"https:\/\/senhorafrutta.com.br\/index.php\/wp-json\/wp\/v2\/posts"}],"about":[{"href":"https:\/\/senhorafrutta.com.br\/index.php\/wp-json\/wp\/v2\/types\/post"}],"replies":[{"embeddable":true,"href":"https:\/\/senhorafrutta.com.br\/index.php\/wp-json\/wp\/v2\/comments?post=1982"}],"version-history":[{"count":0,"href":"https:\/\/senhorafrutta.com.br\/index.php\/wp-json\/wp\/v2\/posts\/1982\/revisions"}],"wp:featuredmedia":[{"embeddable":true,"href":"https:\/\/senhorafrutta.com.br\/index.php\/wp-json\/wp\/v2\/media\/1983"}],"wp:attachment":[{"href":"https:\/\/senhorafrutta.com.br\/index.php\/wp-json\/wp\/v2\/media?parent=1982"}],"wp:term":[{"taxonomy":"category","embeddable":true,"href":"https:\/\/senhorafrutta.com.br\/index.php\/wp-json\/wp\/v2\/categories?post=1982"},{"taxonomy":"post_tag","embeddable":true,"href":"https:\/\/senhorafrutta.com.br\/index.php\/wp-json\/wp\/v2\/tags?post=1982"}],"curies":[{"name":"wp","href":"https:\/\/api.w.org\/{rel}","templated":true}]}}