{"id":1942,"date":"2024-09-06T21:33:15","date_gmt":"2024-09-06T21:33:15","guid":{"rendered":"https:\/\/senhorafrutta.com.br\/index.php\/2024\/09\/06\/mais-de-230-mil-hectares-de-cana-de-acucar-foram-atingidos-pelos-incendios\/"},"modified":"2024-09-06T21:33:15","modified_gmt":"2024-09-06T21:33:15","slug":"mais-de-230-mil-hectares-de-cana-de-acucar-foram-atingidos-pelos-incendios","status":"publish","type":"post","link":"https:\/\/senhorafrutta.com.br\/index.php\/2024\/09\/06\/mais-de-230-mil-hectares-de-cana-de-acucar-foram-atingidos-pelos-incendios\/","title":{"rendered":"Mais de 230 mil hectares de cana-de-a\u00e7\u00facar foram atingidos pelos inc\u00eandios"},"content":{"rendered":"<div><\/div>\n<p>Ao menos 231,83 mil hectares de lavouras de cana-de-a\u00e7\u00facar foram atingidos pelos recentes inc\u00eandios registrados no interior de S\u00e3o Paulo. <\/p>\n<p>O dado \u00e9 fruto de levantamento parcial realizado pela Uni\u00e3o da Ind\u00fastria de Cana-de-A\u00e7\u00facar<br \/>e Bioenergia <strong><a href=\"https:\/\/unica.com.br\/\">(Unica)<\/a><\/strong> junto \u00e0s usinas do estado e refere-se \u00e0s ocorr\u00eancias de agosto. <\/p>\n<p><em>Confira na palma da m\u00e3o informa\u00e7\u00f5es quentes sobre agricultura, pecu\u00e1ria, economia e previs\u00e3o do tempo:<\/em><a href=\"https:\/\/whatsapp.com\/channel\/0029Va9VnZxGk1FplZjiW43k\"><strong><em>\u00a0siga o Canal Rura<\/em><\/strong><\/a><a href=\"https:\/\/www.whatsapp.com\/channel\/0029Va9VnZxGk1FplZjiW43k\"><strong><em>l no WhatsApp!<\/em><\/strong><\/a><\/p>\n<p>As empresas com os n\u00fameros j\u00e1 contabilizados representam mais de 75% da produ\u00e7\u00e3o paulista de cana-de-a\u00e7\u00facar.<\/p>\n<p>De acordo com o levantamento, 132,04 mil hectares s\u00e3o de \u00e1reas que ainda seriam colhidas. O restante, ou seja, 99,79 mil hectares, \u00e9 referente a locais em que a cana-de-a\u00e7\u00facar j\u00e1 havia<br \/>sido colhida ou a <strong><a href=\"https:\/\/www.canalrural.com.br\/agricultura\/\">lavouras de cana-planta<\/a><\/strong> (plantadas nesse ano para colheita no pr\u00f3ximo ciclo agr\u00edcola).<\/p>\n<p>As regi\u00f5es de Ribeir\u00e3o Preto, S\u00e3o Jos\u00e9 do Rio Preto e S\u00e3o Carlos foram as mais atingidas pelos inc\u00eandios, respondendo por cerca de <strong>90% <\/strong>da \u00e1rea queimada apurada at\u00e9 o momento. Nas regi\u00f5es de Piracicaba, Ara\u00e7atuba e Assis o impacto dos inc\u00eandios foi menor.<\/p>\n<h2 class=\"wp-block-heading\">Combate aos inc\u00eandios na cana-de-a\u00e7\u00facar<\/h2>\n<p>A Unica e suas associadas colocaram \u00e0 disposi\u00e7\u00e3o do estado de S\u00e3o Paulo toda a estrutura de combate ao fogo j\u00e1 dispon\u00edvel nas usinas. <\/p>\n<p>De acordo com a entidade, mais de <strong>1,5 mil caminh\u00f5es-pipa<\/strong> e cerca de <strong>10 mil colaboradores<\/strong> do setor sucroenerg\u00e9tico treinados para combater inc\u00eandios continuam atuando sob coordena\u00e7\u00e3o do governo estadual.<\/p>\n<p>\u201cNesse momento, os esfor\u00e7os do setor seguem dedicados \u00e0 preven\u00e7\u00e3o e combate dos focos de inc\u00eandio, com seguran\u00e7a aos colaboradores e colabora\u00e7\u00e3o com o governo do estado\u201d, destaca o diretor de Intelig\u00eancia Setorial da Unica, Luciano Rodrigues.<\/p>\n<p>O post <a href=\"https:\/\/www.canalrural.com.br\/agricultura\/mais-de-230-mil-hectares-de-cana-de-acucar-foram-atingidos-pelos-incendios\/\">Mais de 230 mil hectares de cana-de-a\u00e7\u00facar foram atingidos pelos inc\u00eandios<\/a> apareceu primeiro em <a href=\"https:\/\/www.canalrural.com.br\/\">Canal Rural<\/a>.<\/p>","protected":false},"excerpt":{"rendered":"<p>Ao menos 231,83 mil hectares de lavouras de cana-de-a\u00e7\u00facar foram atingidos pelos recentes inc\u00eandios registrados no interior de S\u00e3o Paulo. O dado \u00e9 fruto de levantamento parcial realizado pela Uni\u00e3o da Ind\u00fastria de Cana-de-A\u00e7\u00facare Bioenergia (Unica) junto \u00e0s usinas do estado e refere-se \u00e0s ocorr\u00eancias de agosto. Confira na palma da m\u00e3o informa\u00e7\u00f5es quentes sobre agricultura, pecu\u00e1ria, economia e previs\u00e3o do tempo:\u00a0siga o Canal Rural no WhatsApp! As empresas com os n\u00fameros j\u00e1 contabilizados representam mais de 75% da produ\u00e7\u00e3o paulista de cana-de-a\u00e7\u00facar. De acordo com o levantamento, 132,04 mil hectares s\u00e3o de \u00e1reas que ainda seriam colhidas. O restante, ou seja, 99,79 mil hectares, \u00e9 referente a locais em que a cana-de-a\u00e7\u00facar j\u00e1 haviasido colhida ou a lavouras de cana-planta (plantadas nesse ano para colheita no pr\u00f3ximo ciclo agr\u00edcola). As regi\u00f5es de Ribeir\u00e3o Preto, S\u00e3o Jos\u00e9 do Rio Preto e S\u00e3o Carlos foram as mais atingidas pelos inc\u00eandios, respondendo por cerca de 90% da \u00e1rea queimada apurada at\u00e9 o momento. Nas regi\u00f5es de Piracicaba, Ara\u00e7atuba e Assis o impacto dos inc\u00eandios foi menor. Combate aos inc\u00eandios na cana-de-a\u00e7\u00facar A Unica e suas associadas colocaram \u00e0 disposi\u00e7\u00e3o do estado de S\u00e3o Paulo toda a estrutura de combate ao fogo j\u00e1 dispon\u00edvel nas usinas. De acordo com a entidade, mais de 1,5 mil caminh\u00f5es-pipa e cerca de 10 mil colaboradores do setor sucroenerg\u00e9tico treinados para combater inc\u00eandios continuam atuando sob coordena\u00e7\u00e3o do governo estadual. \u201cNesse momento, os esfor\u00e7os do setor seguem dedicados \u00e0 preven\u00e7\u00e3o e combate dos focos de inc\u00eandio, com seguran\u00e7a aos colaboradores e colabora\u00e7\u00e3o com o governo do estado\u201d, destaca o diretor de Intelig\u00eancia Setorial da Unica, Luciano Rodrigues. O post Mais de 230 mil hectares de cana-de-a\u00e7\u00facar foram atingidos pelos inc\u00eandios apareceu primeiro em Canal Rural.<\/p>\n","protected":false},"author":0,"featured_media":1943,"comment_status":"open","ping_status":"open","sticky":false,"template":"","format":"standard","meta":{"_monsterinsights_skip_tracking":false,"_monsterinsights_sitenote_active":false,"_monsterinsights_sitenote_note":"","_monsterinsights_sitenote_category":0,"footnotes":""},"categories":[1],"tags":[],"class_list":["post-1942","post","type-post","status-publish","format-standard","has-post-thumbnail","hentry","category-agronegocio"],"_links":{"self":[{"href":"https:\/\/senhorafrutta.com.br\/index.php\/wp-json\/wp\/v2\/posts\/1942","targetHints":{"allow":["GET"]}}],"collection":[{"href":"https:\/\/senhorafrutta.com.br\/index.php\/wp-json\/wp\/v2\/posts"}],"about":[{"href":"https:\/\/senhorafrutta.com.br\/index.php\/wp-json\/wp\/v2\/types\/post"}],"replies":[{"embeddable":true,"href":"https:\/\/senhorafrutta.com.br\/index.php\/wp-json\/wp\/v2\/comments?post=1942"}],"version-history":[{"count":0,"href":"https:\/\/senhorafrutta.com.br\/index.php\/wp-json\/wp\/v2\/posts\/1942\/revisions"}],"wp:featuredmedia":[{"embeddable":true,"href":"https:\/\/senhorafrutta.com.br\/index.php\/wp-json\/wp\/v2\/media\/1943"}],"wp:attachment":[{"href":"https:\/\/senhorafrutta.com.br\/index.php\/wp-json\/wp\/v2\/media?parent=1942"}],"wp:term":[{"taxonomy":"category","embeddable":true,"href":"https:\/\/senhorafrutta.com.br\/index.php\/wp-json\/wp\/v2\/categories?post=1942"},{"taxonomy":"post_tag","embeddable":true,"href":"https:\/\/senhorafrutta.com.br\/index.php\/wp-json\/wp\/v2\/tags?post=1942"}],"curies":[{"name":"wp","href":"https:\/\/api.w.org\/{rel}","templated":true}]}}