{"id":1930,"date":"2024-09-05T23:10:03","date_gmt":"2024-09-05T23:10:03","guid":{"rendered":"https:\/\/senhorafrutta.com.br\/index.php\/2024\/09\/05\/espero-que-o-ministro-favaro-honre-com-a-palavra-diz-secretario-de-agricultura-de-sp\/"},"modified":"2024-09-05T23:10:03","modified_gmt":"2024-09-05T23:10:03","slug":"espero-que-o-ministro-favaro-honre-com-a-palavra-diz-secretario-de-agricultura-de-sp","status":"publish","type":"post","link":"https:\/\/senhorafrutta.com.br\/index.php\/2024\/09\/05\/espero-que-o-ministro-favaro-honre-com-a-palavra-diz-secretario-de-agricultura-de-sp\/","title":{"rendered":"\u2018Espero que o ministro F\u00e1varo honre com a palavra\u2019, diz secret\u00e1rio de Agricultura de SP"},"content":{"rendered":"<div>Foto: Reprodu\u00e7\u00e3o Canal Rural<\/div>\n<p>S\u00e3o Paulo \u00e9 um dos estados mais atingidos pelos focos de inc\u00eandio que acometem o pa\u00eds. De acordo com o secret\u00e1rio da <a href=\"https:\/\/www.agricultura.sp.gov.br\/\"><strong>Secretaria de Agricultura do estado<\/strong><\/a>, Guilherme Piai, o preju\u00edzo para o agroneg\u00f3cio j\u00e1 atinge a marca de R$ 2 bilh\u00f5es.<\/p>\n<div class=\"wp-block-embed__wrapper\">\n<\/div>\n<p>Segundo ele, esse n\u00famero se refere \u00e0s lavouras que precisar\u00e3o de replantio e tamb\u00e9m \u00e0s perdas de casas, maquin\u00e1rios, equipamentos, rebanhos e de recomposi\u00e7\u00e3o de solo. \u201c\u00c9 apenas um n\u00famero pr\u00e9vio que ainda deve aumentar\u201d. <\/p>\n<p><em>Confira na palma da m\u00e3o informa\u00e7\u00f5es quentes sobre agricultura, pecu\u00e1ria, economia e previs\u00e3o do tempo:<\/em><a href=\"https:\/\/www.whatsapp.com\/channel\/0029Va9VnZxGk1FplZjiW43k\"><em>\u00a0<\/em><strong>siga o Canal Rural no WhatsApp<\/strong><\/a>!<\/p>\n<p>O secret\u00e1rio refor\u00e7a que j\u00e1 foram levantadas mais de oito mil propriedades atingidas pelo fogo em 317 munic\u00edpios paulistas gra\u00e7as ao uso de imagens de sat\u00e9lite, sensores t\u00e9rmicos e cruzamento de dados com o sistema do Cadastro Ambiental Rural (CAR). <\/p>\n<p>\u201cS\u00e3o 48 munic\u00edpios em estado de emerg\u00eancia e 482 mil hectares de terra, sendo que somente no setor sucroenerg\u00e9tico s\u00e3o 240 mil hectares [atingidos]\u201d.<\/p>\n<h2 class=\"wp-block-heading\">Secret\u00e1rio: \u2018Mapa precisa cumprir promessa\u2019<\/h2>\n<p>O secret\u00e1rio destacou que o ministro Carlos F\u00e1varo, do Mapa, fez a promessa de lan\u00e7ar uma linha de cr\u00e9dito subsidiado ao estado de S\u00e3o Paulo, semelhante ao ofertado ao <strong><a href=\"https:\/\/www.canalrural.com.br\/nacional\/rio-grande-do-sul\/\">Rio Grande do Sul<\/a><\/strong>, mas ainda n\u00e3o concretizou. <\/p>\n<p>\u201cJ\u00e1 fiz o of\u00edcio, assinei e, at\u00e9 agora, n\u00e3o chegou nada. Espero muito que o ministro honre o compromisso, honre a palavra porque o agro de S\u00e3o Paulo \u00e9 o mais exportador do Brasil, empatado com Mato Grosso. Ent\u00e3o o agro brasileiro depende do agro de S\u00e3o Paulo\u201d.  <\/p>\n<h2 class=\"wp-block-heading\">Produtor deve reportar o problema<\/h2>\n<p>Piai ressalta que todos os homens e todas as mulheres do campo de S\u00e3o Paulo que tiveram as suas propriedades afetadas devem procurar a Casa de Agricultura e entrar no site da Secretaria para comunicar o problema.<\/p>\n<p>\u201cSe comuniquem com a gente para preencher um termo circunstanciado emergencial, que \u00e9 essencial para se conseguir cr\u00e9dito com juro zero e com car\u00eancia para pagar. Assim, se consegue uma nova moradia e proprociona seguran\u00e7a jur\u00eddica para comprovar que o produtor foi v\u00edtima de inc\u00eandios criminosos [\u2026]. Porque o agroneg\u00f3cio de S\u00e3o Paulo foi v\u00edtima do que est\u00e1 acontecendo e \u00e9 o setor mais afetado\u201d.<\/p>\n<p>Piai lembra que as chamas n\u00e3o discrimiram o porte do produtor rural, atingindo fazendas de pequenos, m\u00e9dios e grandes. <\/p>\n<p>O post <a href=\"https:\/\/www.canalrural.com.br\/agricultura\/espero-que-o-ministro-honre-com-a-palavra-diz-secretario-de-agricultura-de-sp\/\">\u2018Espero que o ministro F\u00e1varo honre com a palavra\u2019, diz secret\u00e1rio de Agricultura de SP<\/a> apareceu primeiro em <a href=\"https:\/\/www.canalrural.com.br\/\">Canal Rural<\/a>.<\/p>","protected":false},"excerpt":{"rendered":"<p>Foto: Reprodu\u00e7\u00e3o Canal Rural S\u00e3o Paulo \u00e9 um dos estados mais atingidos pelos focos de inc\u00eandio que acometem o pa\u00eds. De acordo com o secret\u00e1rio da Secretaria de Agricultura do estado, Guilherme Piai, o preju\u00edzo para o agroneg\u00f3cio j\u00e1 atinge a marca de R$ 2 bilh\u00f5es. Segundo ele, esse n\u00famero se refere \u00e0s lavouras que precisar\u00e3o de replantio e tamb\u00e9m \u00e0s perdas de casas, maquin\u00e1rios, equipamentos, rebanhos e de recomposi\u00e7\u00e3o de solo. \u201c\u00c9 apenas um n\u00famero pr\u00e9vio que ainda deve aumentar\u201d. Confira na palma da m\u00e3o informa\u00e7\u00f5es quentes sobre agricultura, pecu\u00e1ria, economia e previs\u00e3o do tempo:\u00a0siga o Canal Rural no WhatsApp! O secret\u00e1rio refor\u00e7a que j\u00e1 foram levantadas mais de oito mil propriedades atingidas pelo fogo em 317 munic\u00edpios paulistas gra\u00e7as ao uso de imagens de sat\u00e9lite, sensores t\u00e9rmicos e cruzamento de dados com o sistema do Cadastro Ambiental Rural (CAR). \u201cS\u00e3o 48 munic\u00edpios em estado de emerg\u00eancia e 482 mil hectares de terra, sendo que somente no setor sucroenerg\u00e9tico s\u00e3o 240 mil hectares [atingidos]\u201d. Secret\u00e1rio: \u2018Mapa precisa cumprir promessa\u2019 O secret\u00e1rio destacou que o ministro Carlos F\u00e1varo, do Mapa, fez a promessa de lan\u00e7ar uma linha de cr\u00e9dito subsidiado ao estado de S\u00e3o Paulo, semelhante ao ofertado ao Rio Grande do Sul, mas ainda n\u00e3o concretizou. \u201cJ\u00e1 fiz o of\u00edcio, assinei e, at\u00e9 agora, n\u00e3o chegou nada. Espero muito que o ministro honre o compromisso, honre a palavra porque o agro de S\u00e3o Paulo \u00e9 o mais exportador do Brasil, empatado com Mato Grosso. Ent\u00e3o o agro brasileiro depende do agro de S\u00e3o Paulo\u201d. Produtor deve reportar o problema Piai ressalta que todos os homens e todas as mulheres do campo de S\u00e3o Paulo que tiveram as suas propriedades afetadas devem procurar a Casa de Agricultura e entrar no site da Secretaria para comunicar o problema. \u201cSe comuniquem com a gente para preencher um termo circunstanciado emergencial, que \u00e9 essencial para se conseguir cr\u00e9dito com juro zero e com car\u00eancia para pagar. Assim, se consegue uma nova moradia e proprociona seguran\u00e7a jur\u00eddica para comprovar que o produtor foi v\u00edtima de inc\u00eandios criminosos [\u2026]. Porque o agroneg\u00f3cio de S\u00e3o Paulo foi v\u00edtima do que est\u00e1 acontecendo e \u00e9 o setor mais afetado\u201d. Piai lembra que as chamas n\u00e3o discrimiram o porte do produtor rural, atingindo fazendas de pequenos, m\u00e9dios e grandes. O post \u2018Espero que o ministro F\u00e1varo honre com a palavra\u2019, diz secret\u00e1rio de Agricultura de SP apareceu primeiro em Canal Rural.<\/p>\n","protected":false},"author":0,"featured_media":1931,"comment_status":"open","ping_status":"open","sticky":false,"template":"","format":"standard","meta":{"_monsterinsights_skip_tracking":false,"_monsterinsights_sitenote_active":false,"_monsterinsights_sitenote_note":"","_monsterinsights_sitenote_category":0,"footnotes":""},"categories":[1],"tags":[],"class_list":["post-1930","post","type-post","status-publish","format-standard","has-post-thumbnail","hentry","category-agronegocio"],"_links":{"self":[{"href":"https:\/\/senhorafrutta.com.br\/index.php\/wp-json\/wp\/v2\/posts\/1930","targetHints":{"allow":["GET"]}}],"collection":[{"href":"https:\/\/senhorafrutta.com.br\/index.php\/wp-json\/wp\/v2\/posts"}],"about":[{"href":"https:\/\/senhorafrutta.com.br\/index.php\/wp-json\/wp\/v2\/types\/post"}],"replies":[{"embeddable":true,"href":"https:\/\/senhorafrutta.com.br\/index.php\/wp-json\/wp\/v2\/comments?post=1930"}],"version-history":[{"count":0,"href":"https:\/\/senhorafrutta.com.br\/index.php\/wp-json\/wp\/v2\/posts\/1930\/revisions"}],"wp:featuredmedia":[{"embeddable":true,"href":"https:\/\/senhorafrutta.com.br\/index.php\/wp-json\/wp\/v2\/media\/1931"}],"wp:attachment":[{"href":"https:\/\/senhorafrutta.com.br\/index.php\/wp-json\/wp\/v2\/media?parent=1930"}],"wp:term":[{"taxonomy":"category","embeddable":true,"href":"https:\/\/senhorafrutta.com.br\/index.php\/wp-json\/wp\/v2\/categories?post=1930"},{"taxonomy":"post_tag","embeddable":true,"href":"https:\/\/senhorafrutta.com.br\/index.php\/wp-json\/wp\/v2\/tags?post=1930"}],"curies":[{"name":"wp","href":"https:\/\/api.w.org\/{rel}","templated":true}]}}