{"id":1914,"date":"2024-09-05T15:41:12","date_gmt":"2024-09-05T15:41:12","guid":{"rendered":"https:\/\/senhorafrutta.com.br\/index.php\/2024\/09\/05\/alckmin-descarta-risco-de-falta-de-energia-diante-da-pior-seca-do-pais-desde-a-decada-de-1950\/"},"modified":"2024-09-05T15:41:12","modified_gmt":"2024-09-05T15:41:12","slug":"alckmin-descarta-risco-de-falta-de-energia-diante-da-pior-seca-do-pais-desde-a-decada-de-1950","status":"publish","type":"post","link":"https:\/\/senhorafrutta.com.br\/index.php\/2024\/09\/05\/alckmin-descarta-risco-de-falta-de-energia-diante-da-pior-seca-do-pais-desde-a-decada-de-1950\/","title":{"rendered":"Alckmin descarta risco de falta de energia diante da pior seca do pa\u00eds desde a d\u00e9cada de 1950"},"content":{"rendered":"<div>Foto: Canal Rural<\/div>\n<p>O vice-presidente da Rep\u00fablica, <strong><a href=\"https:\/\/www.canalrural.com.br\/diversos\/alckmin-destaca-que-havera-novo-recorde-comercial-em-2024-na-relacao-brasil-china\/\">Geraldo Alckmin<\/a><\/strong>, descartou nesta quinta-feira (5), o risco de falta de energia, apesar da redu\u00e7\u00e3o nos n\u00edveis de \u00e1gua dos reservat\u00f3rios de hidrel\u00e9tricas diante da maior seca registrada no pa\u00eds desde a d\u00e9cada de 1950. <\/p>\n<p>Ao participar da entrevista coletiva da Anfavea, entidade que representa as montadoras, Alckmin fez uma men\u00e7\u00e3o \u00e0s a\u00e7\u00f5es preventivas aprovadas nesta semana pelo Operador Nacional do Sistema El\u00e9trico <strong><a href=\"https:\/\/www.ons.org.br\/\">(ONS)<\/a><\/strong> para garantir a oferta de energia a todo o pa\u00eds.<\/p>\n<p><em>Confira na palma da m\u00e3o informa\u00e7\u00f5es quentes sobre agricultura, pecu\u00e1ria, economia e previs\u00e3o do tempo:<\/em><a href=\"https:\/\/whatsapp.com\/channel\/0029Va9VnZxGk1FplZjiW43k\"><em>\u00a0<\/em><strong><em>siga o Canal Rural no WhatsApp!<\/em><\/strong><\/a><\/p>\n<p>Segundo ele, que tamb\u00e9m comanda o Minist\u00e9rio do Desenvolvimento, Ind\u00fastria, Com\u00e9rcio e Servi\u00e7os (MDIC), o acionamento, se necess\u00e1rio, das usinas t\u00e9rmicas assegura que n\u00e3o faltar\u00e1 energia.<\/p>\n<p>\u201cAcredito que o que disse a ONS \u00e9 que coloca as t\u00e9rmicas para operarem, mas n\u00e3o h\u00e1 risco de falta de energia\u201d, declarou Alckmin.<\/p>\n<h2 class=\"wp-block-heading\">Menos chuva, mais calor<\/h2>\n<p>Ele observou que a redu\u00e7\u00e3o do volume de chuvas, ao mesmo tempo em que a temperatura sobe para acima da m\u00e9dia hist\u00f3rica do pa\u00eds, reflete as mudan\u00e7as clim\u00e1ticas, sendo que os pa\u00edses dos tr\u00f3picos v\u00e3o sofrer mais.<\/p>\n<p>A mitiga\u00e7\u00e3o dos efeitos do aquecimento global passa pela preserva\u00e7\u00e3o de florestas tropicais tanto no Brasil quanto na Indon\u00e9sia e no Congo, destacou o vice-presidente.<\/p>\n<p>Alckmin assinalou que o governo brasileiro tem feito sua parte, citando a redu\u00e7\u00e3o de 50% do desmatamento em 2023, com queda adicional de 32% neste ano.<\/p>\n<h2 class=\"wp-block-heading\">Redu\u00e7\u00e3o de CO2<\/h2>\n<p>Foto: Wikimedia Commons<\/p>\n<p>O vice-presidente acrescentou que as medidas j\u00e1 lan\u00e7adas dentro do compromisso de descarboniza\u00e7\u00e3o representam uma redu\u00e7\u00e3o de 280 milh\u00f5es de toneladas em emiss\u00f5es de carbono em 15 anos.<\/p>\n<p>Ao lembrar da \u00e9poca em que foi governador de S\u00e3o Paulo, quando a redu\u00e7\u00e3o no n\u00edvel dos reservat\u00f3rios da Sabesp obrigou a empresa a usar, em 2014, \u00e1gua do volume morto do Sistema Cantareira, Alckmin disse que a crise foi atravessada na \u00e9poca sem racionamento, gra\u00e7as \u00e0 interliga\u00e7\u00e3o de sistemas.<\/p>\n<p>O post <a href=\"https:\/\/www.canalrural.com.br\/politica\/alckmin-descarta-risco-de-falta-de-energia-diante-da-pior-seca-do-pais-desde-a-decada-de-1950\/\">Alckmin descarta risco de falta de energia diante da pior seca do pa\u00eds desde a d\u00e9cada de 1950<\/a> apareceu primeiro em <a href=\"https:\/\/www.canalrural.com.br\/\">Canal Rural<\/a>.<\/p>","protected":false},"excerpt":{"rendered":"<p>Foto: Canal Rural O vice-presidente da Rep\u00fablica, Geraldo Alckmin, descartou nesta quinta-feira (5), o risco de falta de energia, apesar da redu\u00e7\u00e3o nos n\u00edveis de \u00e1gua dos reservat\u00f3rios de hidrel\u00e9tricas diante da maior seca registrada no pa\u00eds desde a d\u00e9cada de 1950. Ao participar da entrevista coletiva da Anfavea, entidade que representa as montadoras, Alckmin fez uma men\u00e7\u00e3o \u00e0s a\u00e7\u00f5es preventivas aprovadas nesta semana pelo Operador Nacional do Sistema El\u00e9trico (ONS) para garantir a oferta de energia a todo o pa\u00eds. Confira na palma da m\u00e3o informa\u00e7\u00f5es quentes sobre agricultura, pecu\u00e1ria, economia e previs\u00e3o do tempo:\u00a0siga o Canal Rural no WhatsApp! Segundo ele, que tamb\u00e9m comanda o Minist\u00e9rio do Desenvolvimento, Ind\u00fastria, Com\u00e9rcio e Servi\u00e7os (MDIC), o acionamento, se necess\u00e1rio, das usinas t\u00e9rmicas assegura que n\u00e3o faltar\u00e1 energia. \u201cAcredito que o que disse a ONS \u00e9 que coloca as t\u00e9rmicas para operarem, mas n\u00e3o h\u00e1 risco de falta de energia\u201d, declarou Alckmin. Menos chuva, mais calor Ele observou que a redu\u00e7\u00e3o do volume de chuvas, ao mesmo tempo em que a temperatura sobe para acima da m\u00e9dia hist\u00f3rica do pa\u00eds, reflete as mudan\u00e7as clim\u00e1ticas, sendo que os pa\u00edses dos tr\u00f3picos v\u00e3o sofrer mais. A mitiga\u00e7\u00e3o dos efeitos do aquecimento global passa pela preserva\u00e7\u00e3o de florestas tropicais tanto no Brasil quanto na Indon\u00e9sia e no Congo, destacou o vice-presidente. Alckmin assinalou que o governo brasileiro tem feito sua parte, citando a redu\u00e7\u00e3o de 50% do desmatamento em 2023, com queda adicional de 32% neste ano. Redu\u00e7\u00e3o de CO2 Foto: Wikimedia Commons O vice-presidente acrescentou que as medidas j\u00e1 lan\u00e7adas dentro do compromisso de descarboniza\u00e7\u00e3o representam uma redu\u00e7\u00e3o de 280 milh\u00f5es de toneladas em emiss\u00f5es de carbono em 15 anos. Ao lembrar da \u00e9poca em que foi governador de S\u00e3o Paulo, quando a redu\u00e7\u00e3o no n\u00edvel dos reservat\u00f3rios da Sabesp obrigou a empresa a usar, em 2014, \u00e1gua do volume morto do Sistema Cantareira, Alckmin disse que a crise foi atravessada na \u00e9poca sem racionamento, gra\u00e7as \u00e0 interliga\u00e7\u00e3o de sistemas. O post Alckmin descarta risco de falta de energia diante da pior seca do pa\u00eds desde a d\u00e9cada de 1950 apareceu primeiro em Canal Rural.<\/p>\n","protected":false},"author":0,"featured_media":1915,"comment_status":"open","ping_status":"open","sticky":false,"template":"","format":"standard","meta":{"_monsterinsights_skip_tracking":false,"_monsterinsights_sitenote_active":false,"_monsterinsights_sitenote_note":"","_monsterinsights_sitenote_category":0,"footnotes":""},"categories":[1],"tags":[],"class_list":["post-1914","post","type-post","status-publish","format-standard","has-post-thumbnail","hentry","category-agronegocio"],"_links":{"self":[{"href":"https:\/\/senhorafrutta.com.br\/index.php\/wp-json\/wp\/v2\/posts\/1914","targetHints":{"allow":["GET"]}}],"collection":[{"href":"https:\/\/senhorafrutta.com.br\/index.php\/wp-json\/wp\/v2\/posts"}],"about":[{"href":"https:\/\/senhorafrutta.com.br\/index.php\/wp-json\/wp\/v2\/types\/post"}],"replies":[{"embeddable":true,"href":"https:\/\/senhorafrutta.com.br\/index.php\/wp-json\/wp\/v2\/comments?post=1914"}],"version-history":[{"count":0,"href":"https:\/\/senhorafrutta.com.br\/index.php\/wp-json\/wp\/v2\/posts\/1914\/revisions"}],"wp:featuredmedia":[{"embeddable":true,"href":"https:\/\/senhorafrutta.com.br\/index.php\/wp-json\/wp\/v2\/media\/1915"}],"wp:attachment":[{"href":"https:\/\/senhorafrutta.com.br\/index.php\/wp-json\/wp\/v2\/media?parent=1914"}],"wp:term":[{"taxonomy":"category","embeddable":true,"href":"https:\/\/senhorafrutta.com.br\/index.php\/wp-json\/wp\/v2\/categories?post=1914"},{"taxonomy":"post_tag","embeddable":true,"href":"https:\/\/senhorafrutta.com.br\/index.php\/wp-json\/wp\/v2\/tags?post=1914"}],"curies":[{"name":"wp","href":"https:\/\/api.w.org\/{rel}","templated":true}]}}