{"id":1906,"date":"2024-09-05T17:55:20","date_gmt":"2024-09-05T17:55:20","guid":{"rendered":"https:\/\/senhorafrutta.com.br\/index.php\/2024\/09\/05\/incendios-elevam-indices-de-poluicao-no-acre-e-forcam-suspensao-de-aulas\/"},"modified":"2024-09-05T17:55:20","modified_gmt":"2024-09-05T17:55:20","slug":"incendios-elevam-indices-de-poluicao-no-acre-e-forcam-suspensao-de-aulas","status":"publish","type":"post","link":"https:\/\/senhorafrutta.com.br\/index.php\/2024\/09\/05\/incendios-elevam-indices-de-poluicao-no-acre-e-forcam-suspensao-de-aulas\/","title":{"rendered":"Inc\u00eandios elevam \u00edndices de polui\u00e7\u00e3o no Acre e for\u00e7am suspens\u00e3o de aulas"},"content":{"rendered":"<div>Foto: Ag\u00eancia Marca Comunica\u00e7\u00e3o <\/div>\n<p>O Acre enfrenta uma grave crise de qualidade do ar devido aos in\u00fameros focos de inc\u00eandio que assolam o estado desde a segunda quinzena de agosto. O \u00edndice de qualidade do ar na regi\u00e3o est\u00e1 at\u00e9 30 vezes pior do que o limite permitido pela Organiza\u00e7\u00e3o Mundial da Sa\u00fade (OMS). <\/p>\n<div class=\"wp-block-embed__wrapper\">\n<\/div>\n<p>Como resultado, as aulas da rede p\u00fablica de ensino foram suspensas nesta quinta-feira, conforme comunicado da Secretaria de Estado de Educa\u00e7\u00e3o e Cultura. Estados vizinhos, como Amazonas e Rond\u00f4nia, enfrentam problemas semelhantes, com a fuma\u00e7a prejudicando a sa\u00fade p\u00fablica e o cotidiano dos moradores.<\/p>\n<p><em>Confira na palma da m\u00e3o informa\u00e7\u00f5es quentes sobre agricultura, pecu\u00e1ria, economia e previs\u00e3o do tempo:<\/em><a href=\"https:\/\/www.whatsapp.com\/channel\/0029Va9VnZxGk1FplZjiW43k\"><em> <\/em><strong>siga o Canal Rural no WhatsApp<\/strong><\/a>!<\/p>\n<h3 class=\"wp-block-heading\"><strong>A intensifica\u00e7\u00e3o dos inc\u00eandios e os desafios no combate<\/strong><\/h3>\n<p>Em uma entrevista ao programa \u201cMercado &amp; Companhia\u201d, o meteorologista Guilherme Martins, doutor em Ci\u00eancia do Sistema Terrestre pelo Instituto Nacional de Pesquisas Espaciais (Inpe), destacou que conter um inc\u00eandio \u00e9 significativamente mais dif\u00edcil do que preveni-lo. Ele explicou que, em um cen\u00e1rio de atraso das chuvas na primavera, o contingenciamento das queimadas ser\u00e1 ainda mais desafiador, pois n\u00e3o se pode contar com a umidade natural para ajudar a controlar o fogo.<\/p>\n<p>Martins explicou que os focos de calor s\u00e3o identificados por sat\u00e9lites, que detectam emiss\u00f5es de energia de \u00e1reas queimadas. Esses focos variam em tamanho, de pequenas queimadas de 375 metros at\u00e9 grandes inc\u00eandios de 5 quil\u00f4metros de extens\u00e3o. \u201c<em>A detec\u00e7\u00e3o \u00e9 feita por meio de sensores acoplados aos sat\u00e9lites, que identificam a presen\u00e7a de queimadas. Pequenos ou grandes, todos os focos s\u00e3o contabilizados e monitorados<\/em>\u201d, detalhou.<\/p>\n<h3 class=\"wp-block-heading\"><strong>Inc\u00eandios recorde e fatores contribuintes<\/strong><\/h3>\n<p>O especialista ressaltou que 2024 est\u00e1 se configurando como um ano recorde para inc\u00eandios no Brasil, com condi\u00e7\u00f5es clim\u00e1ticas adversas, como altas temperaturas e baixa umidade, exacerbadas pelo fen\u00f4meno El Ni\u00f1o. \u201c<em>Nunca antes visto em termos de intensidade, este ano tem sido marcado por uma combina\u00e7\u00e3o perigosa de fatores, incluindo o aquecimento global, que amplifica as condi\u00e7\u00f5es para as queimadas<\/em>\u201c, afirmou Martins.<\/p>\n<p>Al\u00e9m disso, Martins comentou sobre a peculiaridade observada no interior do estado de S\u00e3o Paulo, onde m\u00faltiplos focos de inc\u00eandio apareceram simultaneamente em diferentes pontos, conforme an\u00e1lise do Instituto de Pesquisa Ambiental da Amaz\u00f4nia (<a href=\"https:\/\/www.canalrural.com.br\/tag\/ipam\/\">Ipam<\/a>). Ele sugeriu que esses focos podem ser resultado de a\u00e7\u00f5es humanas deliberadas. \u201c<em>A maioria das queimadas no Brasil \u00e9 de causa antr\u00f3pica, e agosto foi um m\u00eas at\u00edpico para S\u00e3o Paulo, com ind\u00edcios claros de a\u00e7\u00f5es humanas coordenadas<\/em>\u201c, explicou.<\/p>\n<h3 class=\"wp-block-heading\"><strong>Estrat\u00e9gias de mitiga\u00e7\u00e3o e preven\u00e7\u00e3o<\/strong><\/h3>\n<p>Para minimizar os impactos das queimadas, Martins destacou a import\u00e2ncia de campanhas de educa\u00e7\u00e3o ambiental. \u201c<em>\u00c9 crucial conscientizar a popula\u00e7\u00e3o sobre os danos causados pelas queimadas, que n\u00e3o afetam apenas o local onde ocorrem, mas tamb\u00e9m t\u00eam consequ\u00eancias para regi\u00f5es distantes, como o Sul e o Sudeste, prejudicando a sa\u00fade p\u00fablica e a infraestrutura<\/em>\u201c, disse ele.<\/p>\n<p>Com a previs\u00e3o de per\u00edodos secos cada vez mais longos e menores totais de chuva no Brasil Central, a agricultura tamb\u00e9m precisar\u00e1 se adaptar. \u201c<em>O setor agr\u00edcola, assim como o setor el\u00e9trico e outros, deve se preparar para lidar com desafios clim\u00e1ticos mais frequentes e intensos<\/em>\u201c, concluiu Martins, destacando a necessidade de pr\u00e1ticas mais sustent\u00e1veis e planejamentos de longo prazo para enfrentar as mudan\u00e7as clim\u00e1ticas.<\/p>\n<h3 class=\"wp-block-heading\"><strong>O impacto das queimadas no clima e na sa\u00fade<\/strong><\/h3>\n<p>Al\u00e9m de agravar a crise ambiental, as queimadas contribuem significativamente para as mudan\u00e7as clim\u00e1ticas, lan\u00e7ando grandes quantidades de carbono na atmosfera e aumentando a temperatura global. \u201c<em>As queimadas s\u00e3o um ciclo vicioso que alimenta as mudan\u00e7as clim\u00e1ticas, criando um ambiente mais seco e quente, que, por sua vez, facilita a ocorr\u00eancia de mais inc\u00eandios<\/em>\u201d, finalizou Martins.<\/p>\n<p>Com a situa\u00e7\u00e3o se deteriorando rapidamente, especialistas e autoridades enfatizam a urg\u00eancia de a\u00e7\u00f5es coordenadas para mitigar os danos e prevenir futuros desastres ambientais no Brasil.<\/p>\n<p>O post <a href=\"https:\/\/www.canalrural.com.br\/nacional\/incendios-elevam-indices-de-poluicao-no-acre-e-forcam-suspensao-de-aulas\/\">Inc\u00eandios elevam \u00edndices de polui\u00e7\u00e3o no Acre e for\u00e7am suspens\u00e3o de aulas<\/a> apareceu primeiro em <a href=\"https:\/\/www.canalrural.com.br\/\">Canal Rural<\/a>.<\/p>","protected":false},"excerpt":{"rendered":"<p>Foto: Ag\u00eancia Marca Comunica\u00e7\u00e3o O Acre enfrenta uma grave crise de qualidade do ar devido aos in\u00fameros focos de inc\u00eandio que assolam o estado desde a segunda quinzena de agosto. O \u00edndice de qualidade do ar na regi\u00e3o est\u00e1 at\u00e9 30 vezes pior do que o limite permitido pela Organiza\u00e7\u00e3o Mundial da Sa\u00fade (OMS). Como resultado, as aulas da rede p\u00fablica de ensino foram suspensas nesta quinta-feira, conforme comunicado da Secretaria de Estado de Educa\u00e7\u00e3o e Cultura. Estados vizinhos, como Amazonas e Rond\u00f4nia, enfrentam problemas semelhantes, com a fuma\u00e7a prejudicando a sa\u00fade p\u00fablica e o cotidiano dos moradores. Confira na palma da m\u00e3o informa\u00e7\u00f5es quentes sobre agricultura, pecu\u00e1ria, economia e previs\u00e3o do tempo: siga o Canal Rural no WhatsApp! A intensifica\u00e7\u00e3o dos inc\u00eandios e os desafios no combate Em uma entrevista ao programa \u201cMercado &amp; Companhia\u201d, o meteorologista Guilherme Martins, doutor em Ci\u00eancia do Sistema Terrestre pelo Instituto Nacional de Pesquisas Espaciais (Inpe), destacou que conter um inc\u00eandio \u00e9 significativamente mais dif\u00edcil do que preveni-lo. Ele explicou que, em um cen\u00e1rio de atraso das chuvas na primavera, o contingenciamento das queimadas ser\u00e1 ainda mais desafiador, pois n\u00e3o se pode contar com a umidade natural para ajudar a controlar o fogo. Martins explicou que os focos de calor s\u00e3o identificados por sat\u00e9lites, que detectam emiss\u00f5es de energia de \u00e1reas queimadas. Esses focos variam em tamanho, de pequenas queimadas de 375 metros at\u00e9 grandes inc\u00eandios de 5 quil\u00f4metros de extens\u00e3o. \u201cA detec\u00e7\u00e3o \u00e9 feita por meio de sensores acoplados aos sat\u00e9lites, que identificam a presen\u00e7a de queimadas. Pequenos ou grandes, todos os focos s\u00e3o contabilizados e monitorados\u201d, detalhou. Inc\u00eandios recorde e fatores contribuintes O especialista ressaltou que 2024 est\u00e1 se configurando como um ano recorde para inc\u00eandios no Brasil, com condi\u00e7\u00f5es clim\u00e1ticas adversas, como altas temperaturas e baixa umidade, exacerbadas pelo fen\u00f4meno El Ni\u00f1o. \u201cNunca antes visto em termos de intensidade, este ano tem sido marcado por uma combina\u00e7\u00e3o perigosa de fatores, incluindo o aquecimento global, que amplifica as condi\u00e7\u00f5es para as queimadas\u201c, afirmou Martins. Al\u00e9m disso, Martins comentou sobre a peculiaridade observada no interior do estado de S\u00e3o Paulo, onde m\u00faltiplos focos de inc\u00eandio apareceram simultaneamente em diferentes pontos, conforme an\u00e1lise do Instituto de Pesquisa Ambiental da Amaz\u00f4nia (Ipam). Ele sugeriu que esses focos podem ser resultado de a\u00e7\u00f5es humanas deliberadas. \u201cA maioria das queimadas no Brasil \u00e9 de causa antr\u00f3pica, e agosto foi um m\u00eas at\u00edpico para S\u00e3o Paulo, com ind\u00edcios claros de a\u00e7\u00f5es humanas coordenadas\u201c, explicou. Estrat\u00e9gias de mitiga\u00e7\u00e3o e preven\u00e7\u00e3o Para minimizar os impactos das queimadas, Martins destacou a import\u00e2ncia de campanhas de educa\u00e7\u00e3o ambiental. \u201c\u00c9 crucial conscientizar a popula\u00e7\u00e3o sobre os danos causados pelas queimadas, que n\u00e3o afetam apenas o local onde ocorrem, mas tamb\u00e9m t\u00eam consequ\u00eancias para regi\u00f5es distantes, como o Sul e o Sudeste, prejudicando a sa\u00fade p\u00fablica e a infraestrutura\u201c, disse ele. Com a previs\u00e3o de per\u00edodos secos cada vez mais longos e menores totais de chuva no Brasil Central, a agricultura tamb\u00e9m precisar\u00e1 se adaptar. \u201cO setor agr\u00edcola, assim como o setor el\u00e9trico e outros, deve se preparar para lidar com desafios clim\u00e1ticos mais frequentes e intensos\u201c, concluiu Martins, destacando a necessidade de pr\u00e1ticas mais sustent\u00e1veis e planejamentos de longo prazo para enfrentar as mudan\u00e7as clim\u00e1ticas. O impacto das queimadas no clima e na sa\u00fade Al\u00e9m de agravar a crise ambiental, as queimadas contribuem significativamente para as mudan\u00e7as clim\u00e1ticas, lan\u00e7ando grandes quantidades de carbono na atmosfera e aumentando a temperatura global. \u201cAs queimadas s\u00e3o um ciclo vicioso que alimenta as mudan\u00e7as clim\u00e1ticas, criando um ambiente mais seco e quente, que, por sua vez, facilita a ocorr\u00eancia de mais inc\u00eandios\u201d, finalizou Martins. Com a situa\u00e7\u00e3o se deteriorando rapidamente, especialistas e autoridades enfatizam a urg\u00eancia de a\u00e7\u00f5es coordenadas para mitigar os danos e prevenir futuros desastres ambientais no Brasil. O post Inc\u00eandios elevam \u00edndices de polui\u00e7\u00e3o no Acre e for\u00e7am suspens\u00e3o de aulas apareceu primeiro em Canal Rural.<\/p>\n","protected":false},"author":0,"featured_media":1907,"comment_status":"open","ping_status":"open","sticky":false,"template":"","format":"standard","meta":{"_monsterinsights_skip_tracking":false,"_monsterinsights_sitenote_active":false,"_monsterinsights_sitenote_note":"","_monsterinsights_sitenote_category":0,"footnotes":""},"categories":[1],"tags":[],"class_list":["post-1906","post","type-post","status-publish","format-standard","has-post-thumbnail","hentry","category-agronegocio"],"_links":{"self":[{"href":"https:\/\/senhorafrutta.com.br\/index.php\/wp-json\/wp\/v2\/posts\/1906","targetHints":{"allow":["GET"]}}],"collection":[{"href":"https:\/\/senhorafrutta.com.br\/index.php\/wp-json\/wp\/v2\/posts"}],"about":[{"href":"https:\/\/senhorafrutta.com.br\/index.php\/wp-json\/wp\/v2\/types\/post"}],"replies":[{"embeddable":true,"href":"https:\/\/senhorafrutta.com.br\/index.php\/wp-json\/wp\/v2\/comments?post=1906"}],"version-history":[{"count":0,"href":"https:\/\/senhorafrutta.com.br\/index.php\/wp-json\/wp\/v2\/posts\/1906\/revisions"}],"wp:featuredmedia":[{"embeddable":true,"href":"https:\/\/senhorafrutta.com.br\/index.php\/wp-json\/wp\/v2\/media\/1907"}],"wp:attachment":[{"href":"https:\/\/senhorafrutta.com.br\/index.php\/wp-json\/wp\/v2\/media?parent=1906"}],"wp:term":[{"taxonomy":"category","embeddable":true,"href":"https:\/\/senhorafrutta.com.br\/index.php\/wp-json\/wp\/v2\/categories?post=1906"},{"taxonomy":"post_tag","embeddable":true,"href":"https:\/\/senhorafrutta.com.br\/index.php\/wp-json\/wp\/v2\/tags?post=1906"}],"curies":[{"name":"wp","href":"https:\/\/api.w.org\/{rel}","templated":true}]}}