{"id":1904,"date":"2024-09-05T18:00:56","date_gmt":"2024-09-05T18:00:56","guid":{"rendered":"https:\/\/senhorafrutta.com.br\/index.php\/2024\/09\/05\/video-produtor-e-obrigado-a-atravessar-com-a-filha-em-area-incendiada\/"},"modified":"2024-09-05T18:00:56","modified_gmt":"2024-09-05T18:00:56","slug":"video-produtor-e-obrigado-a-atravessar-com-a-filha-em-area-incendiada","status":"publish","type":"post","link":"https:\/\/senhorafrutta.com.br\/index.php\/2024\/09\/05\/video-produtor-e-obrigado-a-atravessar-com-a-filha-em-area-incendiada\/","title":{"rendered":"V\u00cdDEO: produtor \u00e9 obrigado a atravessar com a filha em \u00e1rea incendiada"},"content":{"rendered":"<div>Foto: Reprodu\u00e7\u00e3o Canal Rural<\/div>\n<p>Mato Grosso registrou cerca de 28.800 focos de calor do in\u00edcio do ano at\u00e9 a tarde desta \u00faltima quarta-feira (4), de acordo com o Instituto Nacional de Pesquisas Espaciais <strong><a href=\"https:\/\/www.gov.br\/inpe\/pt-br\">(Inpe)<\/a><\/strong>. O n\u00famero \u00e9 quase <strong>170%<\/strong> superior ao mesmo per\u00edodo do ano passado, quando cerca de 10.800 focos foram reportados.<\/p>\n<p><em>Confira na palma da m\u00e3o informa\u00e7\u00f5es quentes sobre agricultura, pecu\u00e1ria, economia e previs\u00e3o do tempo:<\/em><a href=\"https:\/\/www.whatsapp.com\/channel\/0029Va9VnZxGk1FplZjiW43k\"><em>\u00a0<\/em><strong>siga o Canal Rural no WhatsApp<\/strong><\/a>!<\/p>\n<p>Os inc\u00eandios t\u00eam atingido em cheio as propriedades rurais, trazendo desespero aos agricultores. Exemplo disso \u00e9 o produtor rural Rodrigo Dezordi, de Chapada dos Guimar\u00e3es. Sua propriedade foi atingida por chamas que se alastram h\u00e1 dias na regi\u00e3o. <\/p>\n<div class=\"wp-block-embed__wrapper\">\n<\/div>\n<p>De acordo com ele, o fogo se iniciou em uma lavoura de milho situada h\u00e1 mais de 30 km de sua fazenda. <\/p>\n<p>\u201c\u00c9 um inc\u00eandio de grandes propor\u00e7\u00f5es e j\u00e1 queimou muita coisa, passando por diversas propriedades e queimando \u00e1reas de Cerrado, de pastagem; atingiu propriedades de micro-produtor, queimou planta\u00e7\u00f5es de abacaxi, de banana. Cada um vem fazendo o que \u00e9 poss\u00edvel, o que tem recursos para fazer, mas [a nossa atua\u00e7\u00e3o] \u00e9 muito limitada\u201d.<\/p>\n<p>Nos v\u00eddeos abaixo, \u00e9 poss\u00edvel v\u00ea-lo tentando extinguir as chamas com uma mangueira e sofrendo para passar pelo inc\u00eandio com o trator ao lado da filha. O fogo atingiu cerca de <strong>70 hectares<\/strong> de sua propriedade.<\/p>\n<div class=\"wp-block-embed__wrapper\">\n<\/div>\n<div class=\"wp-block-embed__wrapper\">\n<\/div>\n<p>Dezordi relata, ainda, que o inc\u00eandio estava com aproximadamente 10 km de extens\u00e3o de linha de fogo. \u201cAs pessoas que est\u00e3o tentando controlar t\u00eam muito mais boa-vontade do que preparo\u201d.<\/p>\n<h2 class=\"wp-block-heading\">Produtor pede ajuda <\/h2>\n<p>O produtor acredita que sem o aux\u00edlio de brigadas e de avi\u00f5es, o fogo s\u00f3 ter\u00e1 fim com a chegada das chuvas. \u201cMas o problema \u00e9 que elas est\u00e3o <strong><a href=\"https:\/\/www.canalrural.com.br\/agricultura\/incendios-se-espalham-pelo-brasil-e-previsao-de-tempo-indica-condicoes-preocupantes\/\">previstas s\u00f3 para daqui 15 a 20 dias<\/a><\/strong>\u201c.<\/p>\n<p>Ele pede uma atua\u00e7\u00e3o firme do governo do estado, com parcerias privadas e estrat\u00e9gicas, com uso de aeronaves, para ajudar no combate \u00e0s chamas. <\/p>\n<p>\u201cO fogo chegou em nossa propriedade no s\u00e1bado e estamos lutando desde ent\u00e3o [para combat\u00ea-lo]\u201d. <\/p>\n<h2 class=\"wp-block-heading\">M\u00eas das chamas<\/h2>\n<p>Os n\u00fameros comprovam que agosto liderou a quantidade de ocorr\u00eancias de inc\u00eandio no ano em Mato Grosso. Foram registrados 14.617 focos, contra 2.626 reportados em mesmo per\u00edodo do ano passado, conforme o Inpe.<\/p>\n<p>Neste rol, se destacam os munic\u00edpios de Colniza (1.984 focos); C\u00e1ceres (1.082) e Comodoro (879).<\/p>\n<p>O post <a href=\"https:\/\/www.canalrural.com.br\/agricultura\/video-produtor-e-obrigado-a-atravessar-com-a-filha-em-area-incendiada\/\">V\u00cdDEO: produtor \u00e9 obrigado a atravessar com a filha em \u00e1rea incendiada<\/a> apareceu primeiro em <a href=\"https:\/\/www.canalrural.com.br\/\">Canal Rural<\/a>.<\/p>","protected":false},"excerpt":{"rendered":"<p>Foto: Reprodu\u00e7\u00e3o Canal Rural Mato Grosso registrou cerca de 28.800 focos de calor do in\u00edcio do ano at\u00e9 a tarde desta \u00faltima quarta-feira (4), de acordo com o Instituto Nacional de Pesquisas Espaciais (Inpe). O n\u00famero \u00e9 quase 170% superior ao mesmo per\u00edodo do ano passado, quando cerca de 10.800 focos foram reportados. Confira na palma da m\u00e3o informa\u00e7\u00f5es quentes sobre agricultura, pecu\u00e1ria, economia e previs\u00e3o do tempo:\u00a0siga o Canal Rural no WhatsApp! Os inc\u00eandios t\u00eam atingido em cheio as propriedades rurais, trazendo desespero aos agricultores. Exemplo disso \u00e9 o produtor rural Rodrigo Dezordi, de Chapada dos Guimar\u00e3es. Sua propriedade foi atingida por chamas que se alastram h\u00e1 dias na regi\u00e3o. De acordo com ele, o fogo se iniciou em uma lavoura de milho situada h\u00e1 mais de 30 km de sua fazenda. \u201c\u00c9 um inc\u00eandio de grandes propor\u00e7\u00f5es e j\u00e1 queimou muita coisa, passando por diversas propriedades e queimando \u00e1reas de Cerrado, de pastagem; atingiu propriedades de micro-produtor, queimou planta\u00e7\u00f5es de abacaxi, de banana. Cada um vem fazendo o que \u00e9 poss\u00edvel, o que tem recursos para fazer, mas [a nossa atua\u00e7\u00e3o] \u00e9 muito limitada\u201d. Nos v\u00eddeos abaixo, \u00e9 poss\u00edvel v\u00ea-lo tentando extinguir as chamas com uma mangueira e sofrendo para passar pelo inc\u00eandio com o trator ao lado da filha. O fogo atingiu cerca de 70 hectares de sua propriedade. Dezordi relata, ainda, que o inc\u00eandio estava com aproximadamente 10 km de extens\u00e3o de linha de fogo. \u201cAs pessoas que est\u00e3o tentando controlar t\u00eam muito mais boa-vontade do que preparo\u201d. Produtor pede ajuda O produtor acredita que sem o aux\u00edlio de brigadas e de avi\u00f5es, o fogo s\u00f3 ter\u00e1 fim com a chegada das chuvas. \u201cMas o problema \u00e9 que elas est\u00e3o previstas s\u00f3 para daqui 15 a 20 dias\u201c. Ele pede uma atua\u00e7\u00e3o firme do governo do estado, com parcerias privadas e estrat\u00e9gicas, com uso de aeronaves, para ajudar no combate \u00e0s chamas. \u201cO fogo chegou em nossa propriedade no s\u00e1bado e estamos lutando desde ent\u00e3o [para combat\u00ea-lo]\u201d. M\u00eas das chamas Os n\u00fameros comprovam que agosto liderou a quantidade de ocorr\u00eancias de inc\u00eandio no ano em Mato Grosso. Foram registrados 14.617 focos, contra 2.626 reportados em mesmo per\u00edodo do ano passado, conforme o Inpe. Neste rol, se destacam os munic\u00edpios de Colniza (1.984 focos); C\u00e1ceres (1.082) e Comodoro (879). O post V\u00cdDEO: produtor \u00e9 obrigado a atravessar com a filha em \u00e1rea incendiada apareceu primeiro em Canal Rural.<\/p>\n","protected":false},"author":0,"featured_media":1905,"comment_status":"open","ping_status":"open","sticky":false,"template":"","format":"standard","meta":{"_monsterinsights_skip_tracking":false,"_monsterinsights_sitenote_active":false,"_monsterinsights_sitenote_note":"","_monsterinsights_sitenote_category":0,"footnotes":""},"categories":[1],"tags":[],"class_list":["post-1904","post","type-post","status-publish","format-standard","has-post-thumbnail","hentry","category-agronegocio"],"_links":{"self":[{"href":"https:\/\/senhorafrutta.com.br\/index.php\/wp-json\/wp\/v2\/posts\/1904","targetHints":{"allow":["GET"]}}],"collection":[{"href":"https:\/\/senhorafrutta.com.br\/index.php\/wp-json\/wp\/v2\/posts"}],"about":[{"href":"https:\/\/senhorafrutta.com.br\/index.php\/wp-json\/wp\/v2\/types\/post"}],"replies":[{"embeddable":true,"href":"https:\/\/senhorafrutta.com.br\/index.php\/wp-json\/wp\/v2\/comments?post=1904"}],"version-history":[{"count":0,"href":"https:\/\/senhorafrutta.com.br\/index.php\/wp-json\/wp\/v2\/posts\/1904\/revisions"}],"wp:featuredmedia":[{"embeddable":true,"href":"https:\/\/senhorafrutta.com.br\/index.php\/wp-json\/wp\/v2\/media\/1905"}],"wp:attachment":[{"href":"https:\/\/senhorafrutta.com.br\/index.php\/wp-json\/wp\/v2\/media?parent=1904"}],"wp:term":[{"taxonomy":"category","embeddable":true,"href":"https:\/\/senhorafrutta.com.br\/index.php\/wp-json\/wp\/v2\/categories?post=1904"},{"taxonomy":"post_tag","embeddable":true,"href":"https:\/\/senhorafrutta.com.br\/index.php\/wp-json\/wp\/v2\/tags?post=1904"}],"curies":[{"name":"wp","href":"https:\/\/api.w.org\/{rel}","templated":true}]}}