{"id":1884,"date":"2024-09-04T18:18:44","date_gmt":"2024-09-04T18:18:44","guid":{"rendered":"https:\/\/senhorafrutta.com.br\/index.php\/2024\/09\/04\/grande-incendio-atinge-floresta-nacional-de-brasilia-e-ameaca-propriedades-rurais\/"},"modified":"2024-09-04T18:18:44","modified_gmt":"2024-09-04T18:18:44","slug":"grande-incendio-atinge-floresta-nacional-de-brasilia-e-ameaca-propriedades-rurais","status":"publish","type":"post","link":"https:\/\/senhorafrutta.com.br\/index.php\/2024\/09\/04\/grande-incendio-atinge-floresta-nacional-de-brasilia-e-ameaca-propriedades-rurais\/","title":{"rendered":"Grande inc\u00eandio atinge floresta nacional de Bras\u00edlia e amea\u00e7a propriedades rurais"},"content":{"rendered":"<div>Foto: Pixabay<\/div>\n<p>Um inc\u00eandio de grandes propor\u00e7\u00f5es atinge a Floresta Nacional de Bras\u00edlia (Flona) desde a manh\u00e3 de ter\u00e7a-feira (3). O combate \u00e0s chamas, que j\u00e1 consumiram mais de 1.200 hectares, foi retomado na manh\u00e3 desta quarta-feira pelo Corpo de Bombeiros do Distrito Federal, em conjunto com equipes de resgate de fauna e do Instituto Bras\u00edlia Ambiental (<a href=\"https:\/\/www.canalrural.com.br\/tag\/ibram\/\">Ibram<\/a>).<\/p>\n<p><em>Confira na palma da m\u00e3o informa\u00e7\u00f5es quentes sobre agricultura, pecu\u00e1ria, economia e previs\u00e3o do tempo:<\/em><a href=\"https:\/\/www.whatsapp.com\/channel\/0029Va9VnZxGk1FplZjiW43k\"><em> <\/em><strong>siga o Canal Rural no WhatsApp<\/strong><\/a>!<\/p>\n<div class=\"wp-block-embed__wrapper\">\n<\/div>\n<p>Segundo o major Eduardo Barbosa Dias, do Corpo de Bombeiros, cerca de 126 pessoas, incluindo militares, brigadistas e resgatistas de animais, est\u00e3o envolvidas no combate ao inc\u00eandio, utilizando 26 viaturas e uma aeronave modelo Air Tractor, com capacidade para 3.000 litros de \u00e1gua. \u201c<em>Estamos controlando dois focos de inc\u00eandio. Um deles j\u00e1 est\u00e1 quase sob controle, e estamos empenhados para combater o outro foco ativo<\/em>\u201c, afirmou o major.<\/p>\n<p>O inc\u00eandio, que j\u00e1 comprometeu aproximadamente um ter\u00e7o da reserva, amea\u00e7a tamb\u00e9m pequenas propriedades rurais e \u00e1reas de agricultura familiar que circundam a Flona. \u201cEstamos posicionando equipes em pontos estrat\u00e9gicos para evitar que o fogo alcance essas propriedades e cause mais destrui\u00e7\u00e3o\u201d, explicou o major Barbosa Dias.<\/p>\n<p>As autoridades acreditam que o inc\u00eandio possa ter sido causado por a\u00e7\u00e3o humana, sendo considerado possivelmente criminoso. A Pol\u00edcia Civil e a per\u00edcia est\u00e3o investigando para identificar a origem das chamas e os respons\u00e1veis.<\/p>\n<p>O post <a href=\"https:\/\/www.canalrural.com.br\/agricultura\/grande-incendio-atinge-floresta-nacional-de-brasilia-e-ameaca-propriedades-rurais\/\">Grande inc\u00eandio atinge floresta nacional de Bras\u00edlia e amea\u00e7a propriedades rurais<\/a> apareceu primeiro em <a href=\"https:\/\/www.canalrural.com.br\/\">Canal Rural<\/a>.<\/p>","protected":false},"excerpt":{"rendered":"<p>Foto: Pixabay Um inc\u00eandio de grandes propor\u00e7\u00f5es atinge a Floresta Nacional de Bras\u00edlia (Flona) desde a manh\u00e3 de ter\u00e7a-feira (3). O combate \u00e0s chamas, que j\u00e1 consumiram mais de 1.200 hectares, foi retomado na manh\u00e3 desta quarta-feira pelo Corpo de Bombeiros do Distrito Federal, em conjunto com equipes de resgate de fauna e do Instituto Bras\u00edlia Ambiental (Ibram). Confira na palma da m\u00e3o informa\u00e7\u00f5es quentes sobre agricultura, pecu\u00e1ria, economia e previs\u00e3o do tempo: siga o Canal Rural no WhatsApp! Segundo o major Eduardo Barbosa Dias, do Corpo de Bombeiros, cerca de 126 pessoas, incluindo militares, brigadistas e resgatistas de animais, est\u00e3o envolvidas no combate ao inc\u00eandio, utilizando 26 viaturas e uma aeronave modelo Air Tractor, com capacidade para 3.000 litros de \u00e1gua. \u201cEstamos controlando dois focos de inc\u00eandio. Um deles j\u00e1 est\u00e1 quase sob controle, e estamos empenhados para combater o outro foco ativo\u201c, afirmou o major. O inc\u00eandio, que j\u00e1 comprometeu aproximadamente um ter\u00e7o da reserva, amea\u00e7a tamb\u00e9m pequenas propriedades rurais e \u00e1reas de agricultura familiar que circundam a Flona. \u201cEstamos posicionando equipes em pontos estrat\u00e9gicos para evitar que o fogo alcance essas propriedades e cause mais destrui\u00e7\u00e3o\u201d, explicou o major Barbosa Dias. As autoridades acreditam que o inc\u00eandio possa ter sido causado por a\u00e7\u00e3o humana, sendo considerado possivelmente criminoso. A Pol\u00edcia Civil e a per\u00edcia est\u00e3o investigando para identificar a origem das chamas e os respons\u00e1veis. O post Grande inc\u00eandio atinge floresta nacional de Bras\u00edlia e amea\u00e7a propriedades rurais apareceu primeiro em Canal Rural.<\/p>\n","protected":false},"author":0,"featured_media":1885,"comment_status":"open","ping_status":"open","sticky":false,"template":"","format":"standard","meta":{"_monsterinsights_skip_tracking":false,"_monsterinsights_sitenote_active":false,"_monsterinsights_sitenote_note":"","_monsterinsights_sitenote_category":0,"footnotes":""},"categories":[1],"tags":[],"class_list":["post-1884","post","type-post","status-publish","format-standard","has-post-thumbnail","hentry","category-agronegocio"],"_links":{"self":[{"href":"https:\/\/senhorafrutta.com.br\/index.php\/wp-json\/wp\/v2\/posts\/1884","targetHints":{"allow":["GET"]}}],"collection":[{"href":"https:\/\/senhorafrutta.com.br\/index.php\/wp-json\/wp\/v2\/posts"}],"about":[{"href":"https:\/\/senhorafrutta.com.br\/index.php\/wp-json\/wp\/v2\/types\/post"}],"replies":[{"embeddable":true,"href":"https:\/\/senhorafrutta.com.br\/index.php\/wp-json\/wp\/v2\/comments?post=1884"}],"version-history":[{"count":0,"href":"https:\/\/senhorafrutta.com.br\/index.php\/wp-json\/wp\/v2\/posts\/1884\/revisions"}],"wp:featuredmedia":[{"embeddable":true,"href":"https:\/\/senhorafrutta.com.br\/index.php\/wp-json\/wp\/v2\/media\/1885"}],"wp:attachment":[{"href":"https:\/\/senhorafrutta.com.br\/index.php\/wp-json\/wp\/v2\/media?parent=1884"}],"wp:term":[{"taxonomy":"category","embeddable":true,"href":"https:\/\/senhorafrutta.com.br\/index.php\/wp-json\/wp\/v2\/categories?post=1884"},{"taxonomy":"post_tag","embeddable":true,"href":"https:\/\/senhorafrutta.com.br\/index.php\/wp-json\/wp\/v2\/tags?post=1884"}],"curies":[{"name":"wp","href":"https:\/\/api.w.org\/{rel}","templated":true}]}}