{"id":1810,"date":"2024-09-02T22:46:50","date_gmt":"2024-09-02T22:46:50","guid":{"rendered":"https:\/\/senhorafrutta.com.br\/index.php\/2024\/09\/02\/setembro-comeca-com-expectativa-de-novas-altas-nos-precos-do-boi-gordo\/"},"modified":"2024-09-02T22:46:50","modified_gmt":"2024-09-02T22:46:50","slug":"setembro-comeca-com-expectativa-de-novas-altas-nos-precos-do-boi-gordo","status":"publish","type":"post","link":"https:\/\/senhorafrutta.com.br\/index.php\/2024\/09\/02\/setembro-comeca-com-expectativa-de-novas-altas-nos-precos-do-boi-gordo\/","title":{"rendered":"Setembro come\u00e7a com expectativa de novas altas nos pre\u00e7os do boi gordo"},"content":{"rendered":"<div>Foto: Raquel Brunelli\/Embrapa<\/div>\n<p>O mercado f\u00edsico do boi gordo voltou a apresentar pre\u00e7os firmes nesta segunda-feira (2). O ambiente de neg\u00f3cios ainda sugere pela alta das cota\u00e7\u00f5es no curto prazo, em linha com a posi\u00e7\u00e3o das escalas de abate, que permanecem apertadas em grande parte do pa\u00eds, disse o analista da consultoria <strong><a href=\"https:\/\/safras.com.br\/\">Safras &amp; Mercado<\/a><\/strong>, Fernando Henrique Iglesias.<\/p>\n<p><em>Confira na palma da m\u00e3o informa\u00e7\u00f5es quentes sobre agricultura, pecu\u00e1ria, economia e previs\u00e3o do tempo:<\/em><a href=\"https:\/\/www.whatsapp.com\/channel\/0029Va9VnZxGk1FplZjiW43k\"><em>\u00a0<\/em><strong>siga o Canal Rural no WhatsApp<\/strong><\/a>!<\/p>\n<p>A demanda aquecida de <strong><a href=\"https:\/\/www.canalrural.com.br\/pecuaria\/\">carne bovina<\/a><\/strong> \u00e9 outro elemento que justifica o otimismo em rela\u00e7\u00e3o a mercado, com exporta\u00e7\u00f5es recordes e o Brasil se consolidando como melhor alternativa global para o fornecimento da prote\u00edna animal.<\/p>\n<p>\u201cA demanda dom\u00e9stica tamb\u00e9m conta com seus predicados, com uma taxa de desocupa\u00e7\u00e3o baix\u00edssima, permitindo melhora dos indicadores de consumo no mercado interno\u201d, assinalou Iglesias.<\/p>\n<h2 class=\"wp-block-heading\">Pre\u00e7os da arroba do boi<\/h2>\n<p><strong>S\u00e3o Paulo:<\/strong> R$ 243,45<\/p>\n<p><strong>Goi\u00e1s:<\/strong> R$ 235,75<\/p>\n<p><strong>Minas Gerais:<\/strong> R$ 234,41<\/p>\n<p><strong>Mato Grosso do Sul:<\/strong> R$ 249,34<\/p>\n<p><strong>Mato Grosso:<\/strong> R$ 216,57<\/p>\n<h2 class=\"wp-block-heading\">Mercada atacadista<\/h2>\n<p>Foto: Freepik<\/p>\n<p>O mercado atacadista ainda se depara com pre\u00e7os firmes para a carne bovina. Conforme Iglesias, a expectativa ainda \u00e9 pela alta das cota\u00e7\u00f5es durante a primeira quinzena do m\u00eas, em linha com a entrada dos sal\u00e1rios na economia, motivando a reposi\u00e7\u00e3o ao longo da cadeia produtiva. <\/p>\n<p>As exporta\u00e7\u00f5es em alt\u00edssimo n\u00edvel tamb\u00e9m favorecem, enxugando o mercado interno do boi.<\/p>\n<p>O quarto traseiro ainda \u00e9 precificado a R$ 18,00 por quilo. O quarto dianteiro segue no patamar de R$ 13,50 por quilo. A ponta de agulha ainda \u00e9 precificada a R$ 13,50 por quilo.<\/p>\n<h2 class=\"wp-block-heading\">C\u00e2mbio<\/h2>\n<p>O d\u00f3lar comercial encerrou a sess\u00e3o em queda de 0,29%, sendo negociado a R$ 5,6156 para venda e a R$ 5,6136 para compra. Durante o dia, a moeda norte-americana oscilou entre a m\u00ednima de R$ 5,6041 e a m\u00e1xima de R$ 5,6596.<\/p>\n<p>O post <a href=\"https:\/\/www.canalrural.com.br\/pecuaria\/setembro-comeca-com-expectativa-de-novas-altas-nos-precos-do-boi-gordo\/\">Setembro come\u00e7a com expectativa de novas altas nos pre\u00e7os do boi gordo<\/a> apareceu primeiro em <a href=\"https:\/\/www.canalrural.com.br\/\">Canal Rural<\/a>.<\/p>","protected":false},"excerpt":{"rendered":"<p>Foto: Raquel Brunelli\/Embrapa O mercado f\u00edsico do boi gordo voltou a apresentar pre\u00e7os firmes nesta segunda-feira (2). O ambiente de neg\u00f3cios ainda sugere pela alta das cota\u00e7\u00f5es no curto prazo, em linha com a posi\u00e7\u00e3o das escalas de abate, que permanecem apertadas em grande parte do pa\u00eds, disse o analista da consultoria Safras &amp; Mercado, Fernando Henrique Iglesias. Confira na palma da m\u00e3o informa\u00e7\u00f5es quentes sobre agricultura, pecu\u00e1ria, economia e previs\u00e3o do tempo:\u00a0siga o Canal Rural no WhatsApp! A demanda aquecida de carne bovina \u00e9 outro elemento que justifica o otimismo em rela\u00e7\u00e3o a mercado, com exporta\u00e7\u00f5es recordes e o Brasil se consolidando como melhor alternativa global para o fornecimento da prote\u00edna animal. \u201cA demanda dom\u00e9stica tamb\u00e9m conta com seus predicados, com uma taxa de desocupa\u00e7\u00e3o baix\u00edssima, permitindo melhora dos indicadores de consumo no mercado interno\u201d, assinalou Iglesias. Pre\u00e7os da arroba do boi S\u00e3o Paulo: R$ 243,45 Goi\u00e1s: R$ 235,75 Minas Gerais: R$ 234,41 Mato Grosso do Sul: R$ 249,34 Mato Grosso: R$ 216,57 Mercada atacadista Foto: Freepik O mercado atacadista ainda se depara com pre\u00e7os firmes para a carne bovina. Conforme Iglesias, a expectativa ainda \u00e9 pela alta das cota\u00e7\u00f5es durante a primeira quinzena do m\u00eas, em linha com a entrada dos sal\u00e1rios na economia, motivando a reposi\u00e7\u00e3o ao longo da cadeia produtiva. As exporta\u00e7\u00f5es em alt\u00edssimo n\u00edvel tamb\u00e9m favorecem, enxugando o mercado interno do boi. O quarto traseiro ainda \u00e9 precificado a R$ 18,00 por quilo. O quarto dianteiro segue no patamar de R$ 13,50 por quilo. A ponta de agulha ainda \u00e9 precificada a R$ 13,50 por quilo. C\u00e2mbio O d\u00f3lar comercial encerrou a sess\u00e3o em queda de 0,29%, sendo negociado a R$ 5,6156 para venda e a R$ 5,6136 para compra. Durante o dia, a moeda norte-americana oscilou entre a m\u00ednima de R$ 5,6041 e a m\u00e1xima de R$ 5,6596. O post Setembro come\u00e7a com expectativa de novas altas nos pre\u00e7os do boi gordo apareceu primeiro em Canal Rural.<\/p>\n","protected":false},"author":0,"featured_media":1811,"comment_status":"open","ping_status":"open","sticky":false,"template":"","format":"standard","meta":{"_monsterinsights_skip_tracking":false,"_monsterinsights_sitenote_active":false,"_monsterinsights_sitenote_note":"","_monsterinsights_sitenote_category":0,"footnotes":""},"categories":[1],"tags":[],"class_list":["post-1810","post","type-post","status-publish","format-standard","has-post-thumbnail","hentry","category-agronegocio"],"_links":{"self":[{"href":"https:\/\/senhorafrutta.com.br\/index.php\/wp-json\/wp\/v2\/posts\/1810","targetHints":{"allow":["GET"]}}],"collection":[{"href":"https:\/\/senhorafrutta.com.br\/index.php\/wp-json\/wp\/v2\/posts"}],"about":[{"href":"https:\/\/senhorafrutta.com.br\/index.php\/wp-json\/wp\/v2\/types\/post"}],"replies":[{"embeddable":true,"href":"https:\/\/senhorafrutta.com.br\/index.php\/wp-json\/wp\/v2\/comments?post=1810"}],"version-history":[{"count":0,"href":"https:\/\/senhorafrutta.com.br\/index.php\/wp-json\/wp\/v2\/posts\/1810\/revisions"}],"wp:featuredmedia":[{"embeddable":true,"href":"https:\/\/senhorafrutta.com.br\/index.php\/wp-json\/wp\/v2\/media\/1811"}],"wp:attachment":[{"href":"https:\/\/senhorafrutta.com.br\/index.php\/wp-json\/wp\/v2\/media?parent=1810"}],"wp:term":[{"taxonomy":"category","embeddable":true,"href":"https:\/\/senhorafrutta.com.br\/index.php\/wp-json\/wp\/v2\/categories?post=1810"},{"taxonomy":"post_tag","embeddable":true,"href":"https:\/\/senhorafrutta.com.br\/index.php\/wp-json\/wp\/v2\/tags?post=1810"}],"curies":[{"name":"wp","href":"https:\/\/api.w.org\/{rel}","templated":true}]}}