{"id":1804,"date":"2024-09-02T08:01:00","date_gmt":"2024-09-02T08:01:00","guid":{"rendered":"https:\/\/senhorafrutta.com.br\/index.php\/2024\/09\/02\/frente-fria-deixa-regiao-brasileira-diferente-das-demais-veja-previsao-para-o-inicio-da-semana\/"},"modified":"2024-09-02T08:01:00","modified_gmt":"2024-09-02T08:01:00","slug":"frente-fria-deixa-regiao-brasileira-diferente-das-demais-veja-previsao-para-o-inicio-da-semana","status":"publish","type":"post","link":"https:\/\/senhorafrutta.com.br\/index.php\/2024\/09\/02\/frente-fria-deixa-regiao-brasileira-diferente-das-demais-veja-previsao-para-o-inicio-da-semana\/","title":{"rendered":"Frente fria deixa regi\u00e3o brasileira  diferente das demais; veja previs\u00e3o para o in\u00edcio da semana"},"content":{"rendered":"<div>Foto: Freepik<\/div>\n<p>O in\u00edcio da primeira semana de setembro de 2024 marca a fase final do inverno. Assim, as temperaturas sobem, trazendo tempo seco e baixa umidade do ar em grande parte do Brasil, mas h\u00e1 exce\u00e7\u00f5es, como a frente fria no Sul. <\/p>\n<p>Veja a previs\u00e3o do tempo para os pr\u00f3ximos dias:<\/p>\n<h2 class=\"wp-block-heading\">Sul<\/h2>\n<p><strong>Segunda:<\/strong> a temperatura fica mais baixa neste come\u00e7o de semana, especialmente no <strong><a href=\"https:\/\/www.canalrural.com.br\/nacional\/rio-grande-do-sul\/\">Rio Grande do Sul<\/a><\/strong>. Dia de sol e muitas nuvens no litoral e leste ga\u00facho. Amanhecer com chance de nevoeiro no oeste de Santa Catarina. Dia de sol, poucas nuvens, tempo firme e seco no Paran\u00e1.<\/p>\n<p><strong>Ter\u00e7a:<\/strong> a passagem afastada de uma frente fria provoca um pouco de chuva no litoral sul e norte do Rio Grande do Sul, mas n\u00e3o h\u00e1 risco de temporais. As demais \u00e1reas do estado continuam sem chuva. Tempo firme em Santa Catarina e no Paran\u00e1 com destaque para a baixa umidade do ar \u00e0 tarde.<\/p>\n<p><strong>Quarta:<\/strong> a temperatura vai seguir baixa na Campanha e no sul do Rio Grande do Sul. O deslocamento da frente fria deve provocar chuva forte sobre o norte e a serra ga\u00facha, aumentando a condi\u00e7\u00e3o para chuva mais isolada no litoral e o sudoeste do Paran\u00e1, bem como para o estado de Santa Catarina.<\/p>\n<h2 class=\"wp-block-heading\">Sudeste<\/h2>\n<p><strong>Segunda:<\/strong> as temperaturas continuam bem elevadas na Regi\u00e3o, com umidade do ar em alerta no interior paulista e no Tri\u00e2ngulo e noroeste de Minas Gerais. Pode ventar um pouco entre o litoral do Rio de Janeiro e do Esp\u00edrito Santo, mas n\u00e3o chove. Todas as capitais com tempo firme.<\/p>\n<p><strong>Ter\u00e7a:<\/strong> amanhecer com chance de nevoeiro no leste de S\u00e3o Paulo e na Zona da Mata Mineira. O padr\u00e3o de tempo se mant\u00e9m em toda a Regi\u00e3o ao longo do dia, com bastante sol, ar muito seco e valores de <strong><a href=\"https:\/\/portal.inmet.gov.br\/\">Umidade Relativa (UR)<\/a><\/strong> em alerta na maioria das \u00e1reas.<\/p>\n<p><strong>Quarta:<\/strong> deslocamento afastado de frente fria provoca um pouco de chuva no litoral sul de S\u00e3o Paulo e o aumento da quantidade de nuvens na Baixada Santista. Todas as demais \u00e1reas da Regi\u00e3o continuam sem mudan\u00e7as no tempo, com sol, calor e ar seco.<\/p>\n<h2 class=\"wp-block-heading\">Centro-Oeste<\/h2>\n<p><strong>Segunda:<\/strong> ar seco e baixa umidade do ar ainda para este come\u00e7o de semana na Regi\u00e3o. O sol predomina quase sem nuvem no c\u00e9u entre Goi\u00e1s, Distrito Federal e o leste de Mato Grosso. Haver\u00e1 um pouco mais de nuvem ao longo do dia em Cuiab\u00e1 e Campo Grande, mas nada de chuva.<\/p>\n<p><strong>Ter\u00e7a:<\/strong> o calor\u00e3o acima de 35\u202f\u00b0C ainda \u00e9 destaque na maior parte do Centro-Oeste. Ter\u00e7a-feira de muito sol e umidade do ar muito baixa. O risco de novos focos de inc\u00eandio, principalmente no Pantanal, aumenta.<\/p>\n<p><strong>Quarta:<\/strong> o padr\u00e3o de tempo continua: o sol aparece quase sem nuvem no c\u00e9u na maior parte da Regi\u00e3o e n\u00e3o chove. O ar seco ainda \u00e9 destaque, com umidade do ar em alerta na maioria dos munic\u00edpios.<\/p>\n<h2 class=\"wp-block-heading\">Nordeste<\/h2>\n<p><strong>Segunda:<\/strong> a costa leste da Regi\u00e3o ainda permanecer\u00e1 com tempo mais inst\u00e1vel, condi\u00e7\u00f5es de chuva a qualquer momento desde Alagoas ao litoral de Pernambuco. Pancadas moderadas no leste da Bahia, litoral da Para\u00edba e do Rio Grande do Norte. Tempo firme, seco e calor\u00e3o nas demais \u00e1reas, incluindo Fortaleza, Teresina e S\u00e3o Lu\u00eds.<\/p>\n<p><strong>Ter\u00e7a:<\/strong> dia de sol e pancadas mais r\u00e1pidas e isoladas na costa leste do Nordeste. Chove fraco desde Salvador a Natal. Demais \u00e1reas com um pouco de vento, mas nada de chuva. O tempo segue firme e seco no Piau\u00ed, Maranh\u00e3o e Cear\u00e1.<\/p>\n<p><strong>Quarta:<\/strong> chove fraco desde o litoral norte da Bahia at\u00e9 o litoral do Rio Grande do Norte. O tempo continua firme e seco nas demais \u00e1reas da Regi\u00e3o, com um pouco de vento nas praias do Cear\u00e1, Rio Grande do Norte e da Para\u00edba.<\/p>\n<h2 class=\"wp-block-heading\">Norte<\/h2>\n<p><strong>Segunda:<\/strong> a semana come\u00e7a sem previs\u00e3o de chuva em Rio Branco, Macap\u00e1, Palmas e Bel\u00e9m. No entanto, h\u00e1 previs\u00e3o de pancadas mais irregulares entre o norte do Amazonas e o estado de Roraima.<\/p>\n<p><strong>Ter\u00e7a:<\/strong> pancadas mais irregulares na faixa norte da Regi\u00e3o e ar seco e calor\u00e3o entre o Acre, sul do Amazonas, Par\u00e1 e Tocantins, \u00e1reas em que a baixa umidade do ar gera alerta.<\/p>\n<p><strong>Quarta:<\/strong> chuva forte na divisa do Amazonas com o sul de Roraima. Pouca chuva no litoral do Par\u00e1 e tempo firme em Bel\u00e9m, Macap\u00e1, Palmas, Porto Velho e Rio Branco.<\/p>\n<p>O post <a href=\"https:\/\/www.canalrural.com.br\/tempo\/frente-fria-deixa-regiao-brasileira-diferente-das-demais-veja-previsao-para-o-inicio-da-semana\/\">Frente fria deixa regi\u00e3o brasileira  diferente das demais; veja previs\u00e3o para o in\u00edcio da semana<\/a> apareceu primeiro em <a href=\"https:\/\/www.canalrural.com.br\/\">Canal Rural<\/a>.<\/p>","protected":false},"excerpt":{"rendered":"<p>Foto: Freepik O in\u00edcio da primeira semana de setembro de 2024 marca a fase final do inverno. Assim, as temperaturas sobem, trazendo tempo seco e baixa umidade do ar em grande parte do Brasil, mas h\u00e1 exce\u00e7\u00f5es, como a frente fria no Sul. Veja a previs\u00e3o do tempo para os pr\u00f3ximos dias: Sul Segunda: a temperatura fica mais baixa neste come\u00e7o de semana, especialmente no Rio Grande do Sul. Dia de sol e muitas nuvens no litoral e leste ga\u00facho. Amanhecer com chance de nevoeiro no oeste de Santa Catarina. Dia de sol, poucas nuvens, tempo firme e seco no Paran\u00e1. Ter\u00e7a: a passagem afastada de uma frente fria provoca um pouco de chuva no litoral sul e norte do Rio Grande do Sul, mas n\u00e3o h\u00e1 risco de temporais. As demais \u00e1reas do estado continuam sem chuva. Tempo firme em Santa Catarina e no Paran\u00e1 com destaque para a baixa umidade do ar \u00e0 tarde. Quarta: a temperatura vai seguir baixa na Campanha e no sul do Rio Grande do Sul. O deslocamento da frente fria deve provocar chuva forte sobre o norte e a serra ga\u00facha, aumentando a condi\u00e7\u00e3o para chuva mais isolada no litoral e o sudoeste do Paran\u00e1, bem como para o estado de Santa Catarina. Sudeste Segunda: as temperaturas continuam bem elevadas na Regi\u00e3o, com umidade do ar em alerta no interior paulista e no Tri\u00e2ngulo e noroeste de Minas Gerais. Pode ventar um pouco entre o litoral do Rio de Janeiro e do Esp\u00edrito Santo, mas n\u00e3o chove. Todas as capitais com tempo firme. Ter\u00e7a: amanhecer com chance de nevoeiro no leste de S\u00e3o Paulo e na Zona da Mata Mineira. O padr\u00e3o de tempo se mant\u00e9m em toda a Regi\u00e3o ao longo do dia, com bastante sol, ar muito seco e valores de Umidade Relativa (UR) em alerta na maioria das \u00e1reas. Quarta: deslocamento afastado de frente fria provoca um pouco de chuva no litoral sul de S\u00e3o Paulo e o aumento da quantidade de nuvens na Baixada Santista. Todas as demais \u00e1reas da Regi\u00e3o continuam sem mudan\u00e7as no tempo, com sol, calor e ar seco. Centro-Oeste Segunda: ar seco e baixa umidade do ar ainda para este come\u00e7o de semana na Regi\u00e3o. O sol predomina quase sem nuvem no c\u00e9u entre Goi\u00e1s, Distrito Federal e o leste de Mato Grosso. Haver\u00e1 um pouco mais de nuvem ao longo do dia em Cuiab\u00e1 e Campo Grande, mas nada de chuva. Ter\u00e7a: o calor\u00e3o acima de 35\u202f\u00b0C ainda \u00e9 destaque na maior parte do Centro-Oeste. Ter\u00e7a-feira de muito sol e umidade do ar muito baixa. O risco de novos focos de inc\u00eandio, principalmente no Pantanal, aumenta. Quarta: o padr\u00e3o de tempo continua: o sol aparece quase sem nuvem no c\u00e9u na maior parte da Regi\u00e3o e n\u00e3o chove. O ar seco ainda \u00e9 destaque, com umidade do ar em alerta na maioria dos munic\u00edpios. Nordeste Segunda: a costa leste da Regi\u00e3o ainda permanecer\u00e1 com tempo mais inst\u00e1vel, condi\u00e7\u00f5es de chuva a qualquer momento desde Alagoas ao litoral de Pernambuco. Pancadas moderadas no leste da Bahia, litoral da Para\u00edba e do Rio Grande do Norte. Tempo firme, seco e calor\u00e3o nas demais \u00e1reas, incluindo Fortaleza, Teresina e S\u00e3o Lu\u00eds. Ter\u00e7a: dia de sol e pancadas mais r\u00e1pidas e isoladas na costa leste do Nordeste. Chove fraco desde Salvador a Natal. Demais \u00e1reas com um pouco de vento, mas nada de chuva. O tempo segue firme e seco no Piau\u00ed, Maranh\u00e3o e Cear\u00e1. Quarta: chove fraco desde o litoral norte da Bahia at\u00e9 o litoral do Rio Grande do Norte. O tempo continua firme e seco nas demais \u00e1reas da Regi\u00e3o, com um pouco de vento nas praias do Cear\u00e1, Rio Grande do Norte e da Para\u00edba. Norte Segunda: a semana come\u00e7a sem previs\u00e3o de chuva em Rio Branco, Macap\u00e1, Palmas e Bel\u00e9m. No entanto, h\u00e1 previs\u00e3o de pancadas mais irregulares entre o norte do Amazonas e o estado de Roraima. Ter\u00e7a: pancadas mais irregulares na faixa norte da Regi\u00e3o e ar seco e calor\u00e3o entre o Acre, sul do Amazonas, Par\u00e1 e Tocantins, \u00e1reas em que a baixa umidade do ar gera alerta. Quarta: chuva forte na divisa do Amazonas com o sul de Roraima. Pouca chuva no litoral do Par\u00e1 e tempo firme em Bel\u00e9m, Macap\u00e1, Palmas, Porto Velho e Rio Branco. O post Frente fria deixa regi\u00e3o brasileira diferente das demais; veja previs\u00e3o para o in\u00edcio da semana apareceu primeiro em Canal Rural.<\/p>\n","protected":false},"author":0,"featured_media":1805,"comment_status":"open","ping_status":"open","sticky":false,"template":"","format":"standard","meta":{"_monsterinsights_skip_tracking":false,"_monsterinsights_sitenote_active":false,"_monsterinsights_sitenote_note":"","_monsterinsights_sitenote_category":0,"footnotes":""},"categories":[1],"tags":[],"class_list":["post-1804","post","type-post","status-publish","format-standard","has-post-thumbnail","hentry","category-agronegocio"],"_links":{"self":[{"href":"https:\/\/senhorafrutta.com.br\/index.php\/wp-json\/wp\/v2\/posts\/1804","targetHints":{"allow":["GET"]}}],"collection":[{"href":"https:\/\/senhorafrutta.com.br\/index.php\/wp-json\/wp\/v2\/posts"}],"about":[{"href":"https:\/\/senhorafrutta.com.br\/index.php\/wp-json\/wp\/v2\/types\/post"}],"replies":[{"embeddable":true,"href":"https:\/\/senhorafrutta.com.br\/index.php\/wp-json\/wp\/v2\/comments?post=1804"}],"version-history":[{"count":0,"href":"https:\/\/senhorafrutta.com.br\/index.php\/wp-json\/wp\/v2\/posts\/1804\/revisions"}],"wp:featuredmedia":[{"embeddable":true,"href":"https:\/\/senhorafrutta.com.br\/index.php\/wp-json\/wp\/v2\/media\/1805"}],"wp:attachment":[{"href":"https:\/\/senhorafrutta.com.br\/index.php\/wp-json\/wp\/v2\/media?parent=1804"}],"wp:term":[{"taxonomy":"category","embeddable":true,"href":"https:\/\/senhorafrutta.com.br\/index.php\/wp-json\/wp\/v2\/categories?post=1804"},{"taxonomy":"post_tag","embeddable":true,"href":"https:\/\/senhorafrutta.com.br\/index.php\/wp-json\/wp\/v2\/tags?post=1804"}],"curies":[{"name":"wp","href":"https:\/\/api.w.org\/{rel}","templated":true}]}}