{"id":1754,"date":"2024-08-31T20:02:00","date_gmt":"2024-08-31T20:02:00","guid":{"rendered":"https:\/\/senhorafrutta.com.br\/index.php\/2024\/08\/31\/sistemas-integrados-cana-graos-potencializam-a-pegada-de-carbono-favoravel-dos-graos\/"},"modified":"2024-08-31T20:02:00","modified_gmt":"2024-08-31T20:02:00","slug":"sistemas-integrados-cana-graos-potencializam-a-pegada-de-carbono-favoravel-dos-graos","status":"publish","type":"post","link":"https:\/\/senhorafrutta.com.br\/index.php\/2024\/08\/31\/sistemas-integrados-cana-graos-potencializam-a-pegada-de-carbono-favoravel-dos-graos\/","title":{"rendered":"Sistemas integrados cana-gr\u00e3os potencializam a pegada de carbono favor\u00e1vel dos gr\u00e3os"},"content":{"rendered":"<div>Foto: Segundo Urquiaga<\/div>\n<p>Na \u00faltima ter\u00e7a-feira (27), ocorreu a 5\u00aa Reuni\u00e3o do Grupo Fitot\u00e9cnico IAC, no audit\u00f3rio principal do Centro de Cana IAC em Ribeir\u00e3o Preto-SP. O evento contou com a participa\u00e7\u00e3o de especialistas e representantes do setor sucroenerg\u00e9tico, que discutiram temas relacionados \u00e0 sustentabilidade e inova\u00e7\u00e3o na agricultura.<\/p>\n<p><em>Confira na palma da m\u00e3o informa\u00e7\u00f5es quentes sobre agricultura, pecu\u00e1ria, economia e previs\u00e3o do tempo:<\/em><a href=\"https:\/\/www.whatsapp.com\/channel\/0029Va9VnZxGk1FplZjiW43k\"><em> <\/em><strong>siga o Canal Rural no WhatsApp<\/strong><\/a>!<\/p>\n<p>Marcos Landell, coordenador do Grupo Fitot\u00e9cnico IAC, abriu o evento, destacando a import\u00e2ncia dos sistemas integrados de produ\u00e7\u00e3o, que combinam o cultivo de cana-de-a\u00e7\u00facar com <a href=\"https:\/\/www.canalrural.com.br\/tag\/graos\/\">gr\u00e3os<\/a>, como soja e amendoim, para potencializar uma pegada de carbono mais favor\u00e1vel dos gr\u00e3os.<\/p>\n<h2 class=\"wp-block-heading\"><strong>Vantagens ambientais e econ\u00f4micas da integra\u00e7\u00e3o cana-gr\u00e3os<\/strong><\/h2>\n<p>Nilza Patr\u00edcia Ramos, pesquisadora da Embrapa Meio Ambiente, apresentou uma palestra sobre a contabilidade de carbono em sistemas de cana-de-a\u00e7\u00facar integrados com gr\u00e3os. Segundo Ramos, a integra\u00e7\u00e3o de culturas ocorre principalmente durante a reforma do canavial, per\u00edodo em que o solo fica livre para o cultivo de outras plantas. Ela explicou que essa pr\u00e1tica n\u00e3o s\u00f3 proporciona uma receita adicional para os produtores, reduzindo os custos da implanta\u00e7\u00e3o da cana, mas tamb\u00e9m permite o compartilhamento das emiss\u00f5es de gases de efeito estufa provenientes das opera\u00e7\u00f5es de preparo da \u00e1rea.<\/p>\n<p>\u201c<em>H\u00e1 tamb\u00e9m o potencial de entrada de carbono no solo pela perman\u00eancia dos restos culturais dos gr\u00e3os, dependendo da esp\u00e9cie plantada. A soja e o amendoim s\u00e3o duas dessas esp\u00e9cies<\/em>\u201c, destacou Ramos. A integra\u00e7\u00e3o, portanto, n\u00e3o s\u00f3 melhora o uso da terra, mas tamb\u00e9m combate as mudan\u00e7as clim\u00e1ticas ao promover um ciclo de carbono mais sustent\u00e1vel.<\/p>\n<h2 class=\"wp-block-heading\"><strong>Outros temas discutidos no evento<\/strong><\/h2>\n<p>O evento tamb\u00e9m incluiu palestras sobre os benef\u00edcios da inclus\u00e3o do amendoim na reforma da cana-de-a\u00e7\u00facar, com Jos\u00e9 Rossato, presidente da C\u00e2mara Setorial do Amendoim, e sobre solu\u00e7\u00f5es para o per\u00edodo vegetativo da cana, apresentadas por Aim\u00eae Seleghim, especialista em cana-de-a\u00e7\u00facar da Stoller, que falou sobre o Programa Promova ND.<\/p>\n<p>Representantes de v\u00e1rias usinas, incluindo Usinas Santa Ad\u00e9lia, Nardini Agroindustrial, MGC Agroindustrial, Usina Cerrad\u00e3o, Grupo Alta Mogiana, e do sindicato rural de Jaboticabal, compartilharam suas experi\u00eancias com a reforma de gr\u00e3os, enfatizando as pr\u00e1ticas bem-sucedidas e os desafios enfrentados.<\/p>\n<h2 class=\"wp-block-heading\"><strong>Campanha beneficente e participa\u00e7\u00e3o<\/strong><\/h2>\n<p>Al\u00e9m das discuss\u00f5es t\u00e9cnicas, o evento tamb\u00e9m teve um car\u00e1ter solid\u00e1rio. O coordenador do Grupo Fitot\u00e9cnico IAC solicitou a doa\u00e7\u00e3o de 1 kg de alimento n\u00e3o perec\u00edvel como parte de uma campanha beneficente. As doa\u00e7\u00f5es ser\u00e3o enviadas para institui\u00e7\u00f5es de caridade, fortalecendo o compromisso do setor agr\u00edcola com a responsabilidade social.<\/p>\n<p>As inscri\u00e7\u00f5es para o evento foram realizadas pelo <a href=\"https:\/\/grupofitotecnicodecana.com.br\/\">site oficial do Grupo Fitot\u00e9cnico de Cana<\/a>, e os organizadores esperam que as pr\u00e1ticas discutidas contribuam para um setor mais sustent\u00e1vel e eficiente.<\/p>\n<p>O post <a href=\"https:\/\/www.canalrural.com.br\/agricultura\/sistemas-integrados-cana-graos-potencializam-a-pegada-de-carbono-favoravel-dos-graos\/\">Sistemas integrados cana-gr\u00e3os potencializam a pegada de carbono favor\u00e1vel dos gr\u00e3os<\/a> apareceu primeiro em <a href=\"https:\/\/www.canalrural.com.br\/\">Canal Rural<\/a>.<\/p>","protected":false},"excerpt":{"rendered":"<p>Foto: Segundo Urquiaga Na \u00faltima ter\u00e7a-feira (27), ocorreu a 5\u00aa Reuni\u00e3o do Grupo Fitot\u00e9cnico IAC, no audit\u00f3rio principal do Centro de Cana IAC em Ribeir\u00e3o Preto-SP. O evento contou com a participa\u00e7\u00e3o de especialistas e representantes do setor sucroenerg\u00e9tico, que discutiram temas relacionados \u00e0 sustentabilidade e inova\u00e7\u00e3o na agricultura. Confira na palma da m\u00e3o informa\u00e7\u00f5es quentes sobre agricultura, pecu\u00e1ria, economia e previs\u00e3o do tempo: siga o Canal Rural no WhatsApp! Marcos Landell, coordenador do Grupo Fitot\u00e9cnico IAC, abriu o evento, destacando a import\u00e2ncia dos sistemas integrados de produ\u00e7\u00e3o, que combinam o cultivo de cana-de-a\u00e7\u00facar com gr\u00e3os, como soja e amendoim, para potencializar uma pegada de carbono mais favor\u00e1vel dos gr\u00e3os. Vantagens ambientais e econ\u00f4micas da integra\u00e7\u00e3o cana-gr\u00e3os Nilza Patr\u00edcia Ramos, pesquisadora da Embrapa Meio Ambiente, apresentou uma palestra sobre a contabilidade de carbono em sistemas de cana-de-a\u00e7\u00facar integrados com gr\u00e3os. Segundo Ramos, a integra\u00e7\u00e3o de culturas ocorre principalmente durante a reforma do canavial, per\u00edodo em que o solo fica livre para o cultivo de outras plantas. Ela explicou que essa pr\u00e1tica n\u00e3o s\u00f3 proporciona uma receita adicional para os produtores, reduzindo os custos da implanta\u00e7\u00e3o da cana, mas tamb\u00e9m permite o compartilhamento das emiss\u00f5es de gases de efeito estufa provenientes das opera\u00e7\u00f5es de preparo da \u00e1rea. \u201cH\u00e1 tamb\u00e9m o potencial de entrada de carbono no solo pela perman\u00eancia dos restos culturais dos gr\u00e3os, dependendo da esp\u00e9cie plantada. A soja e o amendoim s\u00e3o duas dessas esp\u00e9cies\u201c, destacou Ramos. A integra\u00e7\u00e3o, portanto, n\u00e3o s\u00f3 melhora o uso da terra, mas tamb\u00e9m combate as mudan\u00e7as clim\u00e1ticas ao promover um ciclo de carbono mais sustent\u00e1vel. Outros temas discutidos no evento O evento tamb\u00e9m incluiu palestras sobre os benef\u00edcios da inclus\u00e3o do amendoim na reforma da cana-de-a\u00e7\u00facar, com Jos\u00e9 Rossato, presidente da C\u00e2mara Setorial do Amendoim, e sobre solu\u00e7\u00f5es para o per\u00edodo vegetativo da cana, apresentadas por Aim\u00eae Seleghim, especialista em cana-de-a\u00e7\u00facar da Stoller, que falou sobre o Programa Promova ND. Representantes de v\u00e1rias usinas, incluindo Usinas Santa Ad\u00e9lia, Nardini Agroindustrial, MGC Agroindustrial, Usina Cerrad\u00e3o, Grupo Alta Mogiana, e do sindicato rural de Jaboticabal, compartilharam suas experi\u00eancias com a reforma de gr\u00e3os, enfatizando as pr\u00e1ticas bem-sucedidas e os desafios enfrentados. Campanha beneficente e participa\u00e7\u00e3o Al\u00e9m das discuss\u00f5es t\u00e9cnicas, o evento tamb\u00e9m teve um car\u00e1ter solid\u00e1rio. O coordenador do Grupo Fitot\u00e9cnico IAC solicitou a doa\u00e7\u00e3o de 1 kg de alimento n\u00e3o perec\u00edvel como parte de uma campanha beneficente. As doa\u00e7\u00f5es ser\u00e3o enviadas para institui\u00e7\u00f5es de caridade, fortalecendo o compromisso do setor agr\u00edcola com a responsabilidade social. As inscri\u00e7\u00f5es para o evento foram realizadas pelo site oficial do Grupo Fitot\u00e9cnico de Cana, e os organizadores esperam que as pr\u00e1ticas discutidas contribuam para um setor mais sustent\u00e1vel e eficiente. O post Sistemas integrados cana-gr\u00e3os potencializam a pegada de carbono favor\u00e1vel dos gr\u00e3os apareceu primeiro em Canal Rural.<\/p>\n","protected":false},"author":0,"featured_media":1755,"comment_status":"open","ping_status":"open","sticky":false,"template":"","format":"standard","meta":{"_monsterinsights_skip_tracking":false,"_monsterinsights_sitenote_active":false,"_monsterinsights_sitenote_note":"","_monsterinsights_sitenote_category":0,"footnotes":""},"categories":[1],"tags":[],"class_list":["post-1754","post","type-post","status-publish","format-standard","has-post-thumbnail","hentry","category-agronegocio"],"_links":{"self":[{"href":"https:\/\/senhorafrutta.com.br\/index.php\/wp-json\/wp\/v2\/posts\/1754","targetHints":{"allow":["GET"]}}],"collection":[{"href":"https:\/\/senhorafrutta.com.br\/index.php\/wp-json\/wp\/v2\/posts"}],"about":[{"href":"https:\/\/senhorafrutta.com.br\/index.php\/wp-json\/wp\/v2\/types\/post"}],"replies":[{"embeddable":true,"href":"https:\/\/senhorafrutta.com.br\/index.php\/wp-json\/wp\/v2\/comments?post=1754"}],"version-history":[{"count":0,"href":"https:\/\/senhorafrutta.com.br\/index.php\/wp-json\/wp\/v2\/posts\/1754\/revisions"}],"wp:featuredmedia":[{"embeddable":true,"href":"https:\/\/senhorafrutta.com.br\/index.php\/wp-json\/wp\/v2\/media\/1755"}],"wp:attachment":[{"href":"https:\/\/senhorafrutta.com.br\/index.php\/wp-json\/wp\/v2\/media?parent=1754"}],"wp:term":[{"taxonomy":"category","embeddable":true,"href":"https:\/\/senhorafrutta.com.br\/index.php\/wp-json\/wp\/v2\/categories?post=1754"},{"taxonomy":"post_tag","embeddable":true,"href":"https:\/\/senhorafrutta.com.br\/index.php\/wp-json\/wp\/v2\/tags?post=1754"}],"curies":[{"name":"wp","href":"https:\/\/api.w.org\/{rel}","templated":true}]}}