{"id":1736,"date":"2024-08-30T15:57:31","date_gmt":"2024-08-30T15:57:31","guid":{"rendered":"https:\/\/senhorafrutta.com.br\/index.php\/2024\/08\/30\/setor-agricola-demitiu-365-mil-pessoas-em-um-ano-diz-ibge\/"},"modified":"2024-08-30T15:57:31","modified_gmt":"2024-08-30T15:57:31","slug":"setor-agricola-demitiu-365-mil-pessoas-em-um-ano-diz-ibge","status":"publish","type":"post","link":"https:\/\/senhorafrutta.com.br\/index.php\/2024\/08\/30\/setor-agricola-demitiu-365-mil-pessoas-em-um-ano-diz-ibge\/","title":{"rendered":"Setor agr\u00edcola demitiu 365 mil pessoas em um ano, diz IBGE"},"content":{"rendered":"<div><\/div>\n<p>Seis das dez atividades econ\u00f4micas registraram contrata\u00e7\u00f5es no trimestre encerrado em julho, segundo os dados da Pesquisa Nacional por Amostra de Domic\u00edlios Cont\u00ednua <strong><a href=\"https:\/\/www.ibge.gov.br\/estatisticas\/sociais\/trabalho\/17270-pnad-continua.html\">(Pnad Cont\u00ednua)<\/a><\/strong>, divulgados nesta sexta-feira (30), pelo Instituto Brasileiro de Geografia e Estat\u00edstica (IBGE).<\/p>\n<p><em>Confira na palma da m\u00e3o informa\u00e7\u00f5es quentes sobre agricultura, pecu\u00e1ria, economia e previs\u00e3o do tempo:<\/em><a href=\"https:\/\/www.whatsapp.com\/channel\/0029Va9VnZxGk1FplZjiW43k\"><em>\u00a0<\/em><strong>siga o Canal Rural no WhatsApp<\/strong><\/a>!<\/p>\n<p>Contudo, na passagem do trimestre terminado em abril para o encerrado em julho, houve demiss\u00f5es na <strong><a href=\"https:\/\/www.canalrural.com.br\/agricultura\/\">agricultura<\/a><\/strong>, pecu\u00e1ria e aquicultura, com 23 mil demiss\u00f5es. J\u00e1 em rela\u00e7\u00e3o ao patamar de um ano antes, o corte na agricultura \u00e9 bem maior: dispensa de <strong>365 mil pessoas<\/strong>.<\/p>\n<p>Al\u00e9m disso, os setores de transporte e armazenagem, menos 48 mil vagas; servi\u00e7os dom\u00e9sticos, menos 29 mil; ind\u00fastria, menos 46 mil, tamb\u00e9m reduziram os seus quadros.<\/p>\n<h2 class=\"wp-block-heading\">Postos de trabalho, conforme IBGE<\/h2>\n<p>Houve gera\u00e7\u00e3o de postos de trabalho em informa\u00e7\u00e3o, comunica\u00e7\u00e3o e atividades financeiras, profissionais e administrativas (199 mil), com\u00e9rcio (368 mil), administra\u00e7\u00e3o p\u00fablica, defesa, seguridade social, educa\u00e7\u00e3o, sa\u00fade humana e servi\u00e7os sociais (584 mil), constru\u00e7\u00e3o (90 mil), outros servi\u00e7os (93 mil) e alojamento e alimenta\u00e7\u00e3o (48 mil).<\/p>\n<p>Em compara\u00e7\u00e3o a um ano antes, a Pnad do IBGE aponta que houve contrata\u00e7\u00f5es nas seguintes atividades:<\/p>\n<p>Com\u00e9rcio (482 mil);<\/p>\n<p>Ind\u00fastria (211 mil);<\/p>\n<p>Administra\u00e7\u00e3o p\u00fablica, defesa, seguridade social, educa\u00e7\u00e3o, sa\u00fade humana e servi\u00e7os sociais (654 mil trabalhadores a mais);<\/p>\n<p>Alojamento e alimenta\u00e7\u00e3o (83 mil);<\/p>\n<p>Constru\u00e7\u00e3o (338 mil pessoas);<\/p>\n<p>Outros servi\u00e7os (284 mil);<\/p>\n<p>Informa\u00e7\u00e3o, comunica\u00e7\u00e3o e atividades financeiras (682 mil); e<\/p>\n<p>Transporte (352 mil) <\/p>\n<p>Servi\u00e7os dom\u00e9sticos (27 mil).<\/p>\n<p>O post <a href=\"https:\/\/www.canalrural.com.br\/economia\/setor-agricola-demitiu-365-mil-pessoas-em-um-ano-diz-ibge\/\">Setor agr\u00edcola demitiu 365 mil pessoas em um ano, diz IBGE<\/a> apareceu primeiro em <a href=\"https:\/\/www.canalrural.com.br\/\">Canal Rural<\/a>.<\/p>","protected":false},"excerpt":{"rendered":"<p>Seis das dez atividades econ\u00f4micas registraram contrata\u00e7\u00f5es no trimestre encerrado em julho, segundo os dados da Pesquisa Nacional por Amostra de Domic\u00edlios Cont\u00ednua (Pnad Cont\u00ednua), divulgados nesta sexta-feira (30), pelo Instituto Brasileiro de Geografia e Estat\u00edstica (IBGE). Confira na palma da m\u00e3o informa\u00e7\u00f5es quentes sobre agricultura, pecu\u00e1ria, economia e previs\u00e3o do tempo:\u00a0siga o Canal Rural no WhatsApp! Contudo, na passagem do trimestre terminado em abril para o encerrado em julho, houve demiss\u00f5es na agricultura, pecu\u00e1ria e aquicultura, com 23 mil demiss\u00f5es. J\u00e1 em rela\u00e7\u00e3o ao patamar de um ano antes, o corte na agricultura \u00e9 bem maior: dispensa de 365 mil pessoas. Al\u00e9m disso, os setores de transporte e armazenagem, menos 48 mil vagas; servi\u00e7os dom\u00e9sticos, menos 29 mil; ind\u00fastria, menos 46 mil, tamb\u00e9m reduziram os seus quadros. Postos de trabalho, conforme IBGE Houve gera\u00e7\u00e3o de postos de trabalho em informa\u00e7\u00e3o, comunica\u00e7\u00e3o e atividades financeiras, profissionais e administrativas (199 mil), com\u00e9rcio (368 mil), administra\u00e7\u00e3o p\u00fablica, defesa, seguridade social, educa\u00e7\u00e3o, sa\u00fade humana e servi\u00e7os sociais (584 mil), constru\u00e7\u00e3o (90 mil), outros servi\u00e7os (93 mil) e alojamento e alimenta\u00e7\u00e3o (48 mil). Em compara\u00e7\u00e3o a um ano antes, a Pnad do IBGE aponta que houve contrata\u00e7\u00f5es nas seguintes atividades: Com\u00e9rcio (482 mil); Ind\u00fastria (211 mil); Administra\u00e7\u00e3o p\u00fablica, defesa, seguridade social, educa\u00e7\u00e3o, sa\u00fade humana e servi\u00e7os sociais (654 mil trabalhadores a mais); Alojamento e alimenta\u00e7\u00e3o (83 mil); Constru\u00e7\u00e3o (338 mil pessoas); Outros servi\u00e7os (284 mil); Informa\u00e7\u00e3o, comunica\u00e7\u00e3o e atividades financeiras (682 mil); e Transporte (352 mil) Servi\u00e7os dom\u00e9sticos (27 mil). O post Setor agr\u00edcola demitiu 365 mil pessoas em um ano, diz IBGE apareceu primeiro em Canal Rural.<\/p>\n","protected":false},"author":0,"featured_media":1737,"comment_status":"open","ping_status":"open","sticky":false,"template":"","format":"standard","meta":{"_monsterinsights_skip_tracking":false,"_monsterinsights_sitenote_active":false,"_monsterinsights_sitenote_note":"","_monsterinsights_sitenote_category":0,"footnotes":""},"categories":[1],"tags":[],"class_list":["post-1736","post","type-post","status-publish","format-standard","has-post-thumbnail","hentry","category-agronegocio"],"_links":{"self":[{"href":"https:\/\/senhorafrutta.com.br\/index.php\/wp-json\/wp\/v2\/posts\/1736","targetHints":{"allow":["GET"]}}],"collection":[{"href":"https:\/\/senhorafrutta.com.br\/index.php\/wp-json\/wp\/v2\/posts"}],"about":[{"href":"https:\/\/senhorafrutta.com.br\/index.php\/wp-json\/wp\/v2\/types\/post"}],"replies":[{"embeddable":true,"href":"https:\/\/senhorafrutta.com.br\/index.php\/wp-json\/wp\/v2\/comments?post=1736"}],"version-history":[{"count":0,"href":"https:\/\/senhorafrutta.com.br\/index.php\/wp-json\/wp\/v2\/posts\/1736\/revisions"}],"wp:featuredmedia":[{"embeddable":true,"href":"https:\/\/senhorafrutta.com.br\/index.php\/wp-json\/wp\/v2\/media\/1737"}],"wp:attachment":[{"href":"https:\/\/senhorafrutta.com.br\/index.php\/wp-json\/wp\/v2\/media?parent=1736"}],"wp:term":[{"taxonomy":"category","embeddable":true,"href":"https:\/\/senhorafrutta.com.br\/index.php\/wp-json\/wp\/v2\/categories?post=1736"},{"taxonomy":"post_tag","embeddable":true,"href":"https:\/\/senhorafrutta.com.br\/index.php\/wp-json\/wp\/v2\/tags?post=1736"}],"curies":[{"name":"wp","href":"https:\/\/api.w.org\/{rel}","templated":true}]}}