{"id":1708,"date":"2024-08-29T18:41:26","date_gmt":"2024-08-29T18:41:26","guid":{"rendered":"https:\/\/senhorafrutta.com.br\/index.php\/2024\/08\/29\/semana-termina-com-alerta-para-nevoeiro-confira-a-previsao-do-tempo-de-amanha\/"},"modified":"2024-08-29T18:41:26","modified_gmt":"2024-08-29T18:41:26","slug":"semana-termina-com-alerta-para-nevoeiro-confira-a-previsao-do-tempo-de-amanha","status":"publish","type":"post","link":"https:\/\/senhorafrutta.com.br\/index.php\/2024\/08\/29\/semana-termina-com-alerta-para-nevoeiro-confira-a-previsao-do-tempo-de-amanha\/","title":{"rendered":"Semana termina com alerta para nevoeiro; confira a previs\u00e3o do tempo de amanh\u00e3"},"content":{"rendered":"<div>Foto: Pixabay<\/div>\n<p>Saiba como o clima ir\u00e1 se comportar nesta sexta-feira (30) em todo o Brasil:<\/p>\n<p><em>Confira na palma da m\u00e3o informa\u00e7\u00f5es quentes sobre agricultura, pecu\u00e1ria, economia e previs\u00e3o do tempo:<\/em><a href=\"https:\/\/www.whatsapp.com\/channel\/0029Va9VnZxGk1FplZjiW43k\"><em> <\/em><strong>siga o Canal Rural no WhatsApp<\/strong><\/a>!<\/p>\n<h2 class=\"wp-block-heading\">Sul<\/h2>\n<p>O tempo seguir\u00e1 firme entre o norte do Paran\u00e1 e o centro do <a href=\"https:\/\/www.canalrural.com.br\/tag\/rio-grande-do-sul\/\">Rio Grande do Sul<\/a>. H\u00e1 previs\u00e3o de nevoeiro na faixa central do Paran\u00e1 e no litoral sul do Paran\u00e1, al\u00e9m do norte de Santa Catarina. Destaque para tempo inst\u00e1vel ao longo do dia na faixa oeste, Campanha e sul do Rio Grande do Sul, com alerta para temporais na faixa do extremo sul, divisa com o Uruguai.<\/p>\n<h2 class=\"wp-block-heading\"><strong>Sudeste<\/strong><\/h2>\n<p>Tempo firme para os tr\u00eas estados da regi\u00e3o. H\u00e1 previs\u00e3o de nevoeiro na faixa leste do estado de S\u00e3o Paulo. Al\u00e9m disso, destaque para a umidade relativa do ar abaixo de trinta por cento no interior paulista e mineiro.<\/p>\n<h2 class=\"wp-block-heading\"><strong>Centro-Oeste<\/strong><\/h2>\n<p>Tempo firme nos quatro estados ao longo do dia. As temperaturas se elevam um pouco mais em compara\u00e7\u00e3o aos \u00faltimos dias, com destaque para a umidade relativa do ar, que seguir\u00e1 abaixo de trinta por cento na maior parte das regi\u00f5es, com algumas \u00e1reas caindo abaixo de vinte por cento.<\/p>\n<h2 class=\"wp-block-heading\"><strong>Nordeste<\/strong><\/h2>\n<p>Tempo inst\u00e1vel na faixa litor\u00e2nea ao longo da sexta-feira, com destaque para a faixa entre o leste do Rio Grande do Norte e o sul da Bahia, onde h\u00e1 previs\u00e3o de pancadas de chuva. Na capital Salvador, a chuva ser\u00e1 de moderada a forte intensidade ao longo do dia. No interior, o tempo seguir\u00e1 seco, com umidade relativa do ar caindo abaixo de vinte por cento entre o centro-sul do Maranh\u00e3o e o oeste da Bahia.<\/p>\n<h2 class=\"wp-block-heading\"><strong>Norte<\/strong><\/h2>\n<p>Tempo seco na maior parte da regi\u00e3o Norte. As temperaturas seguem elevadas. H\u00e1 previs\u00e3o de chuva na faixa oeste do Amazonas, em Roraima, no noroeste do Par\u00e1 e no Amap\u00e1. A chuva ser\u00e1 de moderada a forte intensidade ao longo do dia, com alerta para temporais na faixa oeste do Amazonas.<\/p>\n<p>O post <a href=\"https:\/\/www.canalrural.com.br\/tempo\/semana-termina-com-alerta-para-nevoeiro-confira-a-previsao-do-tempo-de-amanha\/\">Semana termina com alerta para nevoeiro; confira a previs\u00e3o do tempo de amanh\u00e3<\/a> apareceu primeiro em <a href=\"https:\/\/www.canalrural.com.br\/\">Canal Rural<\/a>.<\/p>","protected":false},"excerpt":{"rendered":"<p>Foto: Pixabay Saiba como o clima ir\u00e1 se comportar nesta sexta-feira (30) em todo o Brasil: Confira na palma da m\u00e3o informa\u00e7\u00f5es quentes sobre agricultura, pecu\u00e1ria, economia e previs\u00e3o do tempo: siga o Canal Rural no WhatsApp! Sul O tempo seguir\u00e1 firme entre o norte do Paran\u00e1 e o centro do Rio Grande do Sul. H\u00e1 previs\u00e3o de nevoeiro na faixa central do Paran\u00e1 e no litoral sul do Paran\u00e1, al\u00e9m do norte de Santa Catarina. Destaque para tempo inst\u00e1vel ao longo do dia na faixa oeste, Campanha e sul do Rio Grande do Sul, com alerta para temporais na faixa do extremo sul, divisa com o Uruguai. Sudeste Tempo firme para os tr\u00eas estados da regi\u00e3o. H\u00e1 previs\u00e3o de nevoeiro na faixa leste do estado de S\u00e3o Paulo. Al\u00e9m disso, destaque para a umidade relativa do ar abaixo de trinta por cento no interior paulista e mineiro. Centro-Oeste Tempo firme nos quatro estados ao longo do dia. As temperaturas se elevam um pouco mais em compara\u00e7\u00e3o aos \u00faltimos dias, com destaque para a umidade relativa do ar, que seguir\u00e1 abaixo de trinta por cento na maior parte das regi\u00f5es, com algumas \u00e1reas caindo abaixo de vinte por cento. Nordeste Tempo inst\u00e1vel na faixa litor\u00e2nea ao longo da sexta-feira, com destaque para a faixa entre o leste do Rio Grande do Norte e o sul da Bahia, onde h\u00e1 previs\u00e3o de pancadas de chuva. Na capital Salvador, a chuva ser\u00e1 de moderada a forte intensidade ao longo do dia. No interior, o tempo seguir\u00e1 seco, com umidade relativa do ar caindo abaixo de vinte por cento entre o centro-sul do Maranh\u00e3o e o oeste da Bahia. Norte Tempo seco na maior parte da regi\u00e3o Norte. As temperaturas seguem elevadas. H\u00e1 previs\u00e3o de chuva na faixa oeste do Amazonas, em Roraima, no noroeste do Par\u00e1 e no Amap\u00e1. A chuva ser\u00e1 de moderada a forte intensidade ao longo do dia, com alerta para temporais na faixa oeste do Amazonas. O post Semana termina com alerta para nevoeiro; confira a previs\u00e3o do tempo de amanh\u00e3 apareceu primeiro em Canal Rural.<\/p>\n","protected":false},"author":0,"featured_media":1709,"comment_status":"open","ping_status":"open","sticky":false,"template":"","format":"standard","meta":{"_monsterinsights_skip_tracking":false,"_monsterinsights_sitenote_active":false,"_monsterinsights_sitenote_note":"","_monsterinsights_sitenote_category":0,"footnotes":""},"categories":[1],"tags":[],"class_list":["post-1708","post","type-post","status-publish","format-standard","has-post-thumbnail","hentry","category-agronegocio"],"_links":{"self":[{"href":"https:\/\/senhorafrutta.com.br\/index.php\/wp-json\/wp\/v2\/posts\/1708","targetHints":{"allow":["GET"]}}],"collection":[{"href":"https:\/\/senhorafrutta.com.br\/index.php\/wp-json\/wp\/v2\/posts"}],"about":[{"href":"https:\/\/senhorafrutta.com.br\/index.php\/wp-json\/wp\/v2\/types\/post"}],"replies":[{"embeddable":true,"href":"https:\/\/senhorafrutta.com.br\/index.php\/wp-json\/wp\/v2\/comments?post=1708"}],"version-history":[{"count":0,"href":"https:\/\/senhorafrutta.com.br\/index.php\/wp-json\/wp\/v2\/posts\/1708\/revisions"}],"wp:featuredmedia":[{"embeddable":true,"href":"https:\/\/senhorafrutta.com.br\/index.php\/wp-json\/wp\/v2\/media\/1709"}],"wp:attachment":[{"href":"https:\/\/senhorafrutta.com.br\/index.php\/wp-json\/wp\/v2\/media?parent=1708"}],"wp:term":[{"taxonomy":"category","embeddable":true,"href":"https:\/\/senhorafrutta.com.br\/index.php\/wp-json\/wp\/v2\/categories?post=1708"},{"taxonomy":"post_tag","embeddable":true,"href":"https:\/\/senhorafrutta.com.br\/index.php\/wp-json\/wp\/v2\/tags?post=1708"}],"curies":[{"name":"wp","href":"https:\/\/api.w.org\/{rel}","templated":true}]}}