{"id":1704,"date":"2024-08-29T20:34:48","date_gmt":"2024-08-29T20:34:48","guid":{"rendered":"https:\/\/senhorafrutta.com.br\/index.php\/2024\/08\/29\/geadas-nao-prejudicaram-o-trigo-gaucho-diz-emater-rs\/"},"modified":"2024-08-29T20:34:48","modified_gmt":"2024-08-29T20:34:48","slug":"geadas-nao-prejudicaram-o-trigo-gaucho-diz-emater-rs","status":"publish","type":"post","link":"https:\/\/senhorafrutta.com.br\/index.php\/2024\/08\/29\/geadas-nao-prejudicaram-o-trigo-gaucho-diz-emater-rs\/","title":{"rendered":"Geadas n\u00e3o prejudicaram o trigo ga\u00facho, diz Emater-RS"},"content":{"rendered":"<div>Foto: Sindicato Rural de Guarapuava-PR\/ Divulga\u00e7\u00e3o<\/div>\n<p>O desenvolvimento do trigo no Rio Grande do Sul foi beneficiado com a reposi\u00e7\u00e3o de umidade no solo gra\u00e7as \u00e0s chuvas ocorridas nos dias 22 e 23 de agosto, conforme o boletim semanal da <strong><a href=\"https:\/\/www.emater.tche.br\/site\/index.php\">Emater-RS<\/a><\/strong>. <\/p>\n<p><em>Confira na palma da m\u00e3o informa\u00e7\u00f5es quentes sobre agricultura, pecu\u00e1ria, economia e previs\u00e3o do tempo:<\/em><a href=\"https:\/\/www.whatsapp.com\/channel\/0029Va9VnZxGk1FplZjiW43k\"><em>\u00a0<\/em><strong>siga o Canal Rural no WhatsApp<\/strong><\/a>!<\/p>\n<p>Al\u00e9m disso, a situa\u00e7\u00e3o viabilizou a aplica\u00e7\u00e3o de aduba\u00e7\u00e3o nitrogenada em cobertura. Atualmente, 76% das lavouras est\u00e3o em desenvolvimento vegetativo, 20% em flora\u00e7\u00e3o e 4% em enchimento de gr\u00e3os.<\/p>\n<h2 class=\"wp-block-heading\">Geada n\u00e3o prejudicou<\/h2>\n<p><strong><a href=\"https:\/\/www.canalrural.com.br\/tempo\/onda-de-calor-vai-trazer-clima-de-deserto-ao-brasil-mas-ja-tem-nova-frente-fria-no-radar\/\">A massa de ar frio<\/a><\/strong> subsequente, especialmente a partir do dia 25, causou a forma\u00e7\u00e3o de geadas de intensidade vari\u00e1vel, relata o \u00f3rg\u00e3o. <\/p>\n<p>Contudo, a avalia\u00e7\u00e3o inicial dos t\u00e9cnicos indica que a maioria das lavouras n\u00e3o sofreu preju\u00edzos, exceto em algumas \u00e1reas de baixada, onde a intensidade do fen\u00f4meno foi maior e as plantas estavam em est\u00e1gios reprodutivos. <\/p>\n<p>Uma an\u00e1lise mais detalhada de poss\u00edveis perdas ser\u00e1 realizada, durante a pr\u00f3xima semana, por meio de vistorias t\u00e9cnicas. <\/p>\n<p>De acordo com a Emater-RS, at\u00e9 o momento, o aspecto geral do trigo no estado \u00e9 considerado satisfat\u00f3rio, e as perspectivas de produtividade permanecem favor\u00e1veis, desde que se mantenham os per\u00edodos de tempo firme alternados com chuvas regulares. <\/p>\n<h2 class=\"wp-block-heading\">Monitoramento de doen\u00e7as e pragas<\/h2>\n<p>Em termos fitossanit\u00e1rios, os produtores est\u00e3o ativamente monitorando as lavouras em est\u00e1gios mais avan\u00e7ados e realizando o controle de pragas e doen\u00e7as, como o\u00eddio, manchas foliares, ferrugem e giberela. <\/p>\n<p>Segundo os t\u00e9cnicos agr\u00edcolas do \u00f3rg\u00e3o, o o\u00eddio tem sido a doen\u00e7a mais incidente at\u00e9 o momento, exigindo maior aten\u00e7\u00e3o ao controle.<\/p>\n<p>A \u00e1rea cultivada com trigo \u00e9 de 1.312.488 hectares e a produtividade prevista est\u00e1 em 3.100 kg por hectare.<\/p>\n<p>O post <a href=\"https:\/\/www.canalrural.com.br\/agricultura\/geadas-nao-prejudicaram-o-trigo-gaucho-diz-emater-rs\/\">Geadas n\u00e3o prejudicaram o trigo ga\u00facho, diz Emater-RS<\/a> apareceu primeiro em <a href=\"https:\/\/www.canalrural.com.br\/\">Canal Rural<\/a>.<\/p>","protected":false},"excerpt":{"rendered":"<p>Foto: Sindicato Rural de Guarapuava-PR\/ Divulga\u00e7\u00e3o O desenvolvimento do trigo no Rio Grande do Sul foi beneficiado com a reposi\u00e7\u00e3o de umidade no solo gra\u00e7as \u00e0s chuvas ocorridas nos dias 22 e 23 de agosto, conforme o boletim semanal da Emater-RS. Confira na palma da m\u00e3o informa\u00e7\u00f5es quentes sobre agricultura, pecu\u00e1ria, economia e previs\u00e3o do tempo:\u00a0siga o Canal Rural no WhatsApp! Al\u00e9m disso, a situa\u00e7\u00e3o viabilizou a aplica\u00e7\u00e3o de aduba\u00e7\u00e3o nitrogenada em cobertura. Atualmente, 76% das lavouras est\u00e3o em desenvolvimento vegetativo, 20% em flora\u00e7\u00e3o e 4% em enchimento de gr\u00e3os. Geada n\u00e3o prejudicou A massa de ar frio subsequente, especialmente a partir do dia 25, causou a forma\u00e7\u00e3o de geadas de intensidade vari\u00e1vel, relata o \u00f3rg\u00e3o. Contudo, a avalia\u00e7\u00e3o inicial dos t\u00e9cnicos indica que a maioria das lavouras n\u00e3o sofreu preju\u00edzos, exceto em algumas \u00e1reas de baixada, onde a intensidade do fen\u00f4meno foi maior e as plantas estavam em est\u00e1gios reprodutivos. Uma an\u00e1lise mais detalhada de poss\u00edveis perdas ser\u00e1 realizada, durante a pr\u00f3xima semana, por meio de vistorias t\u00e9cnicas. De acordo com a Emater-RS, at\u00e9 o momento, o aspecto geral do trigo no estado \u00e9 considerado satisfat\u00f3rio, e as perspectivas de produtividade permanecem favor\u00e1veis, desde que se mantenham os per\u00edodos de tempo firme alternados com chuvas regulares. Monitoramento de doen\u00e7as e pragas Em termos fitossanit\u00e1rios, os produtores est\u00e3o ativamente monitorando as lavouras em est\u00e1gios mais avan\u00e7ados e realizando o controle de pragas e doen\u00e7as, como o\u00eddio, manchas foliares, ferrugem e giberela. Segundo os t\u00e9cnicos agr\u00edcolas do \u00f3rg\u00e3o, o o\u00eddio tem sido a doen\u00e7a mais incidente at\u00e9 o momento, exigindo maior aten\u00e7\u00e3o ao controle. A \u00e1rea cultivada com trigo \u00e9 de 1.312.488 hectares e a produtividade prevista est\u00e1 em 3.100 kg por hectare. O post Geadas n\u00e3o prejudicaram o trigo ga\u00facho, diz Emater-RS apareceu primeiro em Canal Rural.<\/p>\n","protected":false},"author":0,"featured_media":1705,"comment_status":"open","ping_status":"open","sticky":false,"template":"","format":"standard","meta":{"_monsterinsights_skip_tracking":false,"_monsterinsights_sitenote_active":false,"_monsterinsights_sitenote_note":"","_monsterinsights_sitenote_category":0,"footnotes":""},"categories":[1],"tags":[],"class_list":["post-1704","post","type-post","status-publish","format-standard","has-post-thumbnail","hentry","category-agronegocio"],"_links":{"self":[{"href":"https:\/\/senhorafrutta.com.br\/index.php\/wp-json\/wp\/v2\/posts\/1704","targetHints":{"allow":["GET"]}}],"collection":[{"href":"https:\/\/senhorafrutta.com.br\/index.php\/wp-json\/wp\/v2\/posts"}],"about":[{"href":"https:\/\/senhorafrutta.com.br\/index.php\/wp-json\/wp\/v2\/types\/post"}],"replies":[{"embeddable":true,"href":"https:\/\/senhorafrutta.com.br\/index.php\/wp-json\/wp\/v2\/comments?post=1704"}],"version-history":[{"count":0,"href":"https:\/\/senhorafrutta.com.br\/index.php\/wp-json\/wp\/v2\/posts\/1704\/revisions"}],"wp:featuredmedia":[{"embeddable":true,"href":"https:\/\/senhorafrutta.com.br\/index.php\/wp-json\/wp\/v2\/media\/1705"}],"wp:attachment":[{"href":"https:\/\/senhorafrutta.com.br\/index.php\/wp-json\/wp\/v2\/media?parent=1704"}],"wp:term":[{"taxonomy":"category","embeddable":true,"href":"https:\/\/senhorafrutta.com.br\/index.php\/wp-json\/wp\/v2\/categories?post=1704"},{"taxonomy":"post_tag","embeddable":true,"href":"https:\/\/senhorafrutta.com.br\/index.php\/wp-json\/wp\/v2\/tags?post=1704"}],"curies":[{"name":"wp","href":"https:\/\/api.w.org\/{rel}","templated":true}]}}