{"id":1694,"date":"2024-08-30T01:29:45","date_gmt":"2024-08-30T01:29:45","guid":{"rendered":"https:\/\/senhorafrutta.com.br\/index.php\/2024\/08\/30\/governo-federal-deve-anunciar-medidas-para-produtores-gauchos-nesta-sexta\/"},"modified":"2024-08-30T01:29:45","modified_gmt":"2024-08-30T01:29:45","slug":"governo-federal-deve-anunciar-medidas-para-produtores-gauchos-nesta-sexta","status":"publish","type":"post","link":"https:\/\/senhorafrutta.com.br\/index.php\/2024\/08\/30\/governo-federal-deve-anunciar-medidas-para-produtores-gauchos-nesta-sexta\/","title":{"rendered":"Governo federal deve anunciar medidas para produtores ga\u00fachos nesta sexta"},"content":{"rendered":"<div>Fotos: Canal Rural<\/div>\n<p>O Minist\u00e9rio da Agricultura e Pecu\u00e1ria <strong><a href=\"https:\/\/www.gov.br\/agricultura\/pt-br\">(Mapa)<\/a><\/strong> e entidades representativas do agroneg\u00f3cio do Rio Grande do Sul estiveram reunidos em uma reuni\u00e3o no final desta quinta-feira (29) para tratar dos \u00faltimos detalhes de an\u00fancio de medidas aos produtores ga\u00fachos impactados pela cat\u00e1strofe de maio.<\/p>\n<p>Em entrevista exclusiva ao <strong><a href=\"https:\/\/www.canalrural.com.br\/\">Canal Rural<\/a><\/strong>, o presidente das Organiza\u00e7\u00f5es Cooperativas do Rio Grande do Sul (OCERGS), Darci Hartmann, destacou que o an\u00fancio deve ser feito durante a Abertura Oficial da 47\u00aa Expointer, prevista para ocorrer as 10h desta sexta-feira (30), no Parque de Exposi\u00e7\u00f5es Assis Brasil, em Esteio (RS). <\/p>\n<p>Ap\u00f3s dizer que n\u00e3o conseguiria ir ao evento pela indisponibilidade de um voo da For\u00e7a A\u00e9rea Brasileira (FAB), o ministro Carlos F\u00e1varo voltou atr\u00e1s e destacou que estar\u00e1 presente na abertura da feira. L\u00e1, ele deve se unir ao ministro extraordin\u00e1rio da Reconstru\u00e7\u00e3o do RS, Paulo Pimenta, para anunciar as medidas.<\/p>\n<p>Estrago em recinto no RS. Foto: Canal Rural<\/p>\n<p>Conforme antecipou Hartmann, o an\u00fancio deve incluir adequa\u00e7\u00f5es na normativa que deve ser enviada ao Conselho Monet\u00e1rio Nacional (CNM) para ajustar a <strong><a href=\"https:\/\/www.congressonacional.leg.br\/materias\/medidas-provisorias\/-\/mpv\/164830#:~:text=Essa%20Medida%20Provis%C3%B3ria%20autoriza%20que,vencimento%20em%202024%20e%2C%20excepcionalmente%2C\">Medida Provis\u00f3ria 1247<\/a><\/strong> para que produtores consigam usar as resolu\u00e7\u00f5es presentes no documento para repactuar as d\u00edvidas. <\/p>\n<p>\u201cJ\u00e1 conseguimos vislumbrar no horizonte a solu\u00e7\u00e3o de boa parte das dificuldades dos produtores\u201d, completa.<\/p>\n<h2 class=\"wp-block-heading\">Outras medidas<\/h2>\n<p>Nesta quinta-feira ainda ocorreu uma reuni\u00e3o em Bras\u00edlia com bancos e institui\u00e7\u00f5es de cr\u00e9dito e minist\u00e9rios sobre o <strong><a href=\"https:\/\/www.canalrural.com.br\/economia\/congresso-aprova-projeto-para-desnegativar-empresas-e-pessoas-fisicas-do-rio-grande-do-sul\/\">seguro rural e negativa\u00e7\u00e3o<\/a><\/strong>. <\/p>\n<p>\u201cAcreditamos que at\u00e9 ter\u00e7a-feira, que \u00e9 quando essa normativa ir\u00e1 para o CNM, ainda poderemos melhor\u00e1-la muito para atender o maior n\u00famero poss\u00edvel de pend\u00eancias de produtores e tamb\u00e9m cooperativas e cerealistas\u201d, afirma o dirigente.<\/p>\n<p>O produtor rural e um dos organizadores do movimento SOS Agro RS, Lucas Schaffer, disse que a expectativa \u00e9 grande principalmente pela proximidade do plantio da safra 2024\/25.<\/p>\n<p>\u201cEst\u00e1vamos esperando o ministro para uma reuni\u00e3o. Acho que sou um dos mais otimistas porque a maioria n\u00e3o acredita que venha algo efetivo e isso \u00e9 muito preocupante\u201d, completa.<\/p>\n<p>O post <a href=\"https:\/\/www.canalrural.com.br\/agricultura\/governo-federal-deve-anunciar-medidas-para-produtores-gauchos-nesta-sexta\/\">Governo federal deve anunciar medidas para produtores ga\u00fachos nesta sexta<\/a> apareceu primeiro em <a href=\"https:\/\/www.canalrural.com.br\/\">Canal Rural<\/a>.<\/p>","protected":false},"excerpt":{"rendered":"<p>Fotos: Canal Rural O Minist\u00e9rio da Agricultura e Pecu\u00e1ria (Mapa) e entidades representativas do agroneg\u00f3cio do Rio Grande do Sul estiveram reunidos em uma reuni\u00e3o no final desta quinta-feira (29) para tratar dos \u00faltimos detalhes de an\u00fancio de medidas aos produtores ga\u00fachos impactados pela cat\u00e1strofe de maio. Em entrevista exclusiva ao Canal Rural, o presidente das Organiza\u00e7\u00f5es Cooperativas do Rio Grande do Sul (OCERGS), Darci Hartmann, destacou que o an\u00fancio deve ser feito durante a Abertura Oficial da 47\u00aa Expointer, prevista para ocorrer as 10h desta sexta-feira (30), no Parque de Exposi\u00e7\u00f5es Assis Brasil, em Esteio (RS). Ap\u00f3s dizer que n\u00e3o conseguiria ir ao evento pela indisponibilidade de um voo da For\u00e7a A\u00e9rea Brasileira (FAB), o ministro Carlos F\u00e1varo voltou atr\u00e1s e destacou que estar\u00e1 presente na abertura da feira. L\u00e1, ele deve se unir ao ministro extraordin\u00e1rio da Reconstru\u00e7\u00e3o do RS, Paulo Pimenta, para anunciar as medidas. Estrago em recinto no RS. Foto: Canal Rural Conforme antecipou Hartmann, o an\u00fancio deve incluir adequa\u00e7\u00f5es na normativa que deve ser enviada ao Conselho Monet\u00e1rio Nacional (CNM) para ajustar a Medida Provis\u00f3ria 1247 para que produtores consigam usar as resolu\u00e7\u00f5es presentes no documento para repactuar as d\u00edvidas. \u201cJ\u00e1 conseguimos vislumbrar no horizonte a solu\u00e7\u00e3o de boa parte das dificuldades dos produtores\u201d, completa. Outras medidas Nesta quinta-feira ainda ocorreu uma reuni\u00e3o em Bras\u00edlia com bancos e institui\u00e7\u00f5es de cr\u00e9dito e minist\u00e9rios sobre o seguro rural e negativa\u00e7\u00e3o. \u201cAcreditamos que at\u00e9 ter\u00e7a-feira, que \u00e9 quando essa normativa ir\u00e1 para o CNM, ainda poderemos melhor\u00e1-la muito para atender o maior n\u00famero poss\u00edvel de pend\u00eancias de produtores e tamb\u00e9m cooperativas e cerealistas\u201d, afirma o dirigente. O produtor rural e um dos organizadores do movimento SOS Agro RS, Lucas Schaffer, disse que a expectativa \u00e9 grande principalmente pela proximidade do plantio da safra 2024\/25. \u201cEst\u00e1vamos esperando o ministro para uma reuni\u00e3o. Acho que sou um dos mais otimistas porque a maioria n\u00e3o acredita que venha algo efetivo e isso \u00e9 muito preocupante\u201d, completa. O post Governo federal deve anunciar medidas para produtores ga\u00fachos nesta sexta apareceu primeiro em Canal Rural.<\/p>\n","protected":false},"author":0,"featured_media":1695,"comment_status":"open","ping_status":"open","sticky":false,"template":"","format":"standard","meta":{"_monsterinsights_skip_tracking":false,"_monsterinsights_sitenote_active":false,"_monsterinsights_sitenote_note":"","_monsterinsights_sitenote_category":0,"footnotes":""},"categories":[1],"tags":[],"class_list":["post-1694","post","type-post","status-publish","format-standard","has-post-thumbnail","hentry","category-agronegocio"],"_links":{"self":[{"href":"https:\/\/senhorafrutta.com.br\/index.php\/wp-json\/wp\/v2\/posts\/1694","targetHints":{"allow":["GET"]}}],"collection":[{"href":"https:\/\/senhorafrutta.com.br\/index.php\/wp-json\/wp\/v2\/posts"}],"about":[{"href":"https:\/\/senhorafrutta.com.br\/index.php\/wp-json\/wp\/v2\/types\/post"}],"replies":[{"embeddable":true,"href":"https:\/\/senhorafrutta.com.br\/index.php\/wp-json\/wp\/v2\/comments?post=1694"}],"version-history":[{"count":0,"href":"https:\/\/senhorafrutta.com.br\/index.php\/wp-json\/wp\/v2\/posts\/1694\/revisions"}],"wp:featuredmedia":[{"embeddable":true,"href":"https:\/\/senhorafrutta.com.br\/index.php\/wp-json\/wp\/v2\/media\/1695"}],"wp:attachment":[{"href":"https:\/\/senhorafrutta.com.br\/index.php\/wp-json\/wp\/v2\/media?parent=1694"}],"wp:term":[{"taxonomy":"category","embeddable":true,"href":"https:\/\/senhorafrutta.com.br\/index.php\/wp-json\/wp\/v2\/categories?post=1694"},{"taxonomy":"post_tag","embeddable":true,"href":"https:\/\/senhorafrutta.com.br\/index.php\/wp-json\/wp\/v2\/tags?post=1694"}],"curies":[{"name":"wp","href":"https:\/\/api.w.org\/{rel}","templated":true}]}}