{"id":1692,"date":"2024-08-30T08:10:00","date_gmt":"2024-08-30T08:10:00","guid":{"rendered":"https:\/\/senhorafrutta.com.br\/index.php\/2024\/08\/30\/podcast-veja-o-que-vai-impactar-o-mercado-hoje\/"},"modified":"2024-08-30T08:10:00","modified_gmt":"2024-08-30T08:10:00","slug":"podcast-veja-o-que-vai-impactar-o-mercado-hoje","status":"publish","type":"post","link":"https:\/\/senhorafrutta.com.br\/index.php\/2024\/08\/30\/podcast-veja-o-que-vai-impactar-o-mercado-hoje\/","title":{"rendered":"Podcast: veja o que vai impactar o mercado hoje"},"content":{"rendered":"<div><\/div>\n<div class=\"wp-block-embed__wrapper\">\n<iframe title=\"Di\u00e1rio Econ\u00f4mico: podcast do PicPay e do Canal Rural | 30\/08\/2024\" width=\"800\" height=\"450\" src=\"https:\/\/www.youtube.com\/embed\/z8OOQCURPBE?feature=oembed\" frameborder=\"0\" allow=\"accelerometer; autoplay; clipboard-write; encrypted-media; gyroscope; picture-in-picture; web-share\" referrerpolicy=\"strict-origin-when-cross-origin\" allowfullscreen><\/iframe>\n<\/div>\n<p>No <em>morning call<\/em> de hoje, o economista do PicPay, Igor Cadilhac, destaca que os n\u00fameros do PIB do segundo trimestre, em conjunto com a estabiliza\u00e7\u00e3o nos pedidos de seguro-desemprego nas \u00faltimas semanas, contribu\u00edram para afastar o risco de recess\u00e3o nos Estados Unidos. <\/p>\n<p>Para hoje, foco nos dados de infla\u00e7\u00e3o l\u00e1 fora e de desemprego por aqui.<\/p>\n<p>O post <a href=\"https:\/\/www.canalrural.com.br\/economia\/podcast-veja-o-que-vai-impactar-o-mercado-hoje\/\">Podcast: veja o que vai impactar o mercado hoje<\/a> apareceu primeiro em <a href=\"https:\/\/www.canalrural.com.br\/\">Canal Rural<\/a>.<\/p>","protected":false},"excerpt":{"rendered":"<p>No morning call de hoje, o economista do PicPay, Igor Cadilhac, destaca que os n\u00fameros do PIB do segundo trimestre, em conjunto com a estabiliza\u00e7\u00e3o nos pedidos de seguro-desemprego nas \u00faltimas semanas, contribu\u00edram para afastar o risco de recess\u00e3o nos Estados Unidos. Para hoje, foco nos dados de infla\u00e7\u00e3o l\u00e1 fora e de desemprego por aqui. O post Podcast: veja o que vai impactar o mercado hoje apareceu primeiro em Canal Rural.<\/p>\n","protected":false},"author":0,"featured_media":1693,"comment_status":"open","ping_status":"open","sticky":false,"template":"","format":"standard","meta":{"_monsterinsights_skip_tracking":false,"_monsterinsights_sitenote_active":false,"_monsterinsights_sitenote_note":"","_monsterinsights_sitenote_category":0,"footnotes":""},"categories":[1],"tags":[],"class_list":["post-1692","post","type-post","status-publish","format-standard","has-post-thumbnail","hentry","category-agronegocio"],"_links":{"self":[{"href":"https:\/\/senhorafrutta.com.br\/index.php\/wp-json\/wp\/v2\/posts\/1692","targetHints":{"allow":["GET"]}}],"collection":[{"href":"https:\/\/senhorafrutta.com.br\/index.php\/wp-json\/wp\/v2\/posts"}],"about":[{"href":"https:\/\/senhorafrutta.com.br\/index.php\/wp-json\/wp\/v2\/types\/post"}],"replies":[{"embeddable":true,"href":"https:\/\/senhorafrutta.com.br\/index.php\/wp-json\/wp\/v2\/comments?post=1692"}],"version-history":[{"count":0,"href":"https:\/\/senhorafrutta.com.br\/index.php\/wp-json\/wp\/v2\/posts\/1692\/revisions"}],"wp:featuredmedia":[{"embeddable":true,"href":"https:\/\/senhorafrutta.com.br\/index.php\/wp-json\/wp\/v2\/media\/1693"}],"wp:attachment":[{"href":"https:\/\/senhorafrutta.com.br\/index.php\/wp-json\/wp\/v2\/media?parent=1692"}],"wp:term":[{"taxonomy":"category","embeddable":true,"href":"https:\/\/senhorafrutta.com.br\/index.php\/wp-json\/wp\/v2\/categories?post=1692"},{"taxonomy":"post_tag","embeddable":true,"href":"https:\/\/senhorafrutta.com.br\/index.php\/wp-json\/wp\/v2\/tags?post=1692"}],"curies":[{"name":"wp","href":"https:\/\/api.w.org\/{rel}","templated":true}]}}