{"id":1593,"date":"2024-08-25T10:01:00","date_gmt":"2024-08-25T10:01:00","guid":{"rendered":"https:\/\/senhorafrutta.com.br\/index.php\/2024\/08\/25\/sao-paulo-celebra-dia-do-feirante-com-960-feiras-e-milhares-de-empregos\/"},"modified":"2024-08-25T10:01:00","modified_gmt":"2024-08-25T10:01:00","slug":"sao-paulo-celebra-dia-do-feirante-com-960-feiras-e-milhares-de-empregos","status":"publish","type":"post","link":"https:\/\/senhorafrutta.com.br\/index.php\/2024\/08\/25\/sao-paulo-celebra-dia-do-feirante-com-960-feiras-e-milhares-de-empregos\/","title":{"rendered":"S\u00e3o Paulo celebra Dia do Feirante com 960 feiras e milhares de empregos"},"content":{"rendered":"<div>Foto: Canal Rural\/reprodu\u00e7\u00e3o<\/div>\n<p>Neste domingo (25), \u00e9 comemorado o Dia do Feirante, celebrando a import\u00e2ncia das feiras livres, uma tradi\u00e7\u00e3o em em diversas cidades do Brasil. <strong><a href=\"http:\/\/www.canalrural.com.br\/tag\/sao-paulo\/\">S\u00e3o Paulo<\/a><\/strong>, que deu in\u00edcio \u00e0 primeira feira livre do pa\u00eds, hoje conta com 960 feiras apenas na capital, gerando aproximadamente 70 mil empregos. Esses eventos n\u00e3o apenas trazem produtos frescos do campo para os grandes centros urbanos, mas tamb\u00e9m criam conex\u00f5es e fortalecem la\u00e7os comunit\u00e1rios.<\/p>\n<div class=\"wp-block-embed__wrapper\">\n<\/div>\n<p>\u201c\u00c0s vezes estamos descontra\u00eddos, e a feira \u00e9 assim mesmo. A gente brinca que a fruta \u00e9 joia, o abacaxi \u00e9 doce. \u00c9 uma forma de atrair os clientes\u201d, compartilhou Milton Soares dos Santos, que tem 40 anos de experi\u00eancia como feirante.<\/p>\n<p>O trabalho do feirante \u00e9 semelhante ao do produtor rural: fa\u00e7a chuva ou fa\u00e7a sol, ambos precisam acordar cedo para levar produtos frescos \u00e0 mesa da popula\u00e7\u00e3o. Dona Judite Barros, de 83 anos, exemplifica essa dedica\u00e7\u00e3o. \u201cTenho cliente que eu vi nascer, j\u00e1 casou e traz os filhos para mim ver. Gra\u00e7as a Deus sou feliz. Levanto 1 hora da manh\u00e3 e n\u00e3o tem hora para chegar nem para sair\u201d, conta ela, que atua em feiras h\u00e1 45 anos.<\/p>\n<h2 class=\"wp-block-heading\">Hist\u00f3ria das feiras livres<\/h2>\n<p>A hist\u00f3ria das feiras livres em S\u00e3o Paulo come\u00e7ou em 1914, quando a cidade enfrentava uma crise no abastecimento de frutas e verduras. Desde ent\u00e3o, as feiras se tornaram um s\u00edmbolo da cidade, movimentando a economia local e colaborando para h\u00e1bitos alimentares mais saud\u00e1veis.<\/p>\n<p>As feiras s\u00e3o geridas pelos munic\u00edpios e, segundo os feirantes, uma das principais demandas \u00e9 por maior reconhecimento oficial. \u201cO que a gente pede \u00e9 que a feira se torne lei. Hoje, ela \u00e9 apenas um decreto. Se virar lei, ganhamos mais for\u00e7a e reconhecimento, para que a alegria nunca saia daqui\u201d, afirmou Katia Mour\u00e3o, diretora de Com\u00e9rcio Varejista no Sindicato dos Feirantes de S\u00e3o Paulo.<\/p>\n<p>Com humor e determina\u00e7\u00e3o, os feirantes enfrentam desafios di\u00e1rios como acordar cedo, carregar peso e manter o bom humor, mesmo com clientes pedindo descontos. Eles s\u00e3o celebrados pela sua resili\u00eancia e pela importante contribui\u00e7\u00e3o que fazem para a sociedade.<\/p>\n<p>O post <a href=\"https:\/\/www.canalrural.com.br\/agricultura\/sao-paulo-celebra-dia-do-feirante-com-960-feiras-e-milhares-de-empregos\/\">S\u00e3o Paulo celebra Dia do Feirante com 960 feiras e milhares de empregos<\/a> apareceu primeiro em <a href=\"https:\/\/www.canalrural.com.br\/\">Canal Rural<\/a>.<\/p>","protected":false},"excerpt":{"rendered":"<p>Foto: Canal Rural\/reprodu\u00e7\u00e3o Neste domingo (25), \u00e9 comemorado o Dia do Feirante, celebrando a import\u00e2ncia das feiras livres, uma tradi\u00e7\u00e3o em em diversas cidades do Brasil. S\u00e3o Paulo, que deu in\u00edcio \u00e0 primeira feira livre do pa\u00eds, hoje conta com 960 feiras apenas na capital, gerando aproximadamente 70 mil empregos. Esses eventos n\u00e3o apenas trazem produtos frescos do campo para os grandes centros urbanos, mas tamb\u00e9m criam conex\u00f5es e fortalecem la\u00e7os comunit\u00e1rios. \u201c\u00c0s vezes estamos descontra\u00eddos, e a feira \u00e9 assim mesmo. A gente brinca que a fruta \u00e9 joia, o abacaxi \u00e9 doce. \u00c9 uma forma de atrair os clientes\u201d, compartilhou Milton Soares dos Santos, que tem 40 anos de experi\u00eancia como feirante. O trabalho do feirante \u00e9 semelhante ao do produtor rural: fa\u00e7a chuva ou fa\u00e7a sol, ambos precisam acordar cedo para levar produtos frescos \u00e0 mesa da popula\u00e7\u00e3o. Dona Judite Barros, de 83 anos, exemplifica essa dedica\u00e7\u00e3o. \u201cTenho cliente que eu vi nascer, j\u00e1 casou e traz os filhos para mim ver. Gra\u00e7as a Deus sou feliz. Levanto 1 hora da manh\u00e3 e n\u00e3o tem hora para chegar nem para sair\u201d, conta ela, que atua em feiras h\u00e1 45 anos. Hist\u00f3ria das feiras livres A hist\u00f3ria das feiras livres em S\u00e3o Paulo come\u00e7ou em 1914, quando a cidade enfrentava uma crise no abastecimento de frutas e verduras. Desde ent\u00e3o, as feiras se tornaram um s\u00edmbolo da cidade, movimentando a economia local e colaborando para h\u00e1bitos alimentares mais saud\u00e1veis. As feiras s\u00e3o geridas pelos munic\u00edpios e, segundo os feirantes, uma das principais demandas \u00e9 por maior reconhecimento oficial. \u201cO que a gente pede \u00e9 que a feira se torne lei. Hoje, ela \u00e9 apenas um decreto. Se virar lei, ganhamos mais for\u00e7a e reconhecimento, para que a alegria nunca saia daqui\u201d, afirmou Katia Mour\u00e3o, diretora de Com\u00e9rcio Varejista no Sindicato dos Feirantes de S\u00e3o Paulo. Com humor e determina\u00e7\u00e3o, os feirantes enfrentam desafios di\u00e1rios como acordar cedo, carregar peso e manter o bom humor, mesmo com clientes pedindo descontos. Eles s\u00e3o celebrados pela sua resili\u00eancia e pela importante contribui\u00e7\u00e3o que fazem para a sociedade. O post S\u00e3o Paulo celebra Dia do Feirante com 960 feiras e milhares de empregos apareceu primeiro em Canal Rural.<\/p>\n","protected":false},"author":0,"featured_media":1594,"comment_status":"open","ping_status":"open","sticky":false,"template":"","format":"standard","meta":{"_monsterinsights_skip_tracking":false,"_monsterinsights_sitenote_active":false,"_monsterinsights_sitenote_note":"","_monsterinsights_sitenote_category":0,"footnotes":""},"categories":[1],"tags":[],"class_list":["post-1593","post","type-post","status-publish","format-standard","has-post-thumbnail","hentry","category-agronegocio"],"_links":{"self":[{"href":"https:\/\/senhorafrutta.com.br\/index.php\/wp-json\/wp\/v2\/posts\/1593","targetHints":{"allow":["GET"]}}],"collection":[{"href":"https:\/\/senhorafrutta.com.br\/index.php\/wp-json\/wp\/v2\/posts"}],"about":[{"href":"https:\/\/senhorafrutta.com.br\/index.php\/wp-json\/wp\/v2\/types\/post"}],"replies":[{"embeddable":true,"href":"https:\/\/senhorafrutta.com.br\/index.php\/wp-json\/wp\/v2\/comments?post=1593"}],"version-history":[{"count":0,"href":"https:\/\/senhorafrutta.com.br\/index.php\/wp-json\/wp\/v2\/posts\/1593\/revisions"}],"wp:featuredmedia":[{"embeddable":true,"href":"https:\/\/senhorafrutta.com.br\/index.php\/wp-json\/wp\/v2\/media\/1594"}],"wp:attachment":[{"href":"https:\/\/senhorafrutta.com.br\/index.php\/wp-json\/wp\/v2\/media?parent=1593"}],"wp:term":[{"taxonomy":"category","embeddable":true,"href":"https:\/\/senhorafrutta.com.br\/index.php\/wp-json\/wp\/v2\/categories?post=1593"},{"taxonomy":"post_tag","embeddable":true,"href":"https:\/\/senhorafrutta.com.br\/index.php\/wp-json\/wp\/v2\/tags?post=1593"}],"curies":[{"name":"wp","href":"https:\/\/api.w.org\/{rel}","templated":true}]}}