{"id":1537,"date":"2024-08-23T15:20:54","date_gmt":"2024-08-23T15:20:54","guid":{"rendered":"https:\/\/senhorafrutta.com.br\/index.php\/2024\/08\/23\/expointer-2024-abre-os-portoes-neste-sabado\/"},"modified":"2024-08-23T15:20:54","modified_gmt":"2024-08-23T15:20:54","slug":"expointer-2024-abre-os-portoes-neste-sabado","status":"publish","type":"post","link":"https:\/\/senhorafrutta.com.br\/index.php\/2024\/08\/23\/expointer-2024-abre-os-portoes-neste-sabado\/","title":{"rendered":"Expointer 2024 abre os port\u00f5es neste s\u00e1bado"},"content":{"rendered":"<div>Foto: Fernando Dias\/Seapi<\/div>\n<p>A abertura dos port\u00f5es da 47\u00aa Expointer ser\u00e1 neste s\u00e1bado (24), \u00e0s 8h, no Port\u00e3o 2, do Parque de Exposi\u00e7\u00f5es Assis Brasil, em Esteio (RS). <\/p>\n<p>Ap\u00f3s a abertura, ser\u00e1 servido caf\u00e9 de cambona (preparo t\u00edpico dos tropeiros, em que se coloca uma madeira em brasa na bebida) e apresenta\u00e7\u00f5es no palco ao lado das conhecidas esferas do parque.<\/p>\n<p><em>Confira na palma da m\u00e3o informa\u00e7\u00f5es quentes sobre agricultura, pecu\u00e1ria, economia e previs\u00e3o do tempo:<\/em><a href=\"https:\/\/whatsapp.com\/channel\/0029Va9VnZxGk1FplZjiW43k\"><em> <\/em><strong><em>siga o Canal Rural no WhatsApp!<\/em><\/strong><\/a><\/p>\n<p>Uma banda em estilo alem\u00e3o estar\u00e1 acompanhando as autoridades. Tamb\u00e9m haver\u00e1 a apresenta\u00e7\u00e3o de um grupo de dan\u00e7a folcl\u00f3rica ga\u00facha de Encruzilhada do Sul.<\/p>\n<p>A 47\u00aa Expointer ocorre de 24 de agosto a 1\u00ba de setembro, no Parque de Exposi\u00e7\u00f5es Assis Brasil, em Esteio. A visita\u00e7\u00e3o ser\u00e1 das 8h \u00e0s 20h30 e os ingressos podem ser adquiridos online ou na bilheteria da feira.<\/p>\n<h2 class=\"wp-block-heading\">Atra\u00e7\u00f5es culturais da Expointer<\/h2>\n<p>Al\u00e9m da exposi\u00e7\u00e3o de animais, m\u00e1quinas agr\u00edcolas e produtos da agricultura familiar, a edi\u00e7\u00e3o 2024 da Expointer tamb\u00e9m vai contar com uma programa\u00e7\u00e3o cultural. No Palco Show, que fica ao lado das esferas da feira e em frente ao Port\u00e3o 2, ocorrer\u00e3o shows musicais e de dan\u00e7a, teatro e mostra de fotografias.<\/p>\n<p>Segundo o produtor Marquinhos Kroeff, o projeto de shows tem recursos da Lei Rouanet e aporte de produtoras locais. \u201cAcho que a presen\u00e7a do p\u00fablico nesta edi\u00e7\u00e3o ser\u00e1 bem forte, porque \u00e9 uma Expointer de retomada. As pessoas querem e precisam buscar incentivos. Eu tamb\u00e9m sempre penso que a atual feira sempre vai ser melhor do que a anterior. Trabalho para isso\u201d, afirma.<\/p>\n<p>Kroeff destaca que, no s\u00e1bado de abertura da feira, haver\u00e1 o espet\u00e1culo \u00d3pera Ga\u00facha, \u00e0s 19h, na pista central do parque, <\/p>\n<p>Outro destaque ser\u00e1 o Show Reconstruir, com apresenta\u00e7\u00e3o do grupo Os Serranos e participa\u00e7\u00e3o especial do cantor Michel Tel\u00f3, \u00e0s 20h, no Palco Show.<\/p>\n<h2 class=\"wp-block-heading\">Confira a programa\u00e7\u00e3o cultural da Expointer<\/h2>\n<h3 class=\"wp-block-heading\">S\u00e1bado (24)<\/h3>\n<p>2\u00aa MOSTRA DA CULTURA GA\u00daCHA DO PARQUE ASSIS BRASIL<\/p>\n<p>14h \u2013 grupo de dan\u00e7as do 35 CTG<\/p>\n<p>14h30 \u2013 mostra fotogr\u00e1fica com Edu Rocha<\/p>\n<p>PROJETO JAYME CAETANO BRAUN \u2013 UM S\u00c9CULO DE ARTE<\/p>\n<p>15h \u2013 show especial \u201cJayme Caetano Braun \u2013 Um S\u00e9culo de Arte\u201d<\/p>\n<p>PROJETO ESTRADA CULTURAL<\/p>\n<p>16h \u2013 Taina Boeri<\/p>\n<p>17h \u2013 Leonel Gomez<\/p>\n<p>18h \u2013 Jo\u00e3o de Almeida Neto<\/p>\n<h3 class=\"wp-block-heading\">Domingo (25)<\/h3>\n<p>2\u00aa MOSTRA DA CULTURA GA\u00daCHA DO PARQUE ASSIS BRASIL<\/p>\n<p>14h \u2013 grupo de dan\u00e7as do CTG Rancho da Saudade<\/p>\n<p>14h30 \u2013 Ricardo Comasseto<\/p>\n<p>PROJETO ESTRADA CULTURAL<\/p>\n<p>15h \u2013 Bibiana Melo<\/p>\n<p>16h \u2013 Mauro Moraes<\/p>\n<p>17h \u2013 Eliandro Luz e Grupo Oh De Casa<\/p>\n<p>18h \u2013 \u00c9rlon P\u00e9ricles<\/p>\n<h3 class=\"wp-block-heading\">Segunda-feira (26)<\/h3>\n<p>2\u00aa MOSTRA DA CULTURA GA\u00daCHA DO PARQUE ASSIS BRASIL<\/p>\n<p>14h \u2013 grupo de dan\u00e7as do CTG Gildo de Freitas<\/p>\n<p>14h30 \u2013 Luciano Maia<\/p>\n<p>PROJETO ESTRADA CULTURAL<\/p>\n<p>15h30 \u2013 Antonyo Rycardo<\/p>\n<p>16h30 \u2013 Maria Luiza Benitez<\/p>\n<p>17h30 \u2013 Cristiano Quevedo<\/p>\n<h3 class=\"wp-block-heading\">Ter\u00e7a-feira (27)<\/h3>\n<p>2\u00aa MOSTRA DA CULTURA GA\u00daCHA DO PARQUE ASSIS BRASIL<\/p>\n<p>14h \u2013 Edison Ga\u00facho e Grupo For\u00e7a Ga\u00facha<\/p>\n<p>14h30 \u2013 Mostra Fotogr\u00e1fica com Virg\u00ednia Souza<\/p>\n<p>15h \u2013 Elmer Fagundes<\/p>\n<p>PROJETO ESTRADA CULTURAL<\/p>\n<p>15h30 \u2013 Amilton Lima<\/p>\n<p>16h30 \u2013 Pedro Ernesto Denardin<\/p>\n<p>17h30 \u2013 Guri de Uruguaiana<\/p>\n<h3 class=\"wp-block-heading\">Quarta-feira (28)<\/h3>\n<p>2\u00aa MOSTRA DA CULTURA GA\u00daCHA DO PARQUE ASSIS BRASIL<\/p>\n<p>14h \u2013 grupo de dan\u00e7as do CTG Independ\u00eancia Ga\u00facha<\/p>\n<p>14h30 \u2013 Dudu Gaiteiro<\/p>\n<p>PROJETO ESTRADA CULTURAL<\/p>\n<p>15h \u2013 Rosina Ferreira<\/p>\n<p>16h \u2013 Grupo Sombra Del Ayer<\/p>\n<p>17h \u2013 Pirisca Grecco<\/p>\n<p>18h \u2013 Os Chacreiros<\/p>\n<p>SHOW RECONSTRUIR<\/p>\n<p>20h \u2013 Os Serranos \u2013 Participa\u00e7\u00e3o Especial de Michel Tel\u00f3<\/p>\n<h3 class=\"wp-block-heading\">Quinta-feira (29)<\/h3>\n<p>2\u00aa MOSTRA DA CULTURA GA\u00daCHA DO PARQUE ASSIS BRASIL<\/p>\n<p>14h \u2013 grupo de dan\u00e7as Quer\u00eancia Amada<\/p>\n<p>14h30 \u2013 Renato Borghetti<\/p>\n<p>PROJETO ESTRADA CULTURAL<\/p>\n<p>15h30 \u2013 Thiago Reder e Fabiano \u00cdndio<\/p>\n<p>16h30 \u2013 Janaina Maia<\/p>\n<p>17h30 \u2013 Carlos Magr\u00e3o<\/p>\n<p>18h30 \u2013 Daniel Torres<\/p>\n<h3 class=\"wp-block-heading\">Sexta-feira (30)<\/h3>\n<p>2\u00aa MOSTRA DA CULTURA GA\u00daCHA DO PARQUE ASSIS BRASIL<\/p>\n<p>14h \u2013 Agrupamento Biriva Tranca-Fio<\/p>\n<p>14h30 \u2013 Mostra Fotogr\u00e1fica Fernando Dias<\/p>\n<p>14h45 \u2013 Marcello Caminha<\/p>\n<p>PROJETO ESTRADA CULTURAL<\/p>\n<p>15h30 \u2013 Juliana Spanevello<\/p>\n<p>16h30 \u2013 Joca Martins<\/p>\n<p>17h30 \u2013 Wilson Paim<\/p>\n<p>18h30 \u2013 Shana Muller<\/p>\n<h3 class=\"wp-block-heading\">S\u00e1bado (31)<\/h3>\n<p>2\u00aa MOSTRA DA CULTURA GA\u00daCHA DO PARQUE ASSIS BRASIL<\/p>\n<p>14h \u2013 grupo de dan\u00e7as do CTG Braz\u00e3o do Rio Grande<\/p>\n<p>14h30 \u2013 Fabiano Harden<\/p>\n<p>15h \u2013 Fofa Nobre<\/p>\n<p>PROJETO ESTRADA CULTURAL<\/p>\n<p>15h30 \u2013 Nycolas Pereira<\/p>\n<p>16h30 \u2013 Angelo Franco<\/p>\n<p>17h30 \u2013 Elton Saldanha<\/p>\n<p>18h30 \u2013 Luiza Barbosa<\/p>\n<h3 class=\"wp-block-heading\">Domingo (1\u00b0)<\/h3>\n<p>2\u00aa MOSTRA DA CULTURA GA\u00daCHA DO PARQUE ASSIS BRASIL<\/p>\n<p>14h \u2013 grupo de dan\u00e7as Folk de Espora<\/p>\n<p>14h30 \u2013 Jean Carlos Godoy e Leandro Rodrigues<\/p>\n<p>PROJETO ESTRADA CULTURAL<\/p>\n<p>15h \u2013 Stephanie Kauana<\/p>\n<p>16h \u2013 Capit\u00e3o Faustino<\/p>\n<p>17h \u2013 Marcelo Cachoeira<\/p>\n<p>18h \u2013 C\u00e9sar Oliveira e Rog\u00e9rio Melo<\/p>\n<p>O post <a href=\"https:\/\/www.canalrural.com.br\/feiras-e-eventos\/expointer\/expointer-2024-abre-os-portoes-neste-sabado\/\">Expointer 2024 abre os port\u00f5es neste s\u00e1bado<\/a> apareceu primeiro em <a href=\"https:\/\/www.canalrural.com.br\/\">Canal Rural<\/a>.<\/p>","protected":false},"excerpt":{"rendered":"<p>Foto: Fernando Dias\/Seapi A abertura dos port\u00f5es da 47\u00aa Expointer ser\u00e1 neste s\u00e1bado (24), \u00e0s 8h, no Port\u00e3o 2, do Parque de Exposi\u00e7\u00f5es Assis Brasil, em Esteio (RS). Ap\u00f3s a abertura, ser\u00e1 servido caf\u00e9 de cambona (preparo t\u00edpico dos tropeiros, em que se coloca uma madeira em brasa na bebida) e apresenta\u00e7\u00f5es no palco ao lado das conhecidas esferas do parque. Confira na palma da m\u00e3o informa\u00e7\u00f5es quentes sobre agricultura, pecu\u00e1ria, economia e previs\u00e3o do tempo: siga o Canal Rural no WhatsApp! Uma banda em estilo alem\u00e3o estar\u00e1 acompanhando as autoridades. Tamb\u00e9m haver\u00e1 a apresenta\u00e7\u00e3o de um grupo de dan\u00e7a folcl\u00f3rica ga\u00facha de Encruzilhada do Sul. A 47\u00aa Expointer ocorre de 24 de agosto a 1\u00ba de setembro, no Parque de Exposi\u00e7\u00f5es Assis Brasil, em Esteio. A visita\u00e7\u00e3o ser\u00e1 das 8h \u00e0s 20h30 e os ingressos podem ser adquiridos online ou na bilheteria da feira. Atra\u00e7\u00f5es culturais da Expointer Al\u00e9m da exposi\u00e7\u00e3o de animais, m\u00e1quinas agr\u00edcolas e produtos da agricultura familiar, a edi\u00e7\u00e3o 2024 da Expointer tamb\u00e9m vai contar com uma programa\u00e7\u00e3o cultural. No Palco Show, que fica ao lado das esferas da feira e em frente ao Port\u00e3o 2, ocorrer\u00e3o shows musicais e de dan\u00e7a, teatro e mostra de fotografias. Segundo o produtor Marquinhos Kroeff, o projeto de shows tem recursos da Lei Rouanet e aporte de produtoras locais. \u201cAcho que a presen\u00e7a do p\u00fablico nesta edi\u00e7\u00e3o ser\u00e1 bem forte, porque \u00e9 uma Expointer de retomada. As pessoas querem e precisam buscar incentivos. Eu tamb\u00e9m sempre penso que a atual feira sempre vai ser melhor do que a anterior. Trabalho para isso\u201d, afirma. Kroeff destaca que, no s\u00e1bado de abertura da feira, haver\u00e1 o espet\u00e1culo \u00d3pera Ga\u00facha, \u00e0s 19h, na pista central do parque, Outro destaque ser\u00e1 o Show Reconstruir, com apresenta\u00e7\u00e3o do grupo Os Serranos e participa\u00e7\u00e3o especial do cantor Michel Tel\u00f3, \u00e0s 20h, no Palco Show. Confira a programa\u00e7\u00e3o cultural da Expointer S\u00e1bado (24) 2\u00aa MOSTRA DA CULTURA GA\u00daCHA DO PARQUE ASSIS BRASIL 14h \u2013 grupo de dan\u00e7as do 35 CTG 14h30 \u2013 mostra fotogr\u00e1fica com Edu Rocha PROJETO JAYME CAETANO BRAUN \u2013 UM S\u00c9CULO DE ARTE 15h \u2013 show especial \u201cJayme Caetano Braun \u2013 Um S\u00e9culo de Arte\u201d PROJETO ESTRADA CULTURAL 16h \u2013 Taina Boeri 17h \u2013 Leonel Gomez 18h \u2013 Jo\u00e3o de Almeida Neto Domingo (25) 2\u00aa MOSTRA DA CULTURA GA\u00daCHA DO PARQUE ASSIS BRASIL 14h \u2013 grupo de dan\u00e7as do CTG Rancho da Saudade 14h30 \u2013 Ricardo Comasseto PROJETO ESTRADA CULTURAL 15h \u2013 Bibiana Melo 16h \u2013 Mauro Moraes 17h \u2013 Eliandro Luz e Grupo Oh De Casa 18h \u2013 \u00c9rlon P\u00e9ricles Segunda-feira (26) 2\u00aa MOSTRA DA CULTURA GA\u00daCHA DO PARQUE ASSIS BRASIL 14h \u2013 grupo de dan\u00e7as do CTG Gildo de Freitas 14h30 \u2013 Luciano Maia PROJETO ESTRADA CULTURAL 15h30 \u2013 Antonyo Rycardo 16h30 \u2013 Maria Luiza Benitez 17h30 \u2013 Cristiano Quevedo Ter\u00e7a-feira (27) 2\u00aa MOSTRA DA CULTURA GA\u00daCHA DO PARQUE ASSIS BRASIL 14h \u2013 Edison Ga\u00facho e Grupo For\u00e7a Ga\u00facha 14h30 \u2013 Mostra Fotogr\u00e1fica com Virg\u00ednia Souza 15h \u2013 Elmer Fagundes PROJETO ESTRADA CULTURAL 15h30 \u2013 Amilton Lima 16h30 \u2013 Pedro Ernesto Denardin 17h30 \u2013 Guri de Uruguaiana Quarta-feira (28) 2\u00aa MOSTRA DA CULTURA GA\u00daCHA DO PARQUE ASSIS BRASIL 14h \u2013 grupo de dan\u00e7as do CTG Independ\u00eancia Ga\u00facha 14h30 \u2013 Dudu Gaiteiro PROJETO ESTRADA CULTURAL 15h \u2013 Rosina Ferreira 16h \u2013 Grupo Sombra Del Ayer 17h \u2013 Pirisca Grecco 18h \u2013 Os Chacreiros SHOW RECONSTRUIR 20h \u2013 Os Serranos \u2013 Participa\u00e7\u00e3o Especial de Michel Tel\u00f3 Quinta-feira (29) 2\u00aa MOSTRA DA CULTURA GA\u00daCHA DO PARQUE ASSIS BRASIL 14h \u2013 grupo de dan\u00e7as Quer\u00eancia Amada 14h30 \u2013 Renato Borghetti PROJETO ESTRADA CULTURAL 15h30 \u2013 Thiago Reder e Fabiano \u00cdndio 16h30 \u2013 Janaina Maia 17h30 \u2013 Carlos Magr\u00e3o 18h30 \u2013 Daniel Torres Sexta-feira (30) 2\u00aa MOSTRA DA CULTURA GA\u00daCHA DO PARQUE ASSIS BRASIL 14h \u2013 Agrupamento Biriva Tranca-Fio 14h30 \u2013 Mostra Fotogr\u00e1fica Fernando Dias 14h45 \u2013 Marcello Caminha PROJETO ESTRADA CULTURAL 15h30 \u2013 Juliana Spanevello 16h30 \u2013 Joca Martins 17h30 \u2013 Wilson Paim 18h30 \u2013 Shana Muller S\u00e1bado (31) 2\u00aa MOSTRA DA CULTURA GA\u00daCHA DO PARQUE ASSIS BRASIL 14h \u2013 grupo de dan\u00e7as do CTG Braz\u00e3o do Rio Grande 14h30 \u2013 Fabiano Harden 15h \u2013 Fofa Nobre PROJETO ESTRADA CULTURAL 15h30 \u2013 Nycolas Pereira 16h30 \u2013 Angelo Franco 17h30 \u2013 Elton Saldanha 18h30 \u2013 Luiza Barbosa Domingo (1\u00b0) 2\u00aa MOSTRA DA CULTURA GA\u00daCHA DO PARQUE ASSIS BRASIL 14h \u2013 grupo de dan\u00e7as Folk de Espora 14h30 \u2013 Jean Carlos Godoy e Leandro Rodrigues PROJETO ESTRADA CULTURAL 15h \u2013 Stephanie Kauana 16h \u2013 Capit\u00e3o Faustino 17h \u2013 Marcelo Cachoeira 18h \u2013 C\u00e9sar Oliveira e Rog\u00e9rio Melo O post Expointer 2024 abre os port\u00f5es neste s\u00e1bado apareceu primeiro em Canal Rural.<\/p>\n","protected":false},"author":0,"featured_media":1538,"comment_status":"open","ping_status":"open","sticky":false,"template":"","format":"standard","meta":{"_monsterinsights_skip_tracking":false,"_monsterinsights_sitenote_active":false,"_monsterinsights_sitenote_note":"","_monsterinsights_sitenote_category":0,"footnotes":""},"categories":[1],"tags":[],"class_list":["post-1537","post","type-post","status-publish","format-standard","has-post-thumbnail","hentry","category-agronegocio"],"_links":{"self":[{"href":"https:\/\/senhorafrutta.com.br\/index.php\/wp-json\/wp\/v2\/posts\/1537","targetHints":{"allow":["GET"]}}],"collection":[{"href":"https:\/\/senhorafrutta.com.br\/index.php\/wp-json\/wp\/v2\/posts"}],"about":[{"href":"https:\/\/senhorafrutta.com.br\/index.php\/wp-json\/wp\/v2\/types\/post"}],"replies":[{"embeddable":true,"href":"https:\/\/senhorafrutta.com.br\/index.php\/wp-json\/wp\/v2\/comments?post=1537"}],"version-history":[{"count":0,"href":"https:\/\/senhorafrutta.com.br\/index.php\/wp-json\/wp\/v2\/posts\/1537\/revisions"}],"wp:featuredmedia":[{"embeddable":true,"href":"https:\/\/senhorafrutta.com.br\/index.php\/wp-json\/wp\/v2\/media\/1538"}],"wp:attachment":[{"href":"https:\/\/senhorafrutta.com.br\/index.php\/wp-json\/wp\/v2\/media?parent=1537"}],"wp:term":[{"taxonomy":"category","embeddable":true,"href":"https:\/\/senhorafrutta.com.br\/index.php\/wp-json\/wp\/v2\/categories?post=1537"},{"taxonomy":"post_tag","embeddable":true,"href":"https:\/\/senhorafrutta.com.br\/index.php\/wp-json\/wp\/v2\/tags?post=1537"}],"curies":[{"name":"wp","href":"https:\/\/api.w.org\/{rel}","templated":true}]}}