{"id":1532,"date":"2024-08-23T19:15:42","date_gmt":"2024-08-23T19:15:42","guid":{"rendered":"https:\/\/senhorafrutta.com.br\/index.php\/2024\/08\/23\/carreta-que-transportava-algodao-pega-fogo-e-interdita-rodovia\/"},"modified":"2024-08-23T19:15:42","modified_gmt":"2024-08-23T19:15:42","slug":"carreta-que-transportava-algodao-pega-fogo-e-interdita-rodovia","status":"publish","type":"post","link":"https:\/\/senhorafrutta.com.br\/index.php\/2024\/08\/23\/carreta-que-transportava-algodao-pega-fogo-e-interdita-rodovia\/","title":{"rendered":"Carreta que transportava algod\u00e3o pega fogo e interdita rodovia"},"content":{"rendered":"<div>Foto: Reprodu\u00e7\u00e3o\/Redes Sociais | Montagem: Vinicius Ramos<\/div>\n<p>No final da tarde desta quinta-feira (22), um acidente com uma carreta que <strong>transportava algod\u00e3o<\/strong> interditou um trecho da <strong>BR-135<\/strong>, em <strong>Formosa do Rio Preto<\/strong>, no <strong>Oeste da Bahia<\/strong>.<\/p>\n<p>O ve\u00edculo ficou atravessado na rodovia e pegou fogo, provocando a interdi\u00e7\u00e3o nos dois sentidos da via na altura do distrito de Malhadinha.<\/p>\n<p>De acordo com a Pol\u00edcia Rodovi\u00e1ria Federal, o acidente teria acontecido por volta das 17h e o motorista do ve\u00edculo n\u00e3o ficou ferido.<\/p>\n<p>As imagens que circulam nas redes sociais, mostram que, o fogo que teria iniciado na carreta, tamb\u00e9m atingiu a vegeta\u00e7\u00e3o \u00e0s margens da rodovia.<\/p>\n<h2 class=\"wp-block-heading\">Rodovia interditada<\/h2>\n<p>A interdi\u00e7\u00e3o j\u00e1 dura mais de 19h e segundo populares, o congestionamento teria chegado a mais de 20 Km nos dois sentidos.<\/p>\n<p>O corpo de Bombeiros do (17\u00ba BBM \u2013 Barreiras) tamb\u00e9m foi acionado e o trabalho para desobstru\u00e7\u00e3o da rodovia segue na tarde desta sexta-feira (23), uma vez que, ainda h\u00e1 focos de inc\u00eandio.<\/p>\n<p>Foto: Reprodu\u00e7\u00e3o\/Redes Sociais | Montagem: Vinicius Ramos<\/p>\n<p>A estrada \u00e9 uma importante liga\u00e7\u00e3o do Oeste da Bahia com o Sul do Piau\u00ed. Conforme apurado pela reportagem com a PRF, at\u00e9 \u00e0s 15h30 desta sexta-feira, os oficiais ainda trabalhavam para liberar a rodovia.<\/p>\n<p>Ainda de acordo com a PRF, n\u00e3o foi poss\u00edvel afirmar o que teria provocado o acidente. Uma das hip\u00f3teses \u00e9 de que o motorista teria tentado uma manobra na via, informa\u00e7\u00e3o que n\u00e3o foi confirmada at\u00e9 a publica\u00e7\u00e3o desta reportagem.<\/p>\n<p>Cada rolo de algod\u00e3o que o ve\u00edculo transportava pesa cerca de 2.300 kg, no entanto, n\u00e3o foi informado o destino e quantidade da carga que ficou destru\u00edda.<\/p>\n<div class=\"wp-block-embed__wrapper\"><\/div>\n<p><a href=\"https:\/\/www.canalrural.com.br\/nacional\/bahia\/oeste-da-bahia-esta-em-alerta-para-conter-avanco-da-cancro-citrico\/\">Oeste da Bahia est\u00e1 em alerta para conter avan\u00e7o da Cancro C\u00edtrico<\/a><\/p>\n<p><em>Siga o\u00a0<a href=\"https:\/\/www.instagram.com\/canalruralbahia\/\">Canal Rural Bahia no Instagram<\/a>! Voc\u00ea tamb\u00e9m pode participar deixando uma sugest\u00e3o de pauta. Clique\u00a0<a href=\"https:\/\/wa.me\/5577999455066\"><strong>aqui<\/strong><\/a>\u00a0e envie uma mensagem para o nosso WhatsApp<\/em><\/p>\n<p>O post <a href=\"https:\/\/www.canalrural.com.br\/nacional\/bahia\/carreta-que-transportava-algodao-pega-fogo-e-interdita-rodovia\/\">Carreta que transportava algod\u00e3o pega fogo e interdita rodovia<\/a> apareceu primeiro em <a href=\"https:\/\/www.canalrural.com.br\/\">Canal Rural<\/a>.<\/p>","protected":false},"excerpt":{"rendered":"<p>Foto: Reprodu\u00e7\u00e3o\/Redes Sociais | Montagem: Vinicius Ramos No final da tarde desta quinta-feira (22), um acidente com uma carreta que transportava algod\u00e3o interditou um trecho da BR-135, em Formosa do Rio Preto, no Oeste da Bahia. O ve\u00edculo ficou atravessado na rodovia e pegou fogo, provocando a interdi\u00e7\u00e3o nos dois sentidos da via na altura do distrito de Malhadinha. De acordo com a Pol\u00edcia Rodovi\u00e1ria Federal, o acidente teria acontecido por volta das 17h e o motorista do ve\u00edculo n\u00e3o ficou ferido. As imagens que circulam nas redes sociais, mostram que, o fogo que teria iniciado na carreta, tamb\u00e9m atingiu a vegeta\u00e7\u00e3o \u00e0s margens da rodovia. Rodovia interditada A interdi\u00e7\u00e3o j\u00e1 dura mais de 19h e segundo populares, o congestionamento teria chegado a mais de 20 Km nos dois sentidos. O corpo de Bombeiros do (17\u00ba BBM \u2013 Barreiras) tamb\u00e9m foi acionado e o trabalho para desobstru\u00e7\u00e3o da rodovia segue na tarde desta sexta-feira (23), uma vez que, ainda h\u00e1 focos de inc\u00eandio. Foto: Reprodu\u00e7\u00e3o\/Redes Sociais | Montagem: Vinicius Ramos A estrada \u00e9 uma importante liga\u00e7\u00e3o do Oeste da Bahia com o Sul do Piau\u00ed. Conforme apurado pela reportagem com a PRF, at\u00e9 \u00e0s 15h30 desta sexta-feira, os oficiais ainda trabalhavam para liberar a rodovia. Ainda de acordo com a PRF, n\u00e3o foi poss\u00edvel afirmar o que teria provocado o acidente. Uma das hip\u00f3teses \u00e9 de que o motorista teria tentado uma manobra na via, informa\u00e7\u00e3o que n\u00e3o foi confirmada at\u00e9 a publica\u00e7\u00e3o desta reportagem. Cada rolo de algod\u00e3o que o ve\u00edculo transportava pesa cerca de 2.300 kg, no entanto, n\u00e3o foi informado o destino e quantidade da carga que ficou destru\u00edda. Oeste da Bahia est\u00e1 em alerta para conter avan\u00e7o da Cancro C\u00edtrico Siga o\u00a0Canal Rural Bahia no Instagram! Voc\u00ea tamb\u00e9m pode participar deixando uma sugest\u00e3o de pauta. Clique\u00a0aqui\u00a0e envie uma mensagem para o nosso WhatsApp O post Carreta que transportava algod\u00e3o pega fogo e interdita rodovia apareceu primeiro em Canal Rural.<\/p>\n","protected":false},"author":0,"featured_media":1533,"comment_status":"open","ping_status":"open","sticky":false,"template":"","format":"standard","meta":{"_monsterinsights_skip_tracking":false,"_monsterinsights_sitenote_active":false,"_monsterinsights_sitenote_note":"","_monsterinsights_sitenote_category":0,"footnotes":""},"categories":[1],"tags":[],"class_list":["post-1532","post","type-post","status-publish","format-standard","has-post-thumbnail","hentry","category-agronegocio"],"_links":{"self":[{"href":"https:\/\/senhorafrutta.com.br\/index.php\/wp-json\/wp\/v2\/posts\/1532","targetHints":{"allow":["GET"]}}],"collection":[{"href":"https:\/\/senhorafrutta.com.br\/index.php\/wp-json\/wp\/v2\/posts"}],"about":[{"href":"https:\/\/senhorafrutta.com.br\/index.php\/wp-json\/wp\/v2\/types\/post"}],"replies":[{"embeddable":true,"href":"https:\/\/senhorafrutta.com.br\/index.php\/wp-json\/wp\/v2\/comments?post=1532"}],"version-history":[{"count":0,"href":"https:\/\/senhorafrutta.com.br\/index.php\/wp-json\/wp\/v2\/posts\/1532\/revisions"}],"wp:featuredmedia":[{"embeddable":true,"href":"https:\/\/senhorafrutta.com.br\/index.php\/wp-json\/wp\/v2\/media\/1533"}],"wp:attachment":[{"href":"https:\/\/senhorafrutta.com.br\/index.php\/wp-json\/wp\/v2\/media?parent=1532"}],"wp:term":[{"taxonomy":"category","embeddable":true,"href":"https:\/\/senhorafrutta.com.br\/index.php\/wp-json\/wp\/v2\/categories?post=1532"},{"taxonomy":"post_tag","embeddable":true,"href":"https:\/\/senhorafrutta.com.br\/index.php\/wp-json\/wp\/v2\/tags?post=1532"}],"curies":[{"name":"wp","href":"https:\/\/api.w.org\/{rel}","templated":true}]}}