{"id":1495,"date":"2024-08-22T13:01:16","date_gmt":"2024-08-22T13:01:16","guid":{"rendered":"https:\/\/senhorafrutta.com.br\/index.php\/2024\/08\/22\/mp-traz-novo-credito-extra-de-r-1977-bi-para-subvencao-de-credito-rural-no-rs\/"},"modified":"2024-08-22T13:01:16","modified_gmt":"2024-08-22T13:01:16","slug":"mp-traz-novo-credito-extra-de-r-1977-bi-para-subvencao-de-credito-rural-no-rs","status":"publish","type":"post","link":"https:\/\/senhorafrutta.com.br\/index.php\/2024\/08\/22\/mp-traz-novo-credito-extra-de-r-1977-bi-para-subvencao-de-credito-rural-no-rs\/","title":{"rendered":"MP traz novo cr\u00e9dito extra de R$ 1,977 bi para subven\u00e7\u00e3o de cr\u00e9dito rural no RS"},"content":{"rendered":"<div>Foto: Canal Rural<\/div>\n<p>O presidente <strong>Luiz In\u00e1cio Lula da Silva<\/strong> editou nova Medida Provis\u00f3ria (MP) destinando R$ 1,977 bilh\u00e3o em cr\u00e9dito extraordin\u00e1rio para a\u00e7\u00f5es no <strong>Rio Grande do Sul<\/strong>. <\/p>\n<p>O valor ficar\u00e1 sob responsabilidade do Minist\u00e9rio da Fazenda para em opera\u00e7\u00f5es de cr\u00e9dito rural. <\/p>\n<p><em>Confira na palma da m\u00e3o informa\u00e7\u00f5es quentes sobre agricultura, pecu\u00e1ria, economia e previs\u00e3o do tempo:<\/em><a href=\"https:\/\/www.whatsapp.com\/channel\/0029Va9VnZxGk1FplZjiW43k\"><em> <\/em><strong>siga o Canal Rural no WhatsApp<\/strong><\/a>!<\/p>\n<p>Do total, R$ 733,8 milh\u00f5es ir\u00e3o para subven\u00e7\u00e3o nas opera\u00e7\u00f5es de custeio agropecu\u00e1rio, de comercializa\u00e7\u00e3o de produtos agropecu\u00e1rios e de comercializa\u00e7\u00e3o de produtos agropecu\u00e1rios. <\/p>\n<p>E o valor de R$ 1,243 bilh\u00e3o ir\u00e1 para subven\u00e7\u00e3o em opera\u00e7\u00f5es no \u00e2mbito do Programa Nacional de Fortalecimento da Agricultura Familiar (Pronaf).<\/p>\n<p>O post <a href=\"https:\/\/www.canalrural.com.br\/agricultura\/mp-traz-novo-credito-extra-de-r-1977-bi-para-subvencao-de-credito-rural-no-rs\/\">MP traz novo cr\u00e9dito extra de R$ 1,977 bi para subven\u00e7\u00e3o de cr\u00e9dito rural no RS<\/a> apareceu primeiro em <a href=\"https:\/\/www.canalrural.com.br\/\">Canal Rural<\/a>.<\/p>","protected":false},"excerpt":{"rendered":"<p>Foto: Canal Rural O presidente Luiz In\u00e1cio Lula da Silva editou nova Medida Provis\u00f3ria (MP) destinando R$ 1,977 bilh\u00e3o em cr\u00e9dito extraordin\u00e1rio para a\u00e7\u00f5es no Rio Grande do Sul. O valor ficar\u00e1 sob responsabilidade do Minist\u00e9rio da Fazenda para em opera\u00e7\u00f5es de cr\u00e9dito rural. Confira na palma da m\u00e3o informa\u00e7\u00f5es quentes sobre agricultura, pecu\u00e1ria, economia e previs\u00e3o do tempo: siga o Canal Rural no WhatsApp! Do total, R$ 733,8 milh\u00f5es ir\u00e3o para subven\u00e7\u00e3o nas opera\u00e7\u00f5es de custeio agropecu\u00e1rio, de comercializa\u00e7\u00e3o de produtos agropecu\u00e1rios e de comercializa\u00e7\u00e3o de produtos agropecu\u00e1rios. E o valor de R$ 1,243 bilh\u00e3o ir\u00e1 para subven\u00e7\u00e3o em opera\u00e7\u00f5es no \u00e2mbito do Programa Nacional de Fortalecimento da Agricultura Familiar (Pronaf). O post MP traz novo cr\u00e9dito extra de R$ 1,977 bi para subven\u00e7\u00e3o de cr\u00e9dito rural no RS apareceu primeiro em Canal Rural.<\/p>\n","protected":false},"author":0,"featured_media":1496,"comment_status":"open","ping_status":"open","sticky":false,"template":"","format":"standard","meta":{"_monsterinsights_skip_tracking":false,"_monsterinsights_sitenote_active":false,"_monsterinsights_sitenote_note":"","_monsterinsights_sitenote_category":0,"footnotes":""},"categories":[1],"tags":[],"class_list":["post-1495","post","type-post","status-publish","format-standard","has-post-thumbnail","hentry","category-agronegocio"],"_links":{"self":[{"href":"https:\/\/senhorafrutta.com.br\/index.php\/wp-json\/wp\/v2\/posts\/1495","targetHints":{"allow":["GET"]}}],"collection":[{"href":"https:\/\/senhorafrutta.com.br\/index.php\/wp-json\/wp\/v2\/posts"}],"about":[{"href":"https:\/\/senhorafrutta.com.br\/index.php\/wp-json\/wp\/v2\/types\/post"}],"replies":[{"embeddable":true,"href":"https:\/\/senhorafrutta.com.br\/index.php\/wp-json\/wp\/v2\/comments?post=1495"}],"version-history":[{"count":0,"href":"https:\/\/senhorafrutta.com.br\/index.php\/wp-json\/wp\/v2\/posts\/1495\/revisions"}],"wp:featuredmedia":[{"embeddable":true,"href":"https:\/\/senhorafrutta.com.br\/index.php\/wp-json\/wp\/v2\/media\/1496"}],"wp:attachment":[{"href":"https:\/\/senhorafrutta.com.br\/index.php\/wp-json\/wp\/v2\/media?parent=1495"}],"wp:term":[{"taxonomy":"category","embeddable":true,"href":"https:\/\/senhorafrutta.com.br\/index.php\/wp-json\/wp\/v2\/categories?post=1495"},{"taxonomy":"post_tag","embeddable":true,"href":"https:\/\/senhorafrutta.com.br\/index.php\/wp-json\/wp\/v2\/tags?post=1495"}],"curies":[{"name":"wp","href":"https:\/\/api.w.org\/{rel}","templated":true}]}}