{"id":1491,"date":"2024-08-22T13:25:12","date_gmt":"2024-08-22T13:25:12","guid":{"rendered":"https:\/\/senhorafrutta.com.br\/index.php\/2024\/08\/22\/suino-vivo-atinge-maior-media-real-desde-2021\/"},"modified":"2024-08-22T13:25:12","modified_gmt":"2024-08-22T13:25:12","slug":"suino-vivo-atinge-maior-media-real-desde-2021","status":"publish","type":"post","link":"https:\/\/senhorafrutta.com.br\/index.php\/2024\/08\/22\/suino-vivo-atinge-maior-media-real-desde-2021\/","title":{"rendered":"Su\u00edno vivo atinge maior m\u00e9dia real desde 2021"},"content":{"rendered":"<div>Foto: Sistema Faep<\/div>\n<p>Os pre\u00e7os do su\u00edno vivo e da carne est\u00e3o em alta em praticamente todas as regi\u00f5es acompanhadas pelo <strong><a href=\"https:\/\/www.canalrural.com.br\/tag\/cepea\/\">Cepea<\/a><\/strong>. Em algumas pra\u00e7as, a atual m\u00e9dia do vivo \u00e9 a maior desde fevereiro de 2021, em termos reais (deflacionamento pelo IGP-DI de julho). <\/p>\n<p><em>Confira na palma da m\u00e3o informa\u00e7\u00f5es quentes sobre agricultura, pecu\u00e1ria, economia e previs\u00e3o do tempo:<\/em><a href=\"https:\/\/www.whatsapp.com\/channel\/0029Va9VnZxGk1FplZjiW43k\"><em> <\/em><strong>siga o Canal Rural no WhatsApp<\/strong><\/a>!<\/p>\n<p>Segundo pesquisadores do Cepea, os avan\u00e7os s\u00e3o resultados da oferta reduzida de <strong><a href=\"https:\/\/www.canalrural.com.br\/pecuaria\/\">animais<\/a><\/strong> em peso ideal para abate e da forte procura por novos lotes por parte da ind\u00fastria, que precisa atender \u00e0s demandas interna e sobretudo, externa. <\/p>\n<p>No mercado da carne, apesar do alto valor pago pelo su\u00edno vivo, colaboradores do Cepea relatam que a liquidez das vendas tem sido moderada nos \u00faltimos dias. <\/p>\n<p>Na parcial de agosto, o pre\u00e7o m\u00e9dio da carca\u00e7a especial su\u00edna comercializada no atacado da Grande S\u00e3o Paulo est\u00e1 em R$ 12,08\/kg, o maior desde junho de 2021, em termos reais (neste caso, os valores foram deflacionados pelo IPCA de julho).<\/p>\n<p>O post <a href=\"https:\/\/www.canalrural.com.br\/aves-e-suinos\/suino-vivo-atinge-maior-media-real-desde-2021\/\">Su\u00edno vivo atinge maior m\u00e9dia real desde 2021<\/a> apareceu primeiro em <a href=\"https:\/\/www.canalrural.com.br\/\">Canal Rural<\/a>.<\/p>","protected":false},"excerpt":{"rendered":"<p>Foto: Sistema Faep Os pre\u00e7os do su\u00edno vivo e da carne est\u00e3o em alta em praticamente todas as regi\u00f5es acompanhadas pelo Cepea. Em algumas pra\u00e7as, a atual m\u00e9dia do vivo \u00e9 a maior desde fevereiro de 2021, em termos reais (deflacionamento pelo IGP-DI de julho). Confira na palma da m\u00e3o informa\u00e7\u00f5es quentes sobre agricultura, pecu\u00e1ria, economia e previs\u00e3o do tempo: siga o Canal Rural no WhatsApp! Segundo pesquisadores do Cepea, os avan\u00e7os s\u00e3o resultados da oferta reduzida de animais em peso ideal para abate e da forte procura por novos lotes por parte da ind\u00fastria, que precisa atender \u00e0s demandas interna e sobretudo, externa. No mercado da carne, apesar do alto valor pago pelo su\u00edno vivo, colaboradores do Cepea relatam que a liquidez das vendas tem sido moderada nos \u00faltimos dias. Na parcial de agosto, o pre\u00e7o m\u00e9dio da carca\u00e7a especial su\u00edna comercializada no atacado da Grande S\u00e3o Paulo est\u00e1 em R$ 12,08\/kg, o maior desde junho de 2021, em termos reais (neste caso, os valores foram deflacionados pelo IPCA de julho). O post Su\u00edno vivo atinge maior m\u00e9dia real desde 2021 apareceu primeiro em Canal Rural.<\/p>\n","protected":false},"author":0,"featured_media":1492,"comment_status":"open","ping_status":"open","sticky":false,"template":"","format":"standard","meta":{"_monsterinsights_skip_tracking":false,"_monsterinsights_sitenote_active":false,"_monsterinsights_sitenote_note":"","_monsterinsights_sitenote_category":0,"footnotes":""},"categories":[1],"tags":[],"class_list":["post-1491","post","type-post","status-publish","format-standard","has-post-thumbnail","hentry","category-agronegocio"],"_links":{"self":[{"href":"https:\/\/senhorafrutta.com.br\/index.php\/wp-json\/wp\/v2\/posts\/1491","targetHints":{"allow":["GET"]}}],"collection":[{"href":"https:\/\/senhorafrutta.com.br\/index.php\/wp-json\/wp\/v2\/posts"}],"about":[{"href":"https:\/\/senhorafrutta.com.br\/index.php\/wp-json\/wp\/v2\/types\/post"}],"replies":[{"embeddable":true,"href":"https:\/\/senhorafrutta.com.br\/index.php\/wp-json\/wp\/v2\/comments?post=1491"}],"version-history":[{"count":0,"href":"https:\/\/senhorafrutta.com.br\/index.php\/wp-json\/wp\/v2\/posts\/1491\/revisions"}],"wp:featuredmedia":[{"embeddable":true,"href":"https:\/\/senhorafrutta.com.br\/index.php\/wp-json\/wp\/v2\/media\/1492"}],"wp:attachment":[{"href":"https:\/\/senhorafrutta.com.br\/index.php\/wp-json\/wp\/v2\/media?parent=1491"}],"wp:term":[{"taxonomy":"category","embeddable":true,"href":"https:\/\/senhorafrutta.com.br\/index.php\/wp-json\/wp\/v2\/categories?post=1491"},{"taxonomy":"post_tag","embeddable":true,"href":"https:\/\/senhorafrutta.com.br\/index.php\/wp-json\/wp\/v2\/tags?post=1491"}],"curies":[{"name":"wp","href":"https:\/\/api.w.org\/{rel}","templated":true}]}}