{"id":1479,"date":"2024-08-22T17:24:48","date_gmt":"2024-08-22T17:24:48","guid":{"rendered":"https:\/\/senhorafrutta.com.br\/index.php\/2024\/08\/22\/campanha-de-vacinacao-contra-brucelose-termina-em-31-de-agosto-em-sp\/"},"modified":"2024-08-22T17:24:48","modified_gmt":"2024-08-22T17:24:48","slug":"campanha-de-vacinacao-contra-brucelose-termina-em-31-de-agosto-em-sp","status":"publish","type":"post","link":"https:\/\/senhorafrutta.com.br\/index.php\/2024\/08\/22\/campanha-de-vacinacao-contra-brucelose-termina-em-31-de-agosto-em-sp\/","title":{"rendered":"Campanha de vacina\u00e7\u00e3o contra brucelose termina em 31 de agosto em SP"},"content":{"rendered":"<div>Foto: Enio Tavares <\/div>\n<p>890A campanha de vacina\u00e7\u00e3o contra a brucelose vai terminar no pr\u00f3ximo dia 31 de agosto no <a href=\"https:\/\/www.canalrural.com.br\/tag\/estado-de-sao-paulo\/\">estado de S\u00e3o Paulo<\/a>. A campanha, que geralmente ocorre semestralmente, teve prorroga\u00e7\u00e3o por causa do desabastecimento da vacina B19 em todo o pa\u00eds. Nesta etapa, devem ser vacinadas todas as f\u00eameas bovinas e bubalinas de tr\u00eas a oito meses de idade, informa em comunicado a Coordenadoria de Defesa Agropecu\u00e1ria (CDA) da Secretaria de Agricultura e Abastecimento do Estado.<\/p>\n<p><em>Confira na palma da m\u00e3o informa\u00e7\u00f5es quentes sobre agricultura, pecu\u00e1ria, economia e previs\u00e3o do tempo:<\/em><a href=\"https:\/\/www.whatsapp.com\/channel\/0029Va9VnZxGk1FplZjiW43k\"><em> <\/em><strong>siga o Canal Rural no WhatsApp<\/strong><\/a>!<\/p>\n<p>Al\u00e9m do prazo para vacina\u00e7\u00e3o, o per\u00edodo para o produtor declarar a vacina\u00e7\u00e3o no sistema de Gest\u00e3o de Defesa Animal e Vegetal (Gedave) tamb\u00e9m foi prorrogado e vai at\u00e9 6 de setembro.<\/p>\n<p>Segundo a secretaria, a vacina\u00e7\u00e3o deve ser feita por um veterin\u00e1rio cadastrado que, al\u00e9m de garantir a correta aplica\u00e7\u00e3o do imunizante, fornece o atestado de vacina\u00e7\u00e3o ao produtor.<\/p>\n<p>A rela\u00e7\u00e3o dos veterin\u00e1rios cadastrados na Defesa Agropecu\u00e1ria para realizar a vacina\u00e7\u00e3o em diversos munic\u00edpios do Estado de S\u00e3o Paulo est\u00e1 dispon\u00edvel em <a href=\"https:\/\/www.defesa.agricultura.sp.gov.br\/credenciados\/\">https:\/\/www.defesa.agricultura.sp.gov.br\/credenciados\/<\/a>.<\/p>\n<p>A emiss\u00e3o do atestado de vacina\u00e7\u00e3o contra brucelose pelo veterin\u00e1rio cadastrado n\u00e3o dispensa a obrigatoriedade da declara\u00e7\u00e3o da vacina\u00e7\u00e3o.<\/p>\n<p><strong>Atualiza\u00e7\u00e3o dos rebanhos<\/strong><\/p>\n<p>Ap\u00f3s o fim da obrigatoriedade da vacina\u00e7\u00e3o contra a febre aftosa no Estado de S\u00e3o Paulo, o produtor rural passou, tamb\u00e9m em car\u00e1ter obrigat\u00f3rio, a ter que atualizar seus rebanhos no Gedave.<\/p>\n<p>Os propriet\u00e1rios t\u00eam at\u00e9 dia 6 de setembro para declarar todas as esp\u00e9cies, al\u00e9m dos bov\u00eddeos, presentes em suas propriedades.<\/p>\n<p>O post <a href=\"https:\/\/www.canalrural.com.br\/pecuaria\/boi\/campanha-de-vacinacao-contra-brucelose-termina-em-31-de-agosto-em-sp\/\">Campanha de vacina\u00e7\u00e3o contra brucelose termina em 31 de agosto em SP<\/a> apareceu primeiro em <a href=\"https:\/\/www.canalrural.com.br\/\">Canal Rural<\/a>.<\/p>","protected":false},"excerpt":{"rendered":"<p>Foto: Enio Tavares 890A campanha de vacina\u00e7\u00e3o contra a brucelose vai terminar no pr\u00f3ximo dia 31 de agosto no estado de S\u00e3o Paulo. A campanha, que geralmente ocorre semestralmente, teve prorroga\u00e7\u00e3o por causa do desabastecimento da vacina B19 em todo o pa\u00eds. Nesta etapa, devem ser vacinadas todas as f\u00eameas bovinas e bubalinas de tr\u00eas a oito meses de idade, informa em comunicado a Coordenadoria de Defesa Agropecu\u00e1ria (CDA) da Secretaria de Agricultura e Abastecimento do Estado. Confira na palma da m\u00e3o informa\u00e7\u00f5es quentes sobre agricultura, pecu\u00e1ria, economia e previs\u00e3o do tempo: siga o Canal Rural no WhatsApp! Al\u00e9m do prazo para vacina\u00e7\u00e3o, o per\u00edodo para o produtor declarar a vacina\u00e7\u00e3o no sistema de Gest\u00e3o de Defesa Animal e Vegetal (Gedave) tamb\u00e9m foi prorrogado e vai at\u00e9 6 de setembro. Segundo a secretaria, a vacina\u00e7\u00e3o deve ser feita por um veterin\u00e1rio cadastrado que, al\u00e9m de garantir a correta aplica\u00e7\u00e3o do imunizante, fornece o atestado de vacina\u00e7\u00e3o ao produtor. A rela\u00e7\u00e3o dos veterin\u00e1rios cadastrados na Defesa Agropecu\u00e1ria para realizar a vacina\u00e7\u00e3o em diversos munic\u00edpios do Estado de S\u00e3o Paulo est\u00e1 dispon\u00edvel em https:\/\/www.defesa.agricultura.sp.gov.br\/credenciados\/. A emiss\u00e3o do atestado de vacina\u00e7\u00e3o contra brucelose pelo veterin\u00e1rio cadastrado n\u00e3o dispensa a obrigatoriedade da declara\u00e7\u00e3o da vacina\u00e7\u00e3o. Atualiza\u00e7\u00e3o dos rebanhos Ap\u00f3s o fim da obrigatoriedade da vacina\u00e7\u00e3o contra a febre aftosa no Estado de S\u00e3o Paulo, o produtor rural passou, tamb\u00e9m em car\u00e1ter obrigat\u00f3rio, a ter que atualizar seus rebanhos no Gedave. Os propriet\u00e1rios t\u00eam at\u00e9 dia 6 de setembro para declarar todas as esp\u00e9cies, al\u00e9m dos bov\u00eddeos, presentes em suas propriedades. O post Campanha de vacina\u00e7\u00e3o contra brucelose termina em 31 de agosto em SP apareceu primeiro em Canal Rural.<\/p>\n","protected":false},"author":0,"featured_media":1480,"comment_status":"open","ping_status":"open","sticky":false,"template":"","format":"standard","meta":{"_monsterinsights_skip_tracking":false,"_monsterinsights_sitenote_active":false,"_monsterinsights_sitenote_note":"","_monsterinsights_sitenote_category":0,"footnotes":""},"categories":[1],"tags":[],"class_list":["post-1479","post","type-post","status-publish","format-standard","has-post-thumbnail","hentry","category-agronegocio"],"_links":{"self":[{"href":"https:\/\/senhorafrutta.com.br\/index.php\/wp-json\/wp\/v2\/posts\/1479","targetHints":{"allow":["GET"]}}],"collection":[{"href":"https:\/\/senhorafrutta.com.br\/index.php\/wp-json\/wp\/v2\/posts"}],"about":[{"href":"https:\/\/senhorafrutta.com.br\/index.php\/wp-json\/wp\/v2\/types\/post"}],"replies":[{"embeddable":true,"href":"https:\/\/senhorafrutta.com.br\/index.php\/wp-json\/wp\/v2\/comments?post=1479"}],"version-history":[{"count":0,"href":"https:\/\/senhorafrutta.com.br\/index.php\/wp-json\/wp\/v2\/posts\/1479\/revisions"}],"wp:featuredmedia":[{"embeddable":true,"href":"https:\/\/senhorafrutta.com.br\/index.php\/wp-json\/wp\/v2\/media\/1480"}],"wp:attachment":[{"href":"https:\/\/senhorafrutta.com.br\/index.php\/wp-json\/wp\/v2\/media?parent=1479"}],"wp:term":[{"taxonomy":"category","embeddable":true,"href":"https:\/\/senhorafrutta.com.br\/index.php\/wp-json\/wp\/v2\/categories?post=1479"},{"taxonomy":"post_tag","embeddable":true,"href":"https:\/\/senhorafrutta.com.br\/index.php\/wp-json\/wp\/v2\/tags?post=1479"}],"curies":[{"name":"wp","href":"https:\/\/api.w.org\/{rel}","templated":true}]}}