{"id":1463,"date":"2024-08-21T17:32:22","date_gmt":"2024-08-21T17:32:22","guid":{"rendered":"https:\/\/senhorafrutta.com.br\/index.php\/2024\/08\/21\/prazo-para-contestar-questoes-e-gabaritos-do-enem-dos-concursos-termina-nesta-quarta\/"},"modified":"2024-08-21T17:32:22","modified_gmt":"2024-08-21T17:32:22","slug":"prazo-para-contestar-questoes-e-gabaritos-do-enem-dos-concursos-termina-nesta-quarta","status":"publish","type":"post","link":"https:\/\/senhorafrutta.com.br\/index.php\/2024\/08\/21\/prazo-para-contestar-questoes-e-gabaritos-do-enem-dos-concursos-termina-nesta-quarta\/","title":{"rendered":"Prazo para contestar quest\u00f5es e gabaritos do \u2018Enem dos Concursos\u2019 termina nesta quarta"},"content":{"rendered":"<div>Foto: Paulo Pinto\/Ag\u00eancia Brasil<\/div>\n<p>Os candidatos do Concurso P\u00fablico Nacional Unificado (CPNU) que quiserem contestar alguma quest\u00e3o da prova objetiva (de m\u00faltipla escolha) ou que discordarem do gabarito oficial preliminar,\u00a0<a href=\"https:\/\/agenciabrasil.ebc.com.br\/geral\/noticia\/2024-08\/governo-divulga-gabarito-oficial-preliminar-do-cnu\" target=\"_blank\" rel=\"noopener\">divulgado pelo Minist\u00e9rio da Gest\u00e3o e da Inova\u00e7\u00e3o em Servi\u00e7os P\u00fablicos (MGI)<\/a>, t\u00eam at\u00e9 esta quarta-feira (21) para entrar com recurso.<\/p>\n<p><em>Confira na palma da m\u00e3o informa\u00e7\u00f5es quentes sobre agricultura, pecu\u00e1ria, economia e previs\u00e3o do tempo:<\/em><a href=\"https:\/\/www.whatsapp.com\/channel\/0029Va9VnZxGk1FplZjiW43k\"><em> <\/em>siga o Canal Rural no WhatsApp<\/a>!<\/p>\n<h2 class=\"wp-block-heading\">Passo a passo<\/h2>\n<p>Os recursos dever\u00e3o ser apresentados de forma\u00a0<em>online<\/em>, na\u00a0<a href=\"https:\/\/www.gov.br\/gestao\/pt-br\/concursonacional\/\" target=\"_blank\" rel=\"noopener\">p\u00e1gina oficial do Concurso Nacional P\u00fablico Unificado<\/a>, acessando a \u00c1rea do Candidato, por meio do portal \u00fanico de servi\u00e7os digitais do governo federal, o\u00a0<em>site<\/em>\u00a0Gov.br. \u00c9 preciso informar o\u00a0Cadastro de Pessoas F\u00edsicas (CPF) e senha cadastrados. A p\u00e1gina \u00e9 a mesma onde o candidato fez a inscri\u00e7\u00e3o.<\/p>\n<p>De acordo com os\u00a0<a href=\"https:\/\/www.gov.br\/gestao\/pt-br\/concursonacional\/editais\/editais\" target=\"_blank\" rel=\"noopener\">editais<\/a>\u00a0dos oito blocos tem\u00e1ticos do concurso unificado\u00a0, n\u00e3o ser\u00e3o aceitos recursos pelo\u00a0correio, por\u00a0<em>e-mail<\/em>, por\u00a0<em>fax<\/em>\u00a0ou fora do prazo estabelecido em edital (20 e 21 de agosto).<\/p>\n<p>O recurso deve apresentar uma argumenta\u00e7\u00e3o devidamente fundamentada. Outra norma prevista \u00e9 que o candidato n\u00e3o dever\u00e1 se identificar durante a solicita\u00e7\u00e3o de recurso. Em caso de qualquer sinal que, de alguma forma, possibilite a identifica\u00e7\u00e3o do candidato, o recurso ser\u00e1 indeferido, independentemente da proced\u00eancia, ou seja, de quem ingressou com o pedido.<\/p>\n<p>O Minist\u00e9rio da Gest\u00e3o e a banca organizadora do processo seletivo, a Funda\u00e7\u00e3o Cesgranrio, avisam que n\u00e3o arcar\u00e3o com preju\u00edzos causados por problemas de ordem t\u00e9cnica, como falhas em computadores, de comunica\u00e7\u00e3o, de congestionamento das linhas de comunica\u00e7\u00e3o e quaisquer fatores, de responsabilidade do candidato.<\/p>\n<p>Os recursos aceitos pela organiza\u00e7\u00e3o ser\u00e3o conhecidos coletivamente, quando forem divulgados os resultados finais das provas objetivas, em 8 de outubro, conforme cronograma oficial.<\/p>\n<p>Os pontos relativos \u00e0s quest\u00f5es anuladas ser\u00e3o atribu\u00eddos a todos os candidatos que realizaram as provas objetivas.<\/p>\n<h2 class=\"wp-block-heading\">Outros recursos<\/h2>\n<p>Al\u00e9m de poder contestar quest\u00f5es e gabaritos das provas objetivas, os candidatos podem entrar com recursos se n\u00e3o concordarem com a nota da prova discursiva (escrita), da avalia\u00e7\u00e3o de t\u00edtulos ou discordarem do resultado da verifica\u00e7\u00e3o de documentos, para quem concorre \u00e0s vagas por cotas.<\/p>\n<p><strong>a)\u00a0 \u00a0 \u00a0 Discursiva<\/strong><\/p>\n<p>A imagem digital de cada prova discursiva (escrita) corrigida ser\u00e1 disponibilizada na mesma \u00e1rea do candidato, na\u00a0<a href=\"https:\/\/cpnu.cesgranrio.org.br\/login\" target=\"_blank\" rel=\"noopener\">p\u00e1gina do certame<\/a>, em 8 de outubro. Os candidatos poder\u00e3o solicitar revis\u00e3o da nota atribu\u00edda ao texto nos dias 8 e 9 de outubro. O pedido deve ser enviado \u00e0 Funda\u00e7\u00e3o Cesgranrio, conforme orienta\u00e7\u00e3o dispon\u00edvel no<a href=\"https:\/\/www.gov.br\/gestao\/pt-br\/concursonacional\/\" target=\"_blank\" rel=\"noopener\">\u00a0<em>site<\/em>\u00a0do concurso unificado<\/a>. A nota do candidato poder\u00e1 ser mantida, aumentada ou diminu\u00edda.\u00a0A divulga\u00e7\u00e3o dos pedidos considerados v\u00e1lidos para revis\u00e3o das notas da prova discursiva ocorrer\u00e1 em 17 de outubro, no\u00a0<em>site<\/em>\u00a0do concurso.<\/p>\n<p><strong>b)\u00a0 \u00a0 \u00a0T\u00edtulos<\/strong><\/p>\n<p>Pelo cronograma do concurso, os candidatos convocados para etapa classificat\u00f3ria de envio de t\u00edtulos acad\u00eamicos devem anexar virtualmente a documenta\u00e7\u00e3o, nos dias 9 e 10 de outubro de 2024.\u00a0A prova de t\u00edtulos pode atribuir pontos adicionais aos candidatos que demonstram maior especializa\u00e7\u00e3o acad\u00eamica ou profissional para o cargo que pretendem ocupar. A banca examinadora seleciona os candidatos que est\u00e3o mais bem preparados, do ponto de vista de forma\u00e7\u00e3o educacional e profissional.<\/p>\n<p>Aqueles candidatos que n\u00e3o concordarem com o resultado da avalia\u00e7\u00e3o de t\u00edtulos e experi\u00eancia ter\u00e3o os dias 4 e\u00a05 de novembro para recorrer da nota atribu\u00edda. Em 19 de novembro, ser\u00e1 divulgado o resultado dos pedidos de revis\u00e3o do resultado. A banca examinadora \u00e9 a \u00faltima inst\u00e2ncia para recurso ou revis\u00e3o, sendo soberana em suas decis\u00f5es. Por isso, n\u00e3o caber\u00e3o recursos ou revis\u00f5es adicionais.<\/p>\n<p><strong>c)\u00a0 \u00a0 \u00a0 \u00a0Cotas<\/strong><\/p>\n<p>Em 13 de novembro, ser\u00e3o divulgados os resultados preliminares da avalia\u00e7\u00e3o da veracidade da autodeclara\u00e7\u00e3o, prestada no ato de inscri\u00e7\u00e3o, por candidatos concorrentes \u00e0s vagas reservadas a negros e ind\u00edgenas e da avalia\u00e7\u00e3o biopsicossocial dos candidatos com defici\u00eancia.<\/p>\n<p>Sobre recursos referentes \u00e0s avalia\u00e7\u00f5es indeferidas dos candidatos desses p\u00fablicos, o prazo \u00e9 dias\u00a013 e 14 de novembro, no\u00a0<a href=\"https:\/\/www.gov.br\/gestao\/pt-br\/concursonacional\/\" target=\"_blank\" rel=\"noopener\"><em>site<\/em>\u00a0do processo seletivo<\/a>.<\/p>\n<p>Os recursos de pessoas negras ser\u00e3o analisados por um comit\u00ea recursal da Funda\u00e7\u00e3o Cesgranrio composto por tr\u00eas a cinco membros da Comiss\u00e3o de Heteroidentifica\u00e7\u00e3o da institui\u00e7\u00e3o, que trabalha para que n\u00e3o haja fraudes nas cotas do chamado Enem dos Concursos.<\/p>\n<p>O candidato autodeclarado negro que n\u00e3o tiver a situa\u00e7\u00e3o confirmada ir\u00e1 concorrer a vagas destinadas \u00e0 ampla concorr\u00eancia, desde que possua, em cada fase anterior do certame, nota ou pontua\u00e7\u00e3o suficiente para prosseguir.<\/p>\n<p>Nos casos das pessoas com defici\u00eancia (PCD) em que o parecer preliminar da equipe multiprofissional avaliar que a\u00a0situa\u00e7\u00e3o n\u00e3o \u00e9 caracterizada, elas poder\u00e3o solicitar recurso contra o resultado.<\/p>\n<p>O edital diz que, em caso de n\u00e3o confirma\u00e7\u00e3o da defici\u00eancia, o candidato concorrer\u00e1 na listagem geral, com os demais candidatos da ampla concorr\u00eancia.<\/p>\n<p>Os recursos de candidatos ind\u00edgenas para nova verifica\u00e7\u00e3o da documenta\u00e7\u00e3o que comprove a origem do candidato ser\u00e3o analisados por um comit\u00ea recursal, composto por tr\u00eas membros, preferencialmente ind\u00edgenas.<\/p>\n<p>A previs\u00e3o de divulga\u00e7\u00e3o dos resultados finais do CNPU \u00e9 21 de novembro.<\/p>\n<p>O post <a href=\"https:\/\/www.canalrural.com.br\/nacional\/prazo-para-contestar-questoes-e-gabaritos-do-enem-dos-concursos-termina-nesta-quarta\/\">Prazo para contestar quest\u00f5es e gabaritos do \u2018Enem dos Concursos\u2019 termina nesta quarta<\/a> apareceu primeiro em <a href=\"https:\/\/www.canalrural.com.br\/\">Canal Rural<\/a>.<\/p>","protected":false},"excerpt":{"rendered":"<p>Foto: Paulo Pinto\/Ag\u00eancia Brasil Os candidatos do Concurso P\u00fablico Nacional Unificado (CPNU) que quiserem contestar alguma quest\u00e3o da prova objetiva (de m\u00faltipla escolha) ou que discordarem do gabarito oficial preliminar,\u00a0divulgado pelo Minist\u00e9rio da Gest\u00e3o e da Inova\u00e7\u00e3o em Servi\u00e7os P\u00fablicos (MGI), t\u00eam at\u00e9 esta quarta-feira (21) para entrar com recurso. Confira na palma da m\u00e3o informa\u00e7\u00f5es quentes sobre agricultura, pecu\u00e1ria, economia e previs\u00e3o do tempo: siga o Canal Rural no WhatsApp! Passo a passo Os recursos dever\u00e3o ser apresentados de forma\u00a0online, na\u00a0p\u00e1gina oficial do Concurso Nacional P\u00fablico Unificado, acessando a \u00c1rea do Candidato, por meio do portal \u00fanico de servi\u00e7os digitais do governo federal, o\u00a0site\u00a0Gov.br. \u00c9 preciso informar o\u00a0Cadastro de Pessoas F\u00edsicas (CPF) e senha cadastrados. A p\u00e1gina \u00e9 a mesma onde o candidato fez a inscri\u00e7\u00e3o. De acordo com os\u00a0editais\u00a0dos oito blocos tem\u00e1ticos do concurso unificado\u00a0, n\u00e3o ser\u00e3o aceitos recursos pelo\u00a0correio, por\u00a0e-mail, por\u00a0fax\u00a0ou fora do prazo estabelecido em edital (20 e 21 de agosto). O recurso deve apresentar uma argumenta\u00e7\u00e3o devidamente fundamentada. Outra norma prevista \u00e9 que o candidato n\u00e3o dever\u00e1 se identificar durante a solicita\u00e7\u00e3o de recurso. Em caso de qualquer sinal que, de alguma forma, possibilite a identifica\u00e7\u00e3o do candidato, o recurso ser\u00e1 indeferido, independentemente da proced\u00eancia, ou seja, de quem ingressou com o pedido. O Minist\u00e9rio da Gest\u00e3o e a banca organizadora do processo seletivo, a Funda\u00e7\u00e3o Cesgranrio, avisam que n\u00e3o arcar\u00e3o com preju\u00edzos causados por problemas de ordem t\u00e9cnica, como falhas em computadores, de comunica\u00e7\u00e3o, de congestionamento das linhas de comunica\u00e7\u00e3o e quaisquer fatores, de responsabilidade do candidato. Os recursos aceitos pela organiza\u00e7\u00e3o ser\u00e3o conhecidos coletivamente, quando forem divulgados os resultados finais das provas objetivas, em 8 de outubro, conforme cronograma oficial. Os pontos relativos \u00e0s quest\u00f5es anuladas ser\u00e3o atribu\u00eddos a todos os candidatos que realizaram as provas objetivas. Outros recursos Al\u00e9m de poder contestar quest\u00f5es e gabaritos das provas objetivas, os candidatos podem entrar com recursos se n\u00e3o concordarem com a nota da prova discursiva (escrita), da avalia\u00e7\u00e3o de t\u00edtulos ou discordarem do resultado da verifica\u00e7\u00e3o de documentos, para quem concorre \u00e0s vagas por cotas. a)\u00a0 \u00a0 \u00a0 Discursiva A imagem digital de cada prova discursiva (escrita) corrigida ser\u00e1 disponibilizada na mesma \u00e1rea do candidato, na\u00a0p\u00e1gina do certame, em 8 de outubro. Os candidatos poder\u00e3o solicitar revis\u00e3o da nota atribu\u00edda ao texto nos dias 8 e 9 de outubro. O pedido deve ser enviado \u00e0 Funda\u00e7\u00e3o Cesgranrio, conforme orienta\u00e7\u00e3o dispon\u00edvel no\u00a0site\u00a0do concurso unificado. A nota do candidato poder\u00e1 ser mantida, aumentada ou diminu\u00edda.\u00a0A divulga\u00e7\u00e3o dos pedidos considerados v\u00e1lidos para revis\u00e3o das notas da prova discursiva ocorrer\u00e1 em 17 de outubro, no\u00a0site\u00a0do concurso. b)\u00a0 \u00a0 \u00a0T\u00edtulos Pelo cronograma do concurso, os candidatos convocados para etapa classificat\u00f3ria de envio de t\u00edtulos acad\u00eamicos devem anexar virtualmente a documenta\u00e7\u00e3o, nos dias 9 e 10 de outubro de 2024.\u00a0A prova de t\u00edtulos pode atribuir pontos adicionais aos candidatos que demonstram maior especializa\u00e7\u00e3o acad\u00eamica ou profissional para o cargo que pretendem ocupar. A banca examinadora seleciona os candidatos que est\u00e3o mais bem preparados, do ponto de vista de forma\u00e7\u00e3o educacional e profissional. Aqueles candidatos que n\u00e3o concordarem com o resultado da avalia\u00e7\u00e3o de t\u00edtulos e experi\u00eancia ter\u00e3o os dias 4 e\u00a05 de novembro para recorrer da nota atribu\u00edda. Em 19 de novembro, ser\u00e1 divulgado o resultado dos pedidos de revis\u00e3o do resultado. A banca examinadora \u00e9 a \u00faltima inst\u00e2ncia para recurso ou revis\u00e3o, sendo soberana em suas decis\u00f5es. Por isso, n\u00e3o caber\u00e3o recursos ou revis\u00f5es adicionais. c)\u00a0 \u00a0 \u00a0 \u00a0Cotas Em 13 de novembro, ser\u00e3o divulgados os resultados preliminares da avalia\u00e7\u00e3o da veracidade da autodeclara\u00e7\u00e3o, prestada no ato de inscri\u00e7\u00e3o, por candidatos concorrentes \u00e0s vagas reservadas a negros e ind\u00edgenas e da avalia\u00e7\u00e3o biopsicossocial dos candidatos com defici\u00eancia. Sobre recursos referentes \u00e0s avalia\u00e7\u00f5es indeferidas dos candidatos desses p\u00fablicos, o prazo \u00e9 dias\u00a013 e 14 de novembro, no\u00a0site\u00a0do processo seletivo. Os recursos de pessoas negras ser\u00e3o analisados por um comit\u00ea recursal da Funda\u00e7\u00e3o Cesgranrio composto por tr\u00eas a cinco membros da Comiss\u00e3o de Heteroidentifica\u00e7\u00e3o da institui\u00e7\u00e3o, que trabalha para que n\u00e3o haja fraudes nas cotas do chamado Enem dos Concursos. O candidato autodeclarado negro que n\u00e3o tiver a situa\u00e7\u00e3o confirmada ir\u00e1 concorrer a vagas destinadas \u00e0 ampla concorr\u00eancia, desde que possua, em cada fase anterior do certame, nota ou pontua\u00e7\u00e3o suficiente para prosseguir. Nos casos das pessoas com defici\u00eancia (PCD) em que o parecer preliminar da equipe multiprofissional avaliar que a\u00a0situa\u00e7\u00e3o n\u00e3o \u00e9 caracterizada, elas poder\u00e3o solicitar recurso contra o resultado. O edital diz que, em caso de n\u00e3o confirma\u00e7\u00e3o da defici\u00eancia, o candidato concorrer\u00e1 na listagem geral, com os demais candidatos da ampla concorr\u00eancia. Os recursos de candidatos ind\u00edgenas para nova verifica\u00e7\u00e3o da documenta\u00e7\u00e3o que comprove a origem do candidato ser\u00e3o analisados por um comit\u00ea recursal, composto por tr\u00eas membros, preferencialmente ind\u00edgenas. A previs\u00e3o de divulga\u00e7\u00e3o dos resultados finais do CNPU \u00e9 21 de novembro. O post Prazo para contestar quest\u00f5es e gabaritos do \u2018Enem dos Concursos\u2019 termina nesta quarta apareceu primeiro em Canal Rural.<\/p>\n","protected":false},"author":0,"featured_media":1464,"comment_status":"open","ping_status":"open","sticky":false,"template":"","format":"standard","meta":{"_monsterinsights_skip_tracking":false,"_monsterinsights_sitenote_active":false,"_monsterinsights_sitenote_note":"","_monsterinsights_sitenote_category":0,"footnotes":""},"categories":[1],"tags":[],"class_list":["post-1463","post","type-post","status-publish","format-standard","has-post-thumbnail","hentry","category-agronegocio"],"_links":{"self":[{"href":"https:\/\/senhorafrutta.com.br\/index.php\/wp-json\/wp\/v2\/posts\/1463","targetHints":{"allow":["GET"]}}],"collection":[{"href":"https:\/\/senhorafrutta.com.br\/index.php\/wp-json\/wp\/v2\/posts"}],"about":[{"href":"https:\/\/senhorafrutta.com.br\/index.php\/wp-json\/wp\/v2\/types\/post"}],"replies":[{"embeddable":true,"href":"https:\/\/senhorafrutta.com.br\/index.php\/wp-json\/wp\/v2\/comments?post=1463"}],"version-history":[{"count":0,"href":"https:\/\/senhorafrutta.com.br\/index.php\/wp-json\/wp\/v2\/posts\/1463\/revisions"}],"wp:featuredmedia":[{"embeddable":true,"href":"https:\/\/senhorafrutta.com.br\/index.php\/wp-json\/wp\/v2\/media\/1464"}],"wp:attachment":[{"href":"https:\/\/senhorafrutta.com.br\/index.php\/wp-json\/wp\/v2\/media?parent=1463"}],"wp:term":[{"taxonomy":"category","embeddable":true,"href":"https:\/\/senhorafrutta.com.br\/index.php\/wp-json\/wp\/v2\/categories?post=1463"},{"taxonomy":"post_tag","embeddable":true,"href":"https:\/\/senhorafrutta.com.br\/index.php\/wp-json\/wp\/v2\/tags?post=1463"}],"curies":[{"name":"wp","href":"https:\/\/api.w.org\/{rel}","templated":true}]}}