{"id":1459,"date":"2024-08-21T21:29:22","date_gmt":"2024-08-21T21:29:22","guid":{"rendered":"https:\/\/senhorafrutta.com.br\/index.php\/2024\/08\/21\/cavalo-cai-em-sepultura-e-e-resgatado-em-cemiterio-por-bombeiros\/"},"modified":"2024-08-21T21:29:22","modified_gmt":"2024-08-21T21:29:22","slug":"cavalo-cai-em-sepultura-e-e-resgatado-em-cemiterio-por-bombeiros","status":"publish","type":"post","link":"https:\/\/senhorafrutta.com.br\/index.php\/2024\/08\/21\/cavalo-cai-em-sepultura-e-e-resgatado-em-cemiterio-por-bombeiros\/","title":{"rendered":"Cavalo cai em sepultura e \u00e9 resgatado em cemit\u00e9rio por bombeiros"},"content":{"rendered":"<div>Foto: Corpo de Bombeiros\/RS<\/div>\n<p>Na manh\u00e3 desta quarta-feira (21), um cavalo foi resgatado de uma sepultura no Cemit\u00e9rio Cat\u00f3lico do bairro S\u00e3o Jo\u00e3o, no munic\u00edpio de Dois Irm\u00e3os (RS). O animal foi descoberto por volta das 8h30 por uma moradora local, que acionou o socorro.<\/p>\n<p><em>Confira na palma da m\u00e3o informa\u00e7\u00f5es quentes sobre agricultura, pecu\u00e1ria, economia\u00a0e previs\u00e3o do tempo:<\/em><strong> <\/strong><a href=\"https:\/\/www.whatsapp.com\/channel\/0029Va9VnZxGk1FplZjiW43k\"><strong>Siga o Canal Rural no WhatsApp<\/strong><\/a>!<\/p>\n<p>O <strong><a href=\"http:\/\/www.canalrural.com.br\/tag\/corpo-de-bombeiros\/\">Corpo de Bombeiros<\/a><\/strong>, com o apoio da prefeitura, conduziu a opera\u00e7\u00e3o de resgate, que contou com a participa\u00e7\u00e3o do propriet\u00e1rio do cavalo, um jovem de 15 anos. <\/p>\n<p>O rapaz explicou que o animal estava amarrado em um terreno pr\u00f3ximo ao cemit\u00e9rio e provavelmente se soltou durante a madrugada. Ao andar pelo cemit\u00e9rio, pisou na tampa da cova  e caiu dentro da cova. O tempo exato que ele permaneceu preso na sepultura ainda \u00e9 desconhecido.<\/p>\n<p>A opera\u00e7\u00e3o, que durou cerca de duas horas, utilizou uma retroescavadeira para retirar o cavalo, que ficou agitado durante o processo. A atua\u00e7\u00e3o dos bombeiros para acalmar o animal foi essencial para o sucesso do resgate, informou a corpora\u00e7\u00e3o.<\/p>\n<p>Segundo informa\u00e7\u00f5es dos bombeiros, o t\u00famulo em que o cavalo caiu era novo e n\u00e3o havia corpo no local. <\/p>\n<p>O post <a href=\"https:\/\/www.canalrural.com.br\/diversos\/cavalo-cai-em-sepultura-e-e-resgatado-em-cemiterio-por-bombeiros\/\">Cavalo cai em sepultura e \u00e9 resgatado em cemit\u00e9rio por bombeiros<\/a> apareceu primeiro em <a href=\"https:\/\/www.canalrural.com.br\/\">Canal Rural<\/a>.<\/p>","protected":false},"excerpt":{"rendered":"<p>Foto: Corpo de Bombeiros\/RS Na manh\u00e3 desta quarta-feira (21), um cavalo foi resgatado de uma sepultura no Cemit\u00e9rio Cat\u00f3lico do bairro S\u00e3o Jo\u00e3o, no munic\u00edpio de Dois Irm\u00e3os (RS). O animal foi descoberto por volta das 8h30 por uma moradora local, que acionou o socorro. Confira na palma da m\u00e3o informa\u00e7\u00f5es quentes sobre agricultura, pecu\u00e1ria, economia\u00a0e previs\u00e3o do tempo: Siga o Canal Rural no WhatsApp! O Corpo de Bombeiros, com o apoio da prefeitura, conduziu a opera\u00e7\u00e3o de resgate, que contou com a participa\u00e7\u00e3o do propriet\u00e1rio do cavalo, um jovem de 15 anos. O rapaz explicou que o animal estava amarrado em um terreno pr\u00f3ximo ao cemit\u00e9rio e provavelmente se soltou durante a madrugada. Ao andar pelo cemit\u00e9rio, pisou na tampa da cova e caiu dentro da cova. O tempo exato que ele permaneceu preso na sepultura ainda \u00e9 desconhecido. A opera\u00e7\u00e3o, que durou cerca de duas horas, utilizou uma retroescavadeira para retirar o cavalo, que ficou agitado durante o processo. A atua\u00e7\u00e3o dos bombeiros para acalmar o animal foi essencial para o sucesso do resgate, informou a corpora\u00e7\u00e3o. Segundo informa\u00e7\u00f5es dos bombeiros, o t\u00famulo em que o cavalo caiu era novo e n\u00e3o havia corpo no local. O post Cavalo cai em sepultura e \u00e9 resgatado em cemit\u00e9rio por bombeiros apareceu primeiro em Canal Rural.<\/p>\n","protected":false},"author":0,"featured_media":1460,"comment_status":"open","ping_status":"open","sticky":false,"template":"","format":"standard","meta":{"_monsterinsights_skip_tracking":false,"_monsterinsights_sitenote_active":false,"_monsterinsights_sitenote_note":"","_monsterinsights_sitenote_category":0,"footnotes":""},"categories":[1],"tags":[],"class_list":["post-1459","post","type-post","status-publish","format-standard","has-post-thumbnail","hentry","category-agronegocio"],"_links":{"self":[{"href":"https:\/\/senhorafrutta.com.br\/index.php\/wp-json\/wp\/v2\/posts\/1459","targetHints":{"allow":["GET"]}}],"collection":[{"href":"https:\/\/senhorafrutta.com.br\/index.php\/wp-json\/wp\/v2\/posts"}],"about":[{"href":"https:\/\/senhorafrutta.com.br\/index.php\/wp-json\/wp\/v2\/types\/post"}],"replies":[{"embeddable":true,"href":"https:\/\/senhorafrutta.com.br\/index.php\/wp-json\/wp\/v2\/comments?post=1459"}],"version-history":[{"count":0,"href":"https:\/\/senhorafrutta.com.br\/index.php\/wp-json\/wp\/v2\/posts\/1459\/revisions"}],"wp:featuredmedia":[{"embeddable":true,"href":"https:\/\/senhorafrutta.com.br\/index.php\/wp-json\/wp\/v2\/media\/1460"}],"wp:attachment":[{"href":"https:\/\/senhorafrutta.com.br\/index.php\/wp-json\/wp\/v2\/media?parent=1459"}],"wp:term":[{"taxonomy":"category","embeddable":true,"href":"https:\/\/senhorafrutta.com.br\/index.php\/wp-json\/wp\/v2\/categories?post=1459"},{"taxonomy":"post_tag","embeddable":true,"href":"https:\/\/senhorafrutta.com.br\/index.php\/wp-json\/wp\/v2\/tags?post=1459"}],"curies":[{"name":"wp","href":"https:\/\/api.w.org\/{rel}","templated":true}]}}